{"id":129522,"date":"2021-02-17T13:09:38","date_gmt":"2021-02-17T10:09:38","guid":{"rendered":"https:\/\/www.enerjigazetesi.ist\/?p=129522"},"modified":"2021-02-17T13:10:05","modified_gmt":"2021-02-17T10:10:05","slug":"baymak-ta-stratejik-atama-yapildi","status":"publish","type":"post","link":"https:\/\/www.enerjigazetesi.ist\/en\/baymak-ta-stratejik-atama-yapildi\/","title":{"rendered":"(Turkish) Baymak\u2019ta &#8216;Stratejik&#8217; Atama Yap\u0131ld\u0131"},"content":{"rendered":"<p class=\"qtranxs-available-languages-message qtranxs-available-languages-message-en\">Sorry, this entry is only available in <a href=\"https:\/\/www.enerjigazetesi.ist\/tr\/wp-json\/wp\/v2\/posts\/129522\" class=\"qtranxs-available-language-link qtranxs-available-language-link-tr\" title=\"Turkish\">Turkish<\/a>. For the sake of viewer convenience, the content is shown below in the alternative language. You may click the link to switch the active language.<\/p><p><\/p>\n<h1><strong>T\u00fcrkiye iklimlendirme sekt\u00f6r\u00fcn\u00fcn \u00f6nc\u00fc markas\u0131 Baymak\u2019\u0131n Stratejik Pazarlama M\u00fcd\u00fcr\u00fc Ece Saliho\u011flu oldu.<\/strong><\/h1>\n<p>Yar\u0131m asr\u0131 a\u015fk\u0131n k\u00f6kl\u00fc ge\u00e7mi\u015fiyle T\u00fcrkiye <strong>iklimlendirme sekt\u00f6r\u00fcn\u00fcn<\/strong> \u00f6nc\u00fc ismi olan <strong>Baymak<\/strong>\u2019ta Stratejik Pazarlama M\u00fcd\u00fcrl\u00fc\u011f\u00fcne <strong>Ece Saliho\u011flu<\/strong> getirildi. <strong>Kas\u0131m 2017\u2019den g\u00fcn\u00fcm\u00fcze<\/strong> Baymak\u2019ta <strong>pazarlama<\/strong> ve <strong>marka<\/strong> alan\u0131nda ba\u015far\u0131l\u0131 \u00e7al\u0131\u015fmalara imza atan Saliho\u011flu, yeni g\u00f6revinde<strong> Baymak<\/strong> ve <img loading=\"lazy\" class=\"alignright wp-image-129524\" src=\"https:\/\/www.enerjigazetesi.ist\/wp-content\/uploads\/2021\/02\/baymak-ta-stratejik-atama-yapildi-2.jpg\" alt=\"\" width=\"320\" height=\"383\" srcset=\"https:\/\/www.enerjigazetesi.ist\/wp-content\/uploads\/2021\/02\/baymak-ta-stratejik-atama-yapildi-2.jpg 550w, https:\/\/www.enerjigazetesi.ist\/wp-content\/uploads\/2021\/02\/baymak-ta-stratejik-atama-yapildi-2-251x300.jpg 251w, https:\/\/www.enerjigazetesi.ist\/wp-content\/uploads\/2021\/02\/baymak-ta-stratejik-atama-yapildi-2-334x400.jpg 334w, https:\/\/www.enerjigazetesi.ist\/wp-content\/uploads\/2021\/02\/baymak-ta-stratejik-atama-yapildi-2-42x50.jpg 42w, https:\/\/www.enerjigazetesi.ist\/wp-content\/uploads\/2021\/02\/baymak-ta-stratejik-atama-yapildi-2-500x598.jpg 500w\" sizes=\"(max-width: 320px) 100vw, 320px\" \/><strong>BDR Thermea Group<\/strong>\u2019un di\u011fer <strong>marka stratejilerinin belirlenmesi<\/strong>nde ve <strong>pazarlama faaliyetlerinin koordinasyonu<\/strong>nda kilit rol \u00fcstlenecek.<\/p>\n<h2><strong>ECE SAL\u0130HO\u011eLU K\u0130MD\u0130R?<\/strong><\/h2>\n<p><em>Sabanc\u0131 \u00dcniversitesi End\u00fcstri M\u00fchendisli\u011fi b\u00f6l\u00fcm\u00fcnden 2013 y\u0131l\u0131nda mezun olan Ece Saliho\u011flu, y\u00fcksek lisans\u0131n\u0131 2014 y\u0131l\u0131nda \u0130ngiltere\u2019de Warwick \u00dcniversitesi\u2019nde M\u00fchendislik \u0130\u015fletme Y\u00f6netimi alan\u0131nda tamamlad\u0131. Kariyer yolculu\u011funa \u00f6\u011frencilik y\u0131llar\u0131nda ba\u015flayan Saliho\u011flu, s\u0131ras\u0131yla Biesterfeld International GmbH, Mercedes Benz-T\u00fcrk A\u015e, BSH Ev Aletleri San. ve Tic. A\u015e ve BP Petrolleri A\u015e\u2019de stajyer olarak g\u00f6rev ald\u0131. \u00c7al\u0131\u015fma hayat\u0131na 2013-2014 y\u0131llar\u0131 aras\u0131nda \u0130ngiltere\u2019de Hollister Co\u2019da Pazarlama Sorumlusu olarak devam eden Saliho\u011flu, yakla\u015f\u0131k 3 y\u0131l boyunca Pa\u015fabah\u00e7e San. ve Tic. A\u015e\u2019de Stratejik Planlama alan\u0131nda \u00e7e\u015fitli g\u00f6revler \u00fcstlendi. \u00a02017 y\u0131l\u0131n\u0131n Kas\u0131m ay\u0131nda Baymak\u2019a Pazarlama Uzman\u0131 olarak kat\u0131lan Saliho\u011flu, 2019 y\u0131l\u0131n\u0131n Ocak ay\u0131nda Marka Y\u00f6neticili\u011fine atand\u0131. Saliho\u011flu, \u015eubat 2021 itibar\u0131yla g\u00f6revine Stratejik Pazarlama M\u00fcd\u00fcr\u00fc olarak devam edecek.<\/em><\/p>","protected":false},"excerpt":{"rendered":"<p>Sorry, this entry is only available in Turkish. For the sake of viewer convenience, the content is shown below in the alternative language. You may click the link to switch the active language. T\u00fcrkiye iklimlendirme sekt\u00f6r\u00fcn\u00fcn \u00f6nc\u00fc markas\u0131 Baymak\u2019\u0131n Stratejik Pazarlama M\u00fcd\u00fcr\u00fc Ece Saliho\u011flu oldu. Yar\u0131m asr\u0131 a\u015fk\u0131n k\u00f6kl\u00fc ge\u00e7mi\u015fiyle T\u00fcrkiye iklimlendirme sekt\u00f6r\u00fcn\u00fcn \u00f6nc\u00fc ismi [&hellip;]<\/p>\n","protected":false},"author":1,"featured_media":129525,"comment_status":"open","ping_status":"open","sticky":false,"template":"","format":"standard","meta":[],"categories":[53,52],"tags":[75783,85518,79761,41071,52259,53499,86636],"views":90,"_links":{"self":[{"href":"https:\/\/www.enerjigazetesi.ist\/en\/wp-json\/wp\/v2\/posts\/129522"}],"collection":[{"href":"https:\/\/www.enerjigazetesi.ist\/en\/wp-json\/wp\/v2\/posts"}],"about":[{"href":"https:\/\/www.enerjigazetesi.ist\/en\/wp-json\/wp\/v2\/types\/post"}],"author":[{"embeddable":true,"href":"https:\/\/www.enerjigazetesi.ist\/en\/wp-json\/wp\/v2\/users\/1"}],"replies":[{"embeddable":true,"href":"https:\/\/www.enerjigazetesi.ist\/en\/wp-json\/wp\/v2\/comments?post=129522"}],"version-history":[{"count":0,"href":"https:\/\/www.enerjigazetesi.ist\/en\/wp-json\/wp\/v2\/posts\/129522\/revisions"}],"wp:featuredmedia":[{"embeddable":true,"href":"https:\/\/www.enerjigazetesi.ist\/en\/wp-json\/wp\/v2\/media\/129525"}],"wp:attachment":[{"href":"https:\/\/www.enerjigazetesi.ist\/en\/wp-json\/wp\/v2\/media?parent=129522"}],"wp:term":[{"taxonomy":"category","embeddable":true,"href":"https:\/\/www.enerjigazetesi.ist\/en\/wp-json\/wp\/v2\/categories?post=129522"},{"taxonomy":"post_tag","embeddable":true,"href":"https:\/\/www.enerjigazetesi.ist\/en\/wp-json\/wp\/v2\/tags?post=129522"}],"curies":[{"name":"wp","href":"https:\/\/api.w.org\/{rel}","templated":true}]}}