{"id":129464,"date":"2021-02-16T14:55:58","date_gmt":"2021-02-16T11:55:58","guid":{"rendered":"https:\/\/www.enerjigazetesi.ist\/?p=129464"},"modified":"2021-02-16T15:21:53","modified_gmt":"2021-02-16T12:21:53","slug":"meteoroloji-genel-mudurlugu-mgm-ve-yerli-otomobilimiz-toggdan-onemli-is-birligi","status":"publish","type":"post","link":"https:\/\/www.enerjigazetesi.ist\/en\/meteoroloji-genel-mudurlugu-mgm-ve-yerli-otomobilimiz-toggdan-onemli-is-birligi\/","title":{"rendered":"(Turkish) Meteoroloji Genel M\u00fcd\u00fcrl\u00fc\u011f\u00fc (MGM) ve TOGG\u2019dan \u00d6nemli \u0130\u015f Birli\u011fi"},"content":{"rendered":"<p class=\"qtranxs-available-languages-message qtranxs-available-languages-message-en\">Sorry, this entry is only available in <a href=\"https:\/\/www.enerjigazetesi.ist\/tr\/wp-json\/wp\/v2\/posts\/129464\" class=\"qtranxs-available-language-link qtranxs-available-language-link-tr\" title=\"Turkish\">Turkish<\/a>. For the sake of viewer convenience, the content is shown below in the alternative language. You may click the link to switch the active language.<\/p><p><\/p>\n<h1><strong>Tar\u0131m ve Orman Bakanl\u0131\u011f\u0131, Meteoroloji Genel M\u00fcd\u00fcrl\u00fc\u011f\u00fc (MGM) ve T\u00fcrkiye&#8217;nin Otomobili Giri\u015fim Grubu (TOGG) aras\u0131nda &#8220;Meteorolojik Verilerin Payla\u015f\u0131m\u0131na \u0130li\u015fkin Protokol&#8221;\u00a0imzaland\u0131. Protokol, kar\u015f\u0131l\u0131kl\u0131 veri payla\u015f\u0131m\u0131 yap\u0131larak s\u00fcr\u00fc\u015f konforu ve meteorolojik verilerin h\u0131zl\u0131 i\u015flenmesine olanak sa\u011flayacak.<\/strong><\/h1>\n<p><strong>Meteoroloji Genel M\u00fcd\u00fcrl\u00fc\u011f\u00fc<\/strong>, T\u00fcrkiye\u2019nin d\u00f6rt bir yan\u0131ndan toplad\u0131\u011f\u0131 anl\u0131k uyar\u0131 ve verileri<img loading=\"lazy\" class=\"alignright wp-image-129475\" src=\"https:\/\/www.enerjigazetesi.ist\/wp-content\/uploads\/2021\/02\/meteoroloji-genel-mudurlugu-mgm-ve-yerli-otomobilimiz-toggdan-onemli-is-birligi-2.jpg\" alt=\"\" width=\"340\" height=\"222\" srcset=\"https:\/\/www.enerjigazetesi.ist\/wp-content\/uploads\/2021\/02\/meteoroloji-genel-mudurlugu-mgm-ve-yerli-otomobilimiz-toggdan-onemli-is-birligi-2.jpg 448w, https:\/\/www.enerjigazetesi.ist\/wp-content\/uploads\/2021\/02\/meteoroloji-genel-mudurlugu-mgm-ve-yerli-otomobilimiz-toggdan-onemli-is-birligi-2-300x196.jpg 300w, https:\/\/www.enerjigazetesi.ist\/wp-content\/uploads\/2021\/02\/meteoroloji-genel-mudurlugu-mgm-ve-yerli-otomobilimiz-toggdan-onemli-is-birligi-2-76x50.jpg 76w\" sizes=\"(max-width: 340px) 100vw, 340px\" \/> TOGG\u2019a iletecek. Bir ara\u00e7tan daha fazlas\u0131 ilkesiyle olu\u015fturulan <strong>ak\u0131ll\u0131<\/strong> ve <strong>ba\u011flant\u0131l\u0131<\/strong> yerli arac\u0131m\u0131z TOGG ise <strong>sens\u00f6rleri<\/strong> ile \u00fcretti\u011fi verileri <strong>MGM<\/strong>\u2019ye <strong>anl\u0131k olarak<\/strong> aktaracak b\u00f6ylece faydal\u0131 bir ekosistem kurulmu\u015f olacak.<\/p>\n<p><strong>TOGG ara\u00e7lar\u0131<\/strong> bu ba\u011flamda birer mobil <strong>Meteorolojik G\u00f6zlem Sistemi<\/strong> \u00f6zelli\u011fi de ta\u015f\u0131yor. Bu \u00f6zelli\u011finin yan\u0131 s\u0131ra TOGG, <strong>anl\u0131k hava durumu<\/strong>,<strong> saatlik tahminler<\/strong>in sunumu, hedefteki rota boyunca <strong>meteorolojik hava \u015fartlar\u0131<\/strong>na uygun k\u0131yafet \u00f6nerileri ile kullan\u0131c\u0131ya<strong> zorlu ko\u015fullarda<\/strong> da <strong>g\u00fcvenli<\/strong> ve <strong>konforlu<\/strong> bir <strong>s\u00fcr\u00fc\u015f deneyimi<\/strong> sunmay\u0131 hedefliyor.<\/p>\n<p>\u0130\u015f birli\u011fi yaln\u0131zca bu kadarla s\u0131n\u0131rl\u0131 da de\u011fil <strong>TOGG<\/strong>\u2019 a aktar\u0131lacak veriler sayesinde arac\u0131n far silecek, iklimlendirme gibi sistemlerin <strong>g\u00fc\u00e7 t\u00fcketimleri<\/strong>nin optimize edilecek ve bataryadan beslenen ana t\u00fcketicilerin, meteorolojik hadiseler nedeniyle ilave<strong> enerji t\u00fcketimleri<\/strong>nin \u00f6ng\u00f6r\u00fclerek daha do\u011fru menzil tahminine katk\u0131da bulunulmas\u0131 da planlan\u0131yor.<\/p>\n<p>&nbsp;<\/p>","protected":false},"excerpt":{"rendered":"<p>Sorry, this entry is only available in Turkish. For the sake of viewer convenience, the content is shown below in the alternative language. You may click the link to switch the active language. Tar\u0131m ve Orman Bakanl\u0131\u011f\u0131, Meteoroloji Genel M\u00fcd\u00fcrl\u00fc\u011f\u00fc (MGM) ve T\u00fcrkiye&#8217;nin Otomobili Giri\u015fim Grubu (TOGG) aras\u0131nda &#8220;Meteorolojik Verilerin Payla\u015f\u0131m\u0131na \u0130li\u015fkin Protokol&#8221;\u00a0imzaland\u0131. Protokol, kar\u015f\u0131l\u0131kl\u0131 [&hellip;]<\/p>\n","protected":false},"author":16,"featured_media":129476,"comment_status":"open","ping_status":"open","sticky":false,"template":"","format":"standard","meta":[],"categories":[51,53,52],"tags":[86595,54965,48215,13646,14864,48217,3945,86597,47785,86594,86596,86593,86591,1583,64970,86592,45699,73004,86598,76247,73012,81111,86588],"views":135,"_links":{"self":[{"href":"https:\/\/www.enerjigazetesi.ist\/en\/wp-json\/wp\/v2\/posts\/129464"}],"collection":[{"href":"https:\/\/www.enerjigazetesi.ist\/en\/wp-json\/wp\/v2\/posts"}],"about":[{"href":"https:\/\/www.enerjigazetesi.ist\/en\/wp-json\/wp\/v2\/types\/post"}],"author":[{"embeddable":true,"href":"https:\/\/www.enerjigazetesi.ist\/en\/wp-json\/wp\/v2\/users\/16"}],"replies":[{"embeddable":true,"href":"https:\/\/www.enerjigazetesi.ist\/en\/wp-json\/wp\/v2\/comments?post=129464"}],"version-history":[{"count":0,"href":"https:\/\/www.enerjigazetesi.ist\/en\/wp-json\/wp\/v2\/posts\/129464\/revisions"}],"wp:featuredmedia":[{"embeddable":true,"href":"https:\/\/www.enerjigazetesi.ist\/en\/wp-json\/wp\/v2\/media\/129476"}],"wp:attachment":[{"href":"https:\/\/www.enerjigazetesi.ist\/en\/wp-json\/wp\/v2\/media?parent=129464"}],"wp:term":[{"taxonomy":"category","embeddable":true,"href":"https:\/\/www.enerjigazetesi.ist\/en\/wp-json\/wp\/v2\/categories?post=129464"},{"taxonomy":"post_tag","embeddable":true,"href":"https:\/\/www.enerjigazetesi.ist\/en\/wp-json\/wp\/v2\/tags?post=129464"}],"curies":[{"name":"wp","href":"https:\/\/api.w.org\/{rel}","templated":true}]}}