{"id":129354,"date":"2021-02-15T13:10:28","date_gmt":"2021-02-15T10:10:28","guid":{"rendered":"https:\/\/www.enerjigazetesi.ist\/?p=129354"},"modified":"2021-02-15T13:11:42","modified_gmt":"2021-02-15T10:11:42","slug":"isi-yalitimi-isi-kaybini-azaltarak-faturalarinizi-da-dusuruyor","status":"publish","type":"post","link":"https:\/\/www.enerjigazetesi.ist\/en\/isi-yalitimi-isi-kaybini-azaltarak-faturalarinizi-da-dusuruyor\/","title":{"rendered":"(Turkish) Is\u0131 Yal\u0131t\u0131m\u0131 Is\u0131 Kayb\u0131n\u0131 Azaltarak Faturalar\u0131n\u0131z\u0131 da D\u00fc\u015f\u00fcr\u00fcyor!"},"content":{"rendered":"<p class=\"qtranxs-available-languages-message qtranxs-available-languages-message-en\">Sorry, this entry is only available in <a href=\"https:\/\/www.enerjigazetesi.ist\/tr\/wp-json\/wp\/v2\/posts\/129354\" class=\"qtranxs-available-language-link qtranxs-available-language-link-tr\" title=\"Turkish\">Turkish<\/a>. For the sake of viewer convenience, the content is shown below in the alternative language. You may click the link to switch the active language.<\/p><p><\/p>\n<h1><strong>Pandemi nedeniyle t\u00fcketicilerin konutlar\u0131nda daha \u00e7ok vakit ge\u00e7irmesi faturalara da olumsuz \u015fekilde yans\u0131rken, do\u011fal gaz fiyatlar\u0131na gelen zamlarla birlikte faturalar\u0131n miktar\u0131n\u0131 olumsuz etkilememesi i\u00e7in yeni \u00e7areler d\u00fc\u015f\u00fcn\u00fcl\u00fcyor.\u00a0<\/strong><strong>Do\u011falgaz ve elektrik faturalar\u0131n\u0131n y\u00fckselmesini \u00f6nlemenin en etkili \u00e7\u00f6z\u00fcm yolunun binalarda \u0131s\u0131 yal\u0131t\u0131m\u0131 ve enerji tasarrufu yapmak oldu\u011funu belirten Prof. Dr. Emre Alkin, do\u011falgaz ve elektri\u011fe yap\u0131lan zamlar\u0131 hat\u0131rlatman\u0131n yan\u0131 s\u0131ra vatanda\u015flar\u0131n zamlar konusunda \u00e7aresiz olmad\u0131\u011f\u0131n\u0131 vurgulayarak <span style=\"text-decoration: underline;\">a\u00e7\u0131klamalarda bulundu:<\/span><\/strong><\/h1>\n<p>T\u00fcketicilerin b\u00fct\u00e7esinden harcanan miktar\u0131n b\u00fcy\u00fck bir k\u0131sm\u0131, \u0131s\u0131t\u0131lamayan ya da so\u011futulamayan evlerde u\u00e7up gidiyor. Yap\u0131larda en fazla <strong>enerji ka\u00e7a\u011f\u0131, \u0131s\u0131 yal\u0131t\u0131m\u0131 olmayan binalarda<\/strong> olu\u015fuyor<strong>.<\/strong> Enerjinin yakla\u015f\u0131k <strong>% 37<\/strong>\u2019si konut gibi ya\u015fam alanlar\u0131nda t\u00fcketiliyor. Ayr\u0131ca t\u00fcketilen toplam enerjinin yakla\u015f\u0131k<strong> % <img loading=\"lazy\" class=\"alignright wp-image-129357\" src=\"https:\/\/www.enerjigazetesi.ist\/wp-content\/uploads\/2021\/02\/isi-yalitimi-hem-isi-kaybini-hem-faturalarinizi-dusuruyor.jpg\" alt=\"\" width=\"320\" height=\"348\" srcset=\"https:\/\/www.enerjigazetesi.ist\/wp-content\/uploads\/2021\/02\/isi-yalitimi-hem-isi-kaybini-hem-faturalarinizi-dusuruyor.jpg 550w, https:\/\/www.enerjigazetesi.ist\/wp-content\/uploads\/2021\/02\/isi-yalitimi-hem-isi-kaybini-hem-faturalarinizi-dusuruyor-276x300.jpg 276w, https:\/\/www.enerjigazetesi.ist\/wp-content\/uploads\/2021\/02\/isi-yalitimi-hem-isi-kaybini-hem-faturalarinizi-dusuruyor-368x400.jpg 368w, https:\/\/www.enerjigazetesi.ist\/wp-content\/uploads\/2021\/02\/isi-yalitimi-hem-isi-kaybini-hem-faturalarinizi-dusuruyor-46x50.jpg 46w, https:\/\/www.enerjigazetesi.ist\/wp-content\/uploads\/2021\/02\/isi-yalitimi-hem-isi-kaybini-hem-faturalarinizi-dusuruyor-500x544.jpg 500w\" sizes=\"(max-width: 320px) 100vw, 320px\" \/>80<\/strong>\u2019i <strong>\u0131s\u0131tma<\/strong> ve<strong> so\u011futma<\/strong> i\u00e7in harcan\u0131yor. Y\u00fckselen<strong> do\u011falgaz fiyatlar\u0131<\/strong> ile <strong>havalar\u0131n so\u011fumas\u0131na<\/strong> ba\u011fl\u0131 olarak artan faturalardan olumsuz etkilenmemek i\u00e7in yeni \u00e7areler d\u00fc\u015f\u00fcn\u00fcl\u00fcyor.<\/p>\n<h2><strong>ISI YALITIMI \u0130LE YARI YARIYA TASARRUF M\u00dcMK\u00dcN<\/strong><\/h2>\n<p>Binalarda ya\u015fanan \u0131s\u0131 kayb\u0131ndan dolay\u0131 t\u00fcketicilerin evlerini \u0131s\u0131tmak i\u00e7in daha fazla do\u011fal gaz harcad\u0131\u011f\u0131n\u0131 belirten <u>Yap\u0131larda Enerji Verimlili\u011fi Derne\u011fi (VER\u0130MDER) \u0130cra Kurulu Ba\u015fkan\u0131 Prof. Dr. Emre Alkin<\/u> <em>\u201cIs\u0131 yal\u0131t\u0131m\u0131 olan binalarda k\u0131\u015f\u0131n s\u0131cak havan\u0131n d\u0131\u015far\u0131 \u00e7\u0131kmas\u0131 engellendi\u011fi i\u00e7in <strong>do\u011fal gaz t\u00fcketimi<\/strong> de azal\u0131yor. Bu da<strong> faturalara otomatik olarak<\/strong> yans\u0131yor. Yal\u0131t\u0131ms\u0131z bir binada ya\u015fanan <strong>s\u0131cakl\u0131k kay\u0131plar\u0131<\/strong> t\u00fcketicilerin daha fazla <strong>do\u011fal gaz t\u00fcketmesine<\/strong> ve faturalar\u0131n\u0131n da y\u00fckselmesine sebep oluyor.<strong> Is\u0131 yal\u0131t\u0131m\u0131 uygulamalar\u0131<\/strong> ile do\u011fal gaz faturalar\u0131nda <strong>yar\u0131 yar\u0131ya tasarruf<\/strong> yapma imkan\u0131 var\u201d<\/em> dedi.<\/p>\n<h2><strong>AZ T\u00dcKETEREK DE\u011e\u0130L ISIYI KORUYARAK TASARRUF ED\u0130N!<\/strong><\/h2>\n<p>T\u00fcrkiye\u2019deki binalar\u0131n pek \u00e7o\u011funda \u0131s\u0131 yal\u0131t\u0131m\u0131 olmad\u0131\u011f\u0131n\u0131 ve konutlar\u0131 \u0131s\u0131tmak i\u00e7in kullan\u0131lan enerjinin yar\u0131s\u0131n\u0131n bo\u015fa harcand\u0131\u011f\u0131n\u0131 belirten <strong>VER\u0130MDER \u0130cra Kurulu Ba\u015fkan\u0131 Prof. Dr. Emre Alkin, <\/strong><em>\u201c\u00dclkemizde maalesef <strong>enerji tasarrufu<\/strong>, <strong>enerjiyi az kullanmak<\/strong> \u015feklinde yorumlan\u0131yor. Bu konuda verdi\u011fimiz en \u00f6nemli \u00e7aba daha az enerji kullan\u0131p mekanlar\u0131 <strong>zay\u0131f bir iklimlendirmeye<\/strong> maruz b\u0131rakmak de\u011fil, aksine daha az enerji\u00a0 t\u00fcketerek ayn\u0131 rand\u0131man\u0131 sa\u011flamak. Ev i\u00e7i \u0131s\u0131y\u0131 y\u00fcksek tutman\u0131n yolu s\u0131cakl\u0131\u011f\u0131 artt\u0131rmaktan de\u011fil evdeki \u0131s\u0131y\u0131 korumaktan ge\u00e7er. K\u0131\u015f\u0131n <strong>s\u0131cak havan\u0131n d\u0131\u015far\u0131 \u00e7\u0131kmas\u0131n\u0131<\/strong>, <strong>yaz\u0131n ise s\u0131cak havan\u0131n i\u00e7eri girmesini \u0131s\u0131 yal\u0131t\u0131m\u0131<\/strong> ile engelleyebilirsiniz\u201d dedi.<\/em><\/p>\n<h2><strong>ISI YALITIMI \u0130LE YILLIK 7 M\u0130LYAR DOLAR TASARRUF M\u00dcMK\u00dcN!<\/strong><\/h2>\n<p>\u0130thal edilen enerji \u00fclkemizin <strong>cari a\u00e7\u0131\u011f\u0131n\u0131n daha fazla geni\u015flemesine<\/strong> neden oldu\u011funu vurgulayan <strong>Prof. Dr. Emre Alkin<\/strong> <em>\u201c\u00d6zellikle konutlarda t\u00fcketilen <strong>enerjinin tasarrufu<\/strong> i\u00e7in yap\u0131lacak <strong>\u0131s\u0131 yal\u0131t\u0131m uygulamas\u0131<\/strong> hem t\u00fcketiciye hem de \u00fclkemizin ekonomisine olumlu etki ediyor. Avrupa Birli\u011fi standartlar\u0131nda ger\u00e7ekle\u015ftirilecek do\u011fru enerji tasarrufu uygulamalar\u0131 ile \u00fclkemizde bulunan toplam<strong> 21 milyon<\/strong> konutta, \u00fclke olarak y\u0131ll\u0131k yakla\u015f\u0131k<strong> 7 milyar dolar tasarruf<\/strong>\u00a0elde etme f\u0131rsat\u0131 var\u201d<\/em> dedi.<\/p>\n<h2><strong>NEDEN ISI YALITIMI YAPMALIYIZ?<\/strong><\/h2>\n<p>&#8211; K\u0131\u015f aylar\u0131nda<strong> evi \u0131s\u0131tmak<\/strong> i\u00e7in kullan\u0131lan enerjinin yar\u0131s\u0131 <strong>d\u0131\u015f cephenin yal\u0131t\u0131ms\u0131z olmas\u0131<\/strong> nedeniyle bo\u015fa gidiyor. Her ay \u00f6dedi\u011finiz <strong>do\u011falgaz faturas\u0131n\u0131n yar\u0131s\u0131 \u0131s\u0131 kayb\u0131<\/strong> nedeniyle buharla\u015f\u0131yor.<\/p>\n<p>&#8211; Y\u00fcksek <strong>do\u011fal gaz faturalar\u0131n\u0131 d\u00fc\u015f\u00fcrmek<\/strong> ancak ve ancak<strong> \u0131s\u0131 yal\u0131t\u0131m\u0131<\/strong> ile m\u00fcmk\u00fcn.<\/p>\n<p>&#8211; <strong>D\u0131\u015f cephe \u0131s\u0131 yal\u0131t\u0131m\u0131<\/strong>, tasarrufun yan\u0131 s\u0131ra binan\u0131n d\u0131\u015f y\u00fczeyinde olu\u015fabilecek yo\u011fu\u015fman\u0131n neden oldu\u011fu <strong>bakteri, mantar, siyah leke<\/strong> ve<strong> k\u00fcflenmenin de<\/strong> \u00f6n\u00fcne ge\u00e7iyor.<\/p>\n<p><strong>Is\u0131 yal\u0131t\u0131m\u0131<\/strong>, <strong>binan\u0131n ta\u015f\u0131y\u0131c\u0131 sistemini<\/strong> rutubetten uzak tutarak <strong>\u00f6mr\u00fcn\u00fc uzat\u0131yor<\/strong>, de\u011ferini y\u00fckseltiyor.<\/p>","protected":false},"excerpt":{"rendered":"<p>Sorry, this entry is only available in Turkish. For the sake of viewer convenience, the content is shown below in the alternative language. You may click the link to switch the active language. Pandemi nedeniyle t\u00fcketicilerin konutlar\u0131nda daha \u00e7ok vakit ge\u00e7irmesi faturalara da olumsuz \u015fekilde yans\u0131rken, do\u011fal gaz fiyatlar\u0131na gelen zamlarla birlikte faturalar\u0131n miktar\u0131n\u0131 olumsuz [&hellip;]<\/p>\n","protected":false},"author":1,"featured_media":129358,"comment_status":"open","ping_status":"open","sticky":false,"template":"","format":"standard","meta":[],"categories":[46,51,53,52],"tags":[86499,54036,12315,53114,52259,35423,49436,26559,86498,43386,86497,37827,57125,793,47427],"views":68,"_links":{"self":[{"href":"https:\/\/www.enerjigazetesi.ist\/en\/wp-json\/wp\/v2\/posts\/129354"}],"collection":[{"href":"https:\/\/www.enerjigazetesi.ist\/en\/wp-json\/wp\/v2\/posts"}],"about":[{"href":"https:\/\/www.enerjigazetesi.ist\/en\/wp-json\/wp\/v2\/types\/post"}],"author":[{"embeddable":true,"href":"https:\/\/www.enerjigazetesi.ist\/en\/wp-json\/wp\/v2\/users\/1"}],"replies":[{"embeddable":true,"href":"https:\/\/www.enerjigazetesi.ist\/en\/wp-json\/wp\/v2\/comments?post=129354"}],"version-history":[{"count":0,"href":"https:\/\/www.enerjigazetesi.ist\/en\/wp-json\/wp\/v2\/posts\/129354\/revisions"}],"wp:featuredmedia":[{"embeddable":true,"href":"https:\/\/www.enerjigazetesi.ist\/en\/wp-json\/wp\/v2\/media\/129358"}],"wp:attachment":[{"href":"https:\/\/www.enerjigazetesi.ist\/en\/wp-json\/wp\/v2\/media?parent=129354"}],"wp:term":[{"taxonomy":"category","embeddable":true,"href":"https:\/\/www.enerjigazetesi.ist\/en\/wp-json\/wp\/v2\/categories?post=129354"},{"taxonomy":"post_tag","embeddable":true,"href":"https:\/\/www.enerjigazetesi.ist\/en\/wp-json\/wp\/v2\/tags?post=129354"}],"curies":[{"name":"wp","href":"https:\/\/api.w.org\/{rel}","templated":true}]}}