{"id":129318,"date":"2021-02-14T22:05:58","date_gmt":"2021-02-14T19:05:58","guid":{"rendered":"https:\/\/www.enerjigazetesi.ist\/?p=129318"},"modified":"2021-02-14T22:15:07","modified_gmt":"2021-02-14T19:15:07","slug":"is-dunyasinda-kadin-iletisim-agi-projesi-final-toplantisi-yapildi","status":"publish","type":"post","link":"https:\/\/www.enerjigazetesi.ist\/en\/is-dunyasinda-kadin-iletisim-agi-projesi-final-toplantisi-yapildi\/","title":{"rendered":"(Turkish) \u0130\u015f D\u00fcnyas\u0131&#8217;nda Kad\u0131n \u0130leti\u015fim A\u011f\u0131 Projesi Final Toplant\u0131s\u0131 Yap\u0131ld\u0131"},"content":{"rendered":"<p class=\"qtranxs-available-languages-message qtranxs-available-languages-message-en\">Sorry, this entry is only available in <a href=\"https:\/\/www.enerjigazetesi.ist\/tr\/wp-json\/wp\/v2\/posts\/129318\" class=\"qtranxs-available-language-link qtranxs-available-language-link-tr\" title=\"Turkish\">Turkish<\/a>. For the sake of viewer convenience, the content is shown below in the alternative language. You may click the link to switch the active language.<\/p><p><\/p>\n<h1><strong>KAG\u0130DER koordinat\u00f6rl\u00fc\u011f\u00fcnde, KA\u0130SDER ve BU\u0130KAD payda\u015fl\u0131\u011f\u0131nda y\u00fcr\u00fct\u00fclen, Avrupa Birli\u011fi ve T\u00fcrkiye Cumhuriyeti taraf\u0131ndan finanse edilen \u0130\u015f D\u00fcnyas\u0131nda Kad\u0131n \u0130leti\u015fim A\u011f\u0131\u00a0(Women Business Network W-BUN) projesinin kapan\u0131\u015f toplant\u0131s\u0131 12 \u015eubat Cuma g\u00fcn\u00fc yap\u0131ld\u0131. D\u00fczenlenen etkinlikte\u00a0T.C. Aile, \u00c7al\u0131\u015fma ve Sosyal Hizmetler Bakan\u0131 Zehra Z\u00fcmr\u00fct Sel\u00e7uk\u00a0T\u00fcrkiye Belediyeler Birli\u011fi Ba\u015fkan\u0131 Fatma \u015eahin konu\u015fmalar\u0131yla yer ald\u0131.<\/strong><\/h1>\n<p>&nbsp;<\/p>\n<h2><strong>Projenin koordinat\u00f6r\u00fcn\u00fc y\u00fcr\u00fcten KAG\u0130DER Ba\u015fkan\u0131 Emine Erdem:<\/strong> <em>\u201c<strong>Kad\u0131nlar\u0131n sosyal ve ekonomik olarak g\u00fc\u00e7lendirilmesi ad\u0131na 18 y\u0131ll\u0131k tarihimizin en kapsay\u0131c\u0131 ve en \u00f6nemli projelerinden birini y\u00fcr\u00fctm\u00fc\u015f olmaktan b\u00fcy\u00fck gurur ya\u015f\u0131yoruz.<\/strong> <strong>Kamu sekt\u00f6r\u00fc, yerel y\u00f6netimler ve \u00f6zel sekt\u00f6r\u00fcn tedarik\u00e7ileri aras\u0131nda, liyakat ve yeterlilikleri bulunan kad\u0131n giri\u015fimcilerin rekabette e\u015fit bi\u00e7imde yer almas\u0131n\u0131 sa\u011flayacak ve\/veya te\u015fvik edecek yasal d\u00fczenlemeler ve yasa \u00f6nerimizin hayata ge\u00e7mesi i\u00e7in yo\u011fun \u00e7al\u0131\u015fmalar\u0131m\u0131za devam edece\u011fiz.\u201d<\/strong><\/em><\/h2>\n<p>Koordinat\u00f6rl\u00fc\u011f\u00fcn\u00fc <strong>KAG\u0130DER<\/strong><em><strong>\u2019<\/strong><\/em>in yapt\u0131\u011f\u0131 <strong>KA\u0130SDER<\/strong> ve <strong>BU\u0130KAD<\/strong> payda\u015fl\u0131\u011f\u0131nda y\u00fcr\u00fct\u00fclen, <strong>Avrupa Birli\u011fi<\/strong> ve <strong>T\u00fcrkiye Cumhuriyeti<\/strong> taraf\u0131ndan finanse edilen <strong>\u0130\u015f D\u00fcnyas\u0131nda Kad\u0131n \u0130leti\u015fim A\u011f\u0131 (Women Business Network W-BUN)\u00a0<\/strong>projesinin kapan\u0131\u015f toplant\u0131s\u0131<strong> 12 \u015eubat 2021<\/strong> tarihinde ger\u00e7ekle\u015fti.<\/p>\n<p>Dijital olarak ger\u00e7ekle\u015fen etkinlikte\u00a0<strong>T.C. Aile, \u00c7al\u0131\u015fma ve Sosyal Hizmetler Bakan\u0131 Zehra Z\u00fcmr\u00fct Sel\u00e7uk,\u00a0T\u00fcrkiye Belediyeler Birli\u011fi Ba\u015fkan\u0131 Fatma \u015eahin ve\u00a0T.C. D\u0131\u015fi\u015fleri <img loading=\"lazy\" class=\"alignright wp-image-129322\" src=\"https:\/\/www.enerjigazetesi.ist\/wp-content\/uploads\/2021\/02\/is-dunyasinda-kadin-iletisim-agi-projesi-final-toplantisi-yapildi-1.jpg\" alt=\"\" width=\"340\" height=\"196\" srcset=\"https:\/\/www.enerjigazetesi.ist\/wp-content\/uploads\/2021\/02\/is-dunyasinda-kadin-iletisim-agi-projesi-final-toplantisi-yapildi-1.jpg 550w, https:\/\/www.enerjigazetesi.ist\/wp-content\/uploads\/2021\/02\/is-dunyasinda-kadin-iletisim-agi-projesi-final-toplantisi-yapildi-1-300x173.jpg 300w, https:\/\/www.enerjigazetesi.ist\/wp-content\/uploads\/2021\/02\/is-dunyasinda-kadin-iletisim-agi-projesi-final-toplantisi-yapildi-1-500x288.jpg 500w, https:\/\/www.enerjigazetesi.ist\/wp-content\/uploads\/2021\/02\/is-dunyasinda-kadin-iletisim-agi-projesi-final-toplantisi-yapildi-1-80x46.jpg 80w\" sizes=\"(max-width: 340px) 100vw, 340px\" \/>Bakanl\u0131\u011f\u0131 Avrupa Birli\u011fi Ba\u015fkanl\u0131\u011f\u0131 Proje Uygulama Daire Ba\u015fkan\u0131 Hakan Atik<\/strong>\u00a0konu\u015fmalar\u0131yla destek verdi.<\/p>\n<p><strong>Etkinlikte konu\u015fan\u00a0T\u00fcrkiye Belediyeler Birli\u011fi Ba\u015fkan\u0131 Fatma \u015eahin<\/strong>: <em>\u201cKad\u0131n\u0131n toplumsal sorunlar\u0131 \u00fczerine \u00e7al\u0131\u015fmak <strong>uzun bir yolculuk<\/strong> ve bu uzun yolculukta gelinen noktan\u0131n ne kadar k\u0131ymetli oldu\u011funu yeniden hat\u0131rlad\u0131m. Hem <strong>yerelde<\/strong> hem<strong> kamuda<\/strong> kad\u0131nlara y\u00f6nelik pozitif ayr\u0131mc\u0131l\u0131\u011fa dair gelinen noktay\u0131 hukuki y\u00f6nden de\u011ferlendiriyorsak bunlar ilerledi\u011fimizi g\u00f6steriyor ve bunu ilerleten sizlersiniz.\u201d<\/em><\/p>\n<p>Projeyi yak\u0131ndan takip eden kat\u0131ld\u0131\u011f\u0131 etkinlikte <strong>T.C. Aile, \u00c7al\u0131\u015fma ve Sosyal Hizmetler Bakan\u0131 Zehra Z\u00fcmr\u00fct Sel\u00e7uk:\u00a0<\/strong><em>\u201cBen inan\u0131yorum ki <strong>\u0130\u015f D\u00fcnyas\u0131nda Kad\u0131n \u0130leti\u015fim A\u011f\u0131<\/strong> gibi \u00e7al\u0131\u015fmalar insan\u0131 ve toplumu imar eden hayati \u00f6neme sahip b\u00fcy\u00fck bir i\u015f de\u011feri ta\u015f\u0131yor. Bu anlamda da her birinizi bu dayan\u0131\u015fma ruhundan dolay\u0131 da ayr\u0131 ayr\u0131 kutluyorum, tebrik ediyorum. <strong>Aile Sosyal Hizmetler <\/strong>ve <strong>\u00c7al\u0131\u015fma Bakanl\u0131\u011f\u0131<\/strong> olarak her daim yan\u0131n\u0131zda oldu\u011fumuzu belirtmek isterim. <strong>Son 18 y\u0131lda<\/strong> art\u0131k kad\u0131nlar\u0131m\u0131zn ve k\u0131z \u00e7ocuklar\u0131m\u0131z\u0131n daha fazla <strong>bilimde, sanatta, sporda, e\u011fitimde, ticarette<\/strong> oldugunu g\u00f6r\u00fcyoruz ve her daim d\u00fcnyaya insanl\u0131\u011fa de\u011fer katan kad\u0131nlar\u0131m\u0131za da \u00a0minnet ve \u015f\u00fckranlar\u0131m\u0131 sunuyorum. \u00a0Bakanl\u0131k olarak en \u00f6nem verdi\u011fimiz konulardan birisi hem kad\u0131nlar\u0131m\u0131z\u0131n hem \u00e7al\u0131\u015fma hayat\u0131nda olmas\u0131 \u00a0hem<strong> kad\u0131n giri\u015fimci say\u0131s\u0131n\u0131n art\u0131r\u0131lmas\u0131<\/strong> hem de <strong>kad\u0131nlar\u0131n i\u015f ve aile hayat\u0131<\/strong> aras\u0131ndaki uyumu g\u00fc\u00e7lendirmek\u201d<\/em> mesajlar\u0131n\u0131 verdi.<\/p>\n<h2><strong>Emine Erdem: 18 y\u0131ll\u0131k tarihimizin en kapsay\u0131c\u0131 projesi<\/strong><\/h2>\n<p><strong><img loading=\"lazy\" class=\"alignleft wp-image-129320\" src=\"https:\/\/www.enerjigazetesi.ist\/wp-content\/uploads\/2021\/02\/is-dunyasinda-kadin-iletisim-agi-projesi-final-toplantisi-yapildi-2.jpg\" alt=\"\" width=\"320\" height=\"480\" srcset=\"https:\/\/www.enerjigazetesi.ist\/wp-content\/uploads\/2021\/02\/is-dunyasinda-kadin-iletisim-agi-projesi-final-toplantisi-yapildi-2.jpg 550w, https:\/\/www.enerjigazetesi.ist\/wp-content\/uploads\/2021\/02\/is-dunyasinda-kadin-iletisim-agi-projesi-final-toplantisi-yapildi-2-200x300.jpg 200w, https:\/\/www.enerjigazetesi.ist\/wp-content\/uploads\/2021\/02\/is-dunyasinda-kadin-iletisim-agi-projesi-final-toplantisi-yapildi-2-267x400.jpg 267w, https:\/\/www.enerjigazetesi.ist\/wp-content\/uploads\/2021\/02\/is-dunyasinda-kadin-iletisim-agi-projesi-final-toplantisi-yapildi-2-33x50.jpg 33w, https:\/\/www.enerjigazetesi.ist\/wp-content\/uploads\/2021\/02\/is-dunyasinda-kadin-iletisim-agi-projesi-final-toplantisi-yapildi-2-500x750.jpg 500w\" sizes=\"(max-width: 320px) 100vw, 320px\" \/>Etkinli\u011fin a\u00e7\u0131l\u0131\u015f konu\u015fmas\u0131n\u0131 ger\u00e7ekle\u015ftiren KAG\u0130DER Ba\u015fkan\u0131 Emine Erdem:<\/strong>\u00a0\u201cKad\u0131nlar\u0131n sosyal ve ekonomik olarak g\u00fc\u00e7lendirilmesi ad\u0131na <strong>18 y\u0131ll\u0131k tarihimizin<\/strong> en kapsay\u0131c\u0131 ve en \u00f6nemli projelerinden birini y\u00fcr\u00fctm\u00fc\u015f olmaktan b\u00fcy\u00fck gurur ya\u015f\u0131yoruz. Projemizin ana hedefi <strong>kad\u0131n giri\u015fimciler<\/strong> ve <strong>kad\u0131n giri\u015fimci \u00f6rg\u00fctleri<\/strong> aras\u0131nda bir <strong>ileti\u015fim<\/strong> ve<strong> dayan\u0131\u015fma a\u011f\u0131 olu\u015fturmak, i\u015f d\u00fcnyas\u0131ndaki kad\u0131nlar\u0131n gerekli bilgilere<\/strong> ve<strong> i\u015f pazarlar\u0131na ula\u015fmalar\u0131n\u0131<\/strong> \u00fclkemizdeki kad\u0131n giri\u015fimcilerin, \u00fcreticilerin bir platformda toplanmas\u0131 ve bu platformun<strong> kamu<\/strong> ve<strong> \u00f6zel<\/strong> sekt\u00f6r\u00fcn mal ve hizmet al\u0131mlar\u0131nda de\u011ferlendirebilecekleri bir kaynak olmas\u0131yd\u0131. Di\u011fer hedeflerimiz kamu ihalelerinden kad\u0131n giri\u015fimcilerin daha fazla pay alabilmesi i\u00e7in yasa \u00f6nerisini haz\u0131rlamak, \u0130\u015f D\u00fcnyas\u0131nda Kad\u0131n \u0130leti\u015fim A\u011f\u0131 Projemiz ile g\u00fc\u00e7lendirdi\u011finiz\u00a0<a href=\"http:\/\/www.ticaretinkadinlari.com\" target=\"_blank\" rel=\"nofollow noopener\"><strong>www.ticaretinkadinlari.com<\/strong><\/a>\u00a0Web platformumuz ve <strong>mobil uygulamas\u0131<\/strong> ile T\u00fcrkiye\u2019deki t\u00fcm giri\u015fimci kad\u0131nlar\u0131n kamu ve \u00f6zel sekt\u00f6r\u00fcn <strong>mal<\/strong> ve<strong> hizmet<\/strong> sat\u0131n almak i\u00e7in ula\u015fabilmeleri sa\u011flayacak g\u00fc\u00e7l\u00fc bir ara\u00e7 yaratmakt\u0131.<\/p>\n<p>Ankara\u2019daki proje lansman\u0131m\u0131z\u0131n ard\u0131ndan <strong>34<\/strong> ilden kad\u0131n giri\u015fimci derne\u011finin ba\u015fkan\u0131 ile, sonras\u0131nda <em>Gaziantep, Samsun, Antalya, \u0130zmir, Diyarbak\u0131r, Kayseri, Denizli<\/em> ve <em>Van<\/em>\u2019daki kad\u0131n giri\u015fimciler ile isti\u015fare toplant\u0131lar\u0131 ger\u00e7ekle\u015ftirdik.<strong> 8 ilde<\/strong> ger\u00e7ekle\u015ftirdi\u011fimiz isti\u015fare toplant\u0131lar\u0131nda<strong> 400\u2019e yak\u0131n<\/strong> kad\u0131n giri\u015fimci ile bir araya geldik.<\/p>\n<p>Kad\u0131n giri\u015fimcilerle ger\u00e7ekle\u015ftirdi\u011fimiz toplant\u0131lar\u0131n yan\u0131 s\u0131ra <strong>Ticaret Bakanl\u0131\u011f\u0131, Aile \u00c7al\u0131\u015fma ve Sosyal Hizmetler Bakanl\u0131\u011f\u0131, KSGM, Kamu \u0130hale Kurumu, Bankalar Birli\u011fi, Cumhurba\u015fkanl\u0131\u011f\u0131 B\u00fct\u00e7e ve Strateji Ba\u015fkanl\u0131\u011f\u0131, D\u0131\u015f \u0130\u015fleri Bakanl\u0131\u011f\u0131 Avrupa Birli\u011fi Ba\u015fkanl\u0131\u011f\u0131\u2019ndan<\/strong> uzmanlar, STK temsilcileri, \u00fcniversitelerden akademisyenler ile kamu ihalelerinde kad\u0131n giri\u015fimcilerin daha fazla yer almas\u0131 i\u00e7in \u00e7al\u0131\u015ftaylar d\u00fczenledik.<\/p>\n<p>T\u00fcm bu toplant\u0131lar akabinde de\u011ferli hukuk dan\u0131\u015fmanlar\u0131m\u0131z\u0131n haz\u0131rlad\u0131\u011f\u0131 yasa tasar\u0131s\u0131n\u0131 Ticaret Bakan\u0131m\u0131za, <strong>Aile \u00c7al\u0131\u015fma ve Sosyal Hizmetler Bakan\u0131m\u0131za<\/strong>, <strong>Maliye ve Hazine Bakan\u0131m\u0131za, Belediyeler Birli\u011fi Ba\u015fkan\u0131m\u0131za, DMO Genel M\u00fcd\u00fcr\u00fc\u2019ne, KSGM, SGK, \u0130\u015fkur,<\/strong> <strong>Hukuk ve \u00c7al\u0131\u015fma Genel M\u00fcd\u00fcrl\u00fc\u011f\u00fcne<\/strong> birebir toplant\u0131larda sunma f\u0131rsat\u0131n\u0131 yakalad\u0131k, geri bildirimlerini ald\u0131k. Di\u011fer taraftan, aral\u0131k sonu d\u00fczenledi\u011fimiz<strong> 2 g\u00fcnl\u00fck<\/strong> online \u00e7al\u0131\u015ftayda T\u00fcrkiye\u2019nin d\u00f6rt bir yan\u0131ndan <strong>kad\u0131n giri\u015fimci dernek temsilcileri<\/strong> ile<strong> yerel modelleme<\/strong> ve <strong>belediyeler<\/strong> i\u00e7in \u00f6nerilerimiz \u00fczerine \u00e7al\u0131\u015ft\u0131k.<\/p>\n<p>Projemiz kapsam\u0131nda d\u00fcnyadaki <strong>kamu ihalelerinde kad\u0131n tedarik\u00e7iler<\/strong> i\u00e7in uygulamalar\u0131 detayl\u0131 bir \u015fekilde ara\u015ft\u0131rd\u0131k ve bir <strong>iyi \u00f6rnekler kitap\u00e7\u0131\u011f\u0131<\/strong> da haz\u0131rlad\u0131k. <strong>Sivil Toplum Kurulu\u015flar\u0131<\/strong> i\u00e7in kapasite geli\u015fim e\u011fitimlerini haz\u0131rlad\u0131k ve <strong>KAG\u0130DER<\/strong>\u2019in <strong>online e\u011fitim platformu<\/strong> kagiderpusula\u2019ya entegre ettik. Son olarak da d\u00fcn ve evvelki g\u00fcn d\u00fczenledi\u011fimiz <strong>\u0130\u015f D\u00fcnyas\u0131nda kad\u0131n ileti\u015fim a\u011f\u0131 sanal fuar\u0131<\/strong>na iki g\u00fcnde <strong>31.000<\/strong> giri\u015f oldu, fuar alan\u0131nda yer alan <strong>dernek tan\u0131t\u0131m stantlar\u0131n\u0131<\/strong> binlerce ki\u015fi ziyaret edip derneklerin faaliyetleri hakk\u0131nda bilgi sahibi oldu.\u201d<\/p>\n<p><strong>KA\u0130SDER Ba\u015fkan\u0131 G\u00f6knur Atalay: <\/strong>&#8220;\u0130\u015fbirli\u011finin g\u00fc\u00e7 birli\u011fini do\u011furaca\u011f\u0131 inanc\u0131yla bu projemizde de <strong>\u00fc\u00e7 sivil toplum \u00f6rg\u00fct\u00fc<\/strong> olarak el ele vererek T\u00fcrkiye yi kapsayan bir b\u00fct\u00fcn olu\u015fturmak hedefini ta\u015f\u0131yarak yol ald\u0131k. Pek \u00e7ok projemiz ile<strong> bir ba\u011f kurdu\u011fumuz<\/strong> ve ba\u015far\u0131l\u0131 sonu\u00e7lara imza ataca\u011f\u0131na inand\u0131\u011f\u0131m\u0131z bu projemizi ba\u015far\u0131 ile tamamlam\u0131\u015f gibi g\u00f6r\u00fcnsek de; as\u0131l projemiz bundan sonra <strong>gerek ticaretin<\/strong> kad\u0131nlar\u0131 portal\u0131 ile gerekse de <strong>yasal d\u00fczenlemeleri<\/strong> ile yeni ba\u015flamaktad\u0131r.<\/p>\n<p><strong>BU\u0130KAD Ba\u015fkan\u0131 Oya Ero\u011flu\u00a0:<\/strong>\u00a0&#8221; <strong>Ulu \u00d6nderimiz Mustafa Kemal Atat\u00fcrk<\/strong>\u2019\u00fcn de belirtti\u011fi gibi b\u00fcy\u00fck i\u015fIeri ve \u00f6nemli at\u0131l\u0131mlar\u0131; ancak birlikte \u00e7al\u0131\u015fma ile elde edebiliriz. ,Bizler de <strong>\u0130\u015f D\u00fcnyas\u0131&#8217;nda<\/strong> <strong>Kad\u0131n \u0130leti\u015fim A\u011f\u0131 Projesi<\/strong> ile iki y\u0131l \u00f6nce \u00f6nemli bir at\u0131l\u0131ma ba\u015flad\u0131k ve m\u00fcthi\u015f \u00e7\u0131kt\u0131larla da b\u00fcy\u00fck bir i\u015fi geride b\u0131rak\u0131yoruz.\u201d<\/p>\n<p><strong>T.C. D\u0131\u015fi\u015fleri Bakanl\u0131\u011f\u0131 Avrupa Birli\u011fi Ba\u015fkanl\u0131\u011f\u0131 Proje Uygulama Daire Ba\u015fkan\u0131 Atik: \u201c<\/strong>Pek \u00e7ok projemiz ile bir ba\u011f kurdu\u011fumuz ve ba\u015far\u0131l\u0131 sonu\u00e7lara imza ataca\u011f\u0131na inand\u0131\u011f\u0131m\u0131z bu projemizi ba\u015far\u0131 ile tamamlam\u0131\u015f gibi g\u00f6r\u00fcnsek de; as\u0131l, projemiz bundan sonra gerek ticaretin kad\u0131nlar\u0131 portal\u0131 ile gerekse de yasal d\u00fczenlemeleri ile yeni ba\u015flamaktad\u0131r.\u201d<\/p>\n<h2>\u0130\u015f D\u00fcnyas\u0131&#8217;nda Kad\u0131n \u0130leti\u015fim A\u011f\u0131 Projesi Hakk\u0131nda Bilgilendirme<\/h2>\n<p><em>Kad\u0131n giri\u015fimcilerin <strong>katma de\u011ferli \u00fcretim<\/strong> ve<strong> i\u015f pazarlar\u0131na ula\u015fmalar\u0131<\/strong>, etkin bir <strong>ileti\u015fim a\u011f\u0131<\/strong> i\u00e7erisinde olmalar\u0131 g\u00f6r\u00fc\u015f\u00fcyle yola \u00e7\u0131kan <strong>\u0130\u015f D\u00fcnyas\u0131nda Kad\u0131n \u0130leti\u015fim A\u011f\u0131 (Women Business Network W-BUN) projesi<\/strong>, T\u00fcrkiye\u2019nin d\u00f6rt bir yan\u0131ndaki kad\u0131n giri\u015fimcileri\u00a0<a href=\"http:\/\/www.ticaretinkadinlari.com\" target=\"_blank\" rel=\"nofollow noopener\">www.ticaretinkadinlari.com<\/a><u>\u00a0<\/u>sitesinde bir araya getiriyor. Web platformu, kad\u0131nlar\u0131n <strong>kamu<\/strong> ve <strong>\u00f6zel sekt\u00f6r\u00fcn<\/strong> <strong>mal<\/strong> ve <strong>hizmet sat\u0131n almak<\/strong> i\u00e7in <strong>d\u00fczenledi\u011fi ihaleler<\/strong> alan\u0131nda ba\u015far\u0131l\u0131 olabilmeleri, gerekli bilgilere ve pazarlara ula\u015fabilmeleri i\u00e7in g\u00fc\u00e7l\u00fc bir ara\u00e7 niteli\u011finde olacak. Kurulan portal ile giri\u015fimci kad\u0131nlar tek bir \u00e7at\u0131 alt\u0131nda birbirlerini <strong>destekleme, ortak i\u015f yapma<\/strong> ve <strong>giri\u015fimci kad\u0131nlar ile i\u015f yapmak<\/strong> isteyen kurumlar bir araya gelecek. Di\u011fer taraftan gerek kamu gerekse \u00f6zel sekt\u00f6r alaca\u011f\u0131 \u00fcr\u00fcn veya hizmeti sa\u011flayacak kad\u0131n giri\u015fimcilerin bilgilerini platform \u00fcst\u00fcnden ula\u015fabilecek.<\/em><\/p>","protected":false},"excerpt":{"rendered":"<p>Sorry, this entry is only available in Turkish. For the sake of viewer convenience, the content is shown below in the alternative language. You may click the link to switch the active language. KAG\u0130DER koordinat\u00f6rl\u00fc\u011f\u00fcnde, KA\u0130SDER ve BU\u0130KAD payda\u015fl\u0131\u011f\u0131nda y\u00fcr\u00fct\u00fclen, Avrupa Birli\u011fi ve T\u00fcrkiye Cumhuriyeti taraf\u0131ndan finanse edilen \u0130\u015f D\u00fcnyas\u0131nda Kad\u0131n \u0130leti\u015fim A\u011f\u0131\u00a0(Women Business Network [&hellip;]<\/p>\n","protected":false},"author":1,"featured_media":129321,"comment_status":"open","ping_status":"open","sticky":false,"template":"","format":"standard","meta":[],"categories":[53],"tags":[86478,84537,52259,9449,84535,59248,59251,59253],"views":154,"_links":{"self":[{"href":"https:\/\/www.enerjigazetesi.ist\/en\/wp-json\/wp\/v2\/posts\/129318"}],"collection":[{"href":"https:\/\/www.enerjigazetesi.ist\/en\/wp-json\/wp\/v2\/posts"}],"about":[{"href":"https:\/\/www.enerjigazetesi.ist\/en\/wp-json\/wp\/v2\/types\/post"}],"author":[{"embeddable":true,"href":"https:\/\/www.enerjigazetesi.ist\/en\/wp-json\/wp\/v2\/users\/1"}],"replies":[{"embeddable":true,"href":"https:\/\/www.enerjigazetesi.ist\/en\/wp-json\/wp\/v2\/comments?post=129318"}],"version-history":[{"count":0,"href":"https:\/\/www.enerjigazetesi.ist\/en\/wp-json\/wp\/v2\/posts\/129318\/revisions"}],"wp:featuredmedia":[{"embeddable":true,"href":"https:\/\/www.enerjigazetesi.ist\/en\/wp-json\/wp\/v2\/media\/129321"}],"wp:attachment":[{"href":"https:\/\/www.enerjigazetesi.ist\/en\/wp-json\/wp\/v2\/media?parent=129318"}],"wp:term":[{"taxonomy":"category","embeddable":true,"href":"https:\/\/www.enerjigazetesi.ist\/en\/wp-json\/wp\/v2\/categories?post=129318"},{"taxonomy":"post_tag","embeddable":true,"href":"https:\/\/www.enerjigazetesi.ist\/en\/wp-json\/wp\/v2\/tags?post=129318"}],"curies":[{"name":"wp","href":"https:\/\/api.w.org\/{rel}","templated":true}]}}