{"id":129306,"date":"2021-02-14T21:17:39","date_gmt":"2021-02-14T18:17:39","guid":{"rendered":"https:\/\/www.enerjigazetesi.ist\/?p=129306"},"modified":"2021-02-14T21:18:23","modified_gmt":"2021-02-14T18:18:23","slug":"yarini-kodlayanlar-projesinde-200-gonullu-egitmen-gorev-alacak","status":"publish","type":"post","link":"https:\/\/www.enerjigazetesi.ist\/en\/yarini-kodlayanlar-projesinde-200-gonullu-egitmen-gorev-alacak\/","title":{"rendered":"(Turkish) &#8217;Yar\u0131n\u0131 Kodlayanlar&#8217; Projesinde 200 G\u00f6n\u00fcll\u00fc E\u011fitmen G\u00f6rev Alacak"},"content":{"rendered":"<p class=\"qtranxs-available-languages-message qtranxs-available-languages-message-en\">Sorry, this entry is only available in <a href=\"https:\/\/www.enerjigazetesi.ist\/tr\/wp-json\/wp\/v2\/posts\/129306\" class=\"qtranxs-available-language-link qtranxs-available-language-link-tr\" title=\"Turkish\">Turkish<\/a>. For the sake of viewer convenience, the content is shown below in the alternative language. You may click the link to switch the active language.<\/p><p><\/p>\n<h1><strong>T\u00fcrkiye Vodafone Vakf\u0131 ve Habitat Derne\u011fi i\u015fbirli\u011fiyle hayata ge\u00e7irilen \u201cYar\u0131n\u0131 Kodlayanlar\u201d projesinde G\u00f6n\u00fcll\u00fc Koordinasyon Toplant\u0131s\u0131 yap\u0131ld\u0131. Yakla\u015f\u0131k 200 g\u00f6n\u00fcll\u00fc e\u011fitmenin kat\u0131ld\u0131\u011f\u0131 etkinlik kapsam\u0131nda, g\u00f6n\u00fcll\u00fclerin kapasite geli\u015fimine y\u00f6nelik \u00e7al\u0131\u015ftaylar d\u00fczenlendi ve projenin saha yans\u0131malar\u0131n\u0131 konu alan toplant\u0131lar yap\u0131ld\u0131.<\/strong><\/h1>\n<p><strong>\u00a0<\/strong><strong>14 \u015eubat 2021\u00a0<\/strong>\u2013\u00a0<strong>T\u00fcrkiye Vodafone Vakf\u0131<\/strong>\u00a0ve <strong>Habitat Derne\u011fi\u00a0<\/strong>taraf\u0131ndan \u00e7ocuklar\u0131 dijital gelece\u011fe haz\u0131rlama hedefiyle hayata ge\u00e7irilen <strong>\u201cYar\u0131n\u0131 Kodlayanlar\u201d<\/strong> projesinin be\u015finci d\u00f6nem <strong>\u201cG\u00f6n\u00fcll\u00fc Koordinasyon Toplant\u0131s\u0131\u201d<\/strong> yap\u0131ld\u0131. <strong>\u201cG\u00f6n\u00fcll\u00fcler ba\u011flant\u0131da\u201d<\/strong> temas\u0131yla ve <strong>online<\/strong> olarak d\u00fczenlenen toplant\u0131ya <strong>200 g\u00f6n\u00fcll\u00fc e\u011fitmen<\/strong> kat\u0131ld\u0131. Etkinlik s\u00fcresince, g\u00f6n\u00fcll\u00fclerin kapasite geli\u015fimine y\u00f6nelik \u00e7al\u0131\u015ftaylar d\u00fczenlendi ve projenin saha yans\u0131malar\u0131n\u0131 konu alan toplant\u0131lar yap\u0131ld\u0131. <img loading=\"lazy\" class=\"alignright wp-image-129309\" src=\"https:\/\/www.enerjigazetesi.ist\/wp-content\/uploads\/2021\/02\/yarini-kodlayanlar-projesinde-200-gonullu-egitmen-gorev-alacak-2.jpg\" alt=\"\" width=\"340\" height=\"196\" srcset=\"https:\/\/www.enerjigazetesi.ist\/wp-content\/uploads\/2021\/02\/yarini-kodlayanlar-projesinde-200-gonullu-egitmen-gorev-alacak-2.jpg 550w, https:\/\/www.enerjigazetesi.ist\/wp-content\/uploads\/2021\/02\/yarini-kodlayanlar-projesinde-200-gonullu-egitmen-gorev-alacak-2-300x173.jpg 300w, https:\/\/www.enerjigazetesi.ist\/wp-content\/uploads\/2021\/02\/yarini-kodlayanlar-projesinde-200-gonullu-egitmen-gorev-alacak-2-500x288.jpg 500w, https:\/\/www.enerjigazetesi.ist\/wp-content\/uploads\/2021\/02\/yarini-kodlayanlar-projesinde-200-gonullu-egitmen-gorev-alacak-2-80x46.jpg 80w\" sizes=\"(max-width: 340px) 100vw, 340px\" \/><strong>A\u011fustos 2016<\/strong>\u2019dan bu yana T\u00fcrkiye genelinde <strong>110 bini a\u015fk\u0131n<\/strong> \u00e7ocu\u011fa ula\u015fan <strong>\u201cYar\u0131n\u0131 Kodlayanlar\u201d projesi<\/strong>nin <strong>5&#8217;inci y\u0131l\u0131nda<\/strong> g\u00f6n\u00fcll\u00fc e\u011fitmenlerin y\u00f6netiminde <strong>70 bin \u00e7ocu\u011fa daha<\/strong> kodlama e\u011fitimi verilmesi hedefleniyor.<\/p>\n<p>\u201cYar\u0131n\u0131 Kodlayanlar G\u00f6n\u00fcll\u00fc Koordinasyon Toplant\u0131s\u0131\u201d i\u00e7in bir a\u00e7\u0131l\u0131\u015f etkinli\u011fi\u00a0de d\u00fczenlendi.\u00a0<strong>MEB YE\u011e\u0130TEK Genel M\u00fcd\u00fcr\u00fc An\u0131l Y\u0131lmaz, T\u00fcrkiye Vodafone Vakf\u0131 Ba\u015fkan\u0131 Hasan S\u00fcel ve\u00a0<\/strong><strong>Habitat Derne\u011fi Y\u00f6netim Kurulu Ba\u015fkan\u0131\u00a0<\/strong><strong>Sezai Haz\u0131r\u2019\u0131n<\/strong>\u00a0konu\u015fmalar\u0131yla ba\u015flayan etkinlik, alan\u0131nda uzman konu\u015fmac\u0131lar\u0131n kat\u0131ld\u0131\u011f\u0131<strong> \u201cYeni Neslin Teknolojisi ve E\u011fitimi\u201d, \u201cYeni Neslin Yetkinlikleri ve Giri\u015fimcilik\u201d, \u201cYeni Nesil G\u00f6n\u00fcll\u00fcl\u00fck\u201d<\/strong> ve <strong>\u201cK\u00fcresel Ama\u00e7lar ve Sosyal Etki\u201d<\/strong> konulu panellerle devam etti. Etkinlikte, <strong>Harvard \u00dcniversitesi<\/strong>\u2019nin<strong> Gen\u00e7 Akademi \u00fcyeli\u011fi<\/strong>ne se\u00e7ilen ilk <strong>T\u00fcrk bilim insan\u0131<\/strong>, d\u00fcnyaca <strong>\u00fcnl\u00fc fizik m\u00fchendisi<\/strong> ve mucit <strong>Canan Da\u011fdeviren<\/strong> de bir konu\u015fma yapt\u0131. Konu\u015fma ve panellerin ard\u0131ndan g\u00f6n\u00fcll\u00fclerin de her a\u015famas\u0131nda i\u00e7inde oldu\u011fu bir mini m\u00fczik \u015f\u00f6leni d\u00fczenlendi. A\u00e7\u0131l\u0131\u015f etkinli\u011fi, <strong>Habitat Derne\u011fi YouTube kanal\u0131<\/strong>ndan canl\u0131 yay\u0131nland\u0131.<\/p>\n<p><strong>MEB YE\u011e\u0130TEK Genel M\u00fcd\u00fcr\u00fc An\u0131l Y\u0131lmaz,\u00a0<\/strong>a\u00e7\u0131l\u0131\u015f konu\u015fmas\u0131nda <span style=\"text-decoration: underline;\">\u015funlar\u0131 kaydetti:<\/span><\/p>\n<p>\u201c<strong>T\u00fcrkiye Vodafone Vakf\u0131<\/strong> ve <strong>Habitat Derne\u011fi<\/strong> \u00f6nc\u00fcl\u00fc\u011f\u00fcnde<strong> \u2018Yar\u0131n\u0131 Kodlayanlar\u2019 projesi<\/strong>nde ula\u015f\u0131lan sonu\u00e7lar ger\u00e7ekten takdir edilecek seviyede. Her iki kurumu da tebrik ediyorum. Bu ba\u015far\u0131n\u0131n arkas\u0131nda \u015f\u00fcphesiz g\u00f6n\u00fcll\u00fcler var. Biz de \u00f6zellikle<strong> k\u00fcresel salg\u0131n nedeniyle<\/strong> devam eden <strong>uzaktan e\u011fitim s\u00fcrecinde<\/strong> \u00f6\u011fretmenlerimizin g\u00f6n\u00fcll\u00fc faaliyetlerinin ne kadar b\u00fcy\u00fck fark yaratt\u0131\u011f\u0131n\u0131 yak\u0131ndan deneyimledik. \u0130nsani geli\u015fme alan\u0131nda \u00f6nemli toplum projeleri yapan bu iki STK ile ortak \u00e7al\u0131\u015fmalar\u0131m\u0131z\u0131 <strong>2020 \u015eubat ay\u0131nda<\/strong> imzalad\u0131\u011f\u0131m\u0131z protokolle kurumsal bir temele oturttuk. \u00d6zellikle yapay zeka alan\u0131nda 3 ildeki merkezlerde <strong>y\u00fcz y\u00fcze kodlama e\u011fitimleri<\/strong> planlam\u0131\u015ft\u0131k. Bunlar\u0131 yapmak m\u00fcmk\u00fcn olmasa da, \u00f6n\u00fcm\u00fczdeki s\u00fcre\u00e7te \u00e7evrim i\u00e7i olarak, di\u011fer bir\u00e7ok faaliyeti olduk\u00e7a verimli bir \u015fekilde y\u00fcr\u00fctt\u00fc\u011f\u00fcm\u00fcz gibi, ger\u00e7ekle\u015ftirece\u011fiz. Benzer bir faaliyeti y\u00fcr\u00fctt\u00fc\u011f\u00fcm\u00fcz, \u00fc\u00e7 boyutlu tasar\u0131m, kodlama, ak\u0131ll\u0131 cihaz tasar\u0131m\u0131n\u0131 yaparak \u00f6\u011frenmeyi i\u00e7eren \u2018Bili\u015fimle \u00dcretim\u2019 projesi \u00f6n\u00fcm\u00fczdeki e\u011fitim-\u00f6\u011fretim y\u0131l\u0131nda yakla\u015f\u0131k<strong> 6.000<\/strong> okulda <strong>4.-7. s\u0131n\u0131f aras\u0131 \u00f6\u011frencilerle<\/strong> standart \u00f6\u011fretim program\u0131 olarak uygulanmaya ba\u015flayacak. <strong>\u2018Yar\u0131n\u0131 Kodlayanlar\u2019 projesi<\/strong>nin de Bakanl\u0131\u011f\u0131m\u0131zla i\u015fbirli\u011fi i\u00e7inde \u00e7ok daha yayg\u0131nla\u015ft\u0131r\u0131larak, benzer sonu\u00e7lara ula\u015fmas\u0131n\u0131 bekliyorum.\u201d<\/p>\n<p><strong>T\u00fcrkiye Vodafone Vakf\u0131 Ba\u015fkan\u0131 Hasan S\u00fcel,\u00a0<\/strong><span style=\"text-decoration: underline;\">\u015funlar\u0131 s\u00f6yledi:<\/span><\/p>\n<p>\u201cT\u00fcrkiye Vodafone Vakf\u0131 olarak,\u00a0yapt\u0131\u011f\u0131m\u0131z her i\u015fin bir amaca dokunmas\u0131 gerekti\u011fine inan\u0131yoruz.<strong>\u00a0<\/strong>Kuruldu\u011fumuz g\u00fcnden bu yana, teknolojiyi hayat\u0131n hizmetine sunmay\u0131 ilke ediniyoruz. <strong>\u00c7ocuklar\u0131n teknoloji okuryazarl\u0131\u011f\u0131n\u0131<\/strong> art\u0131rmak hedefiyle <strong>5 y\u0131l<\/strong> \u00f6nce <strong>Habitat Derne\u011fi<\/strong> i\u015fbirli\u011fiyle ba\u015flatt\u0131\u011f\u0131m\u0131z<strong> \u2018Yar\u0131n\u0131 Kodlayanlar\u2019 projemiz<\/strong>le,\u00a0t\u00fcketen de\u011fil, \u00fcreten bir neslin yeti\u015fmesine katk\u0131da bulunmak istiyoruz.\u00a0Bug\u00fcne kadar<strong> 81<\/strong> ilde <strong>110 bini a\u015fk\u0131n<\/strong> \u00e7ocu\u011fumuza kodlama \u00f6\u011frettik. \u00d6n\u00fcm\u00fczdeki y\u0131l g\u00f6n\u00fcll\u00fc e\u011fitmenlerimizin y\u00f6netiminde <strong>70 bin \u00e7ocu\u011fa<\/strong> daha <strong>kodlama e\u011fitimi<\/strong> vermeyi hedefliyoruz.\u00a0E\u011fitim i\u00e7eriklerimizi de zenginle\u015ftiriyoruz.\u00a0<strong>Scratch e\u011fitimleri<\/strong>nin yan\u0131 s\u0131ra farkl\u0131 dijital e\u011fitim ba\u015fl\u0131klar\u0131yla \u00e7ocuklar\u0131n dijital yetkinliklerini art\u0131rmay\u0131 s\u00fcrd\u00fcrece\u011fiz.\u00a0\u00d6n\u00fcm\u00fczde\u00a0yeni bir maraton var. Bug\u00fcne kadar oldu\u011fu gibi bu maratonda da <strong>g\u00f6n\u00fcll\u00fc e\u011fitmenlerimizle<\/strong> birlikte ko\u015faca\u011f\u0131z.\u00a0\u00c7ocuklar\u0131m\u0131z i\u00e7in kurdu\u011fumuz gelecek hayallerini onlar\u0131n <strong>katk\u0131<\/strong> ve <strong>deste\u011fi<\/strong> ile ger\u00e7e\u011fe d\u00f6n\u00fc\u015ft\u00fcrece\u011fiz.\u00a0Tamamen <strong>g\u00f6n\u00fcll\u00fcl\u00fck esas\u0131na<\/strong> dayanan\u00a0projemizin as\u0131l kahramanlar\u0131, e\u011fitmenlerimiz. Amac\u0131m\u0131za ortak olduklar\u0131 ve b\u00fcy\u00fck bir \u00f6zveriyle bizlere destek verdikleri i\u00e7in g\u00f6n\u00fcll\u00fc e\u011fitmenlerimize \u00e7ok te\u015fekk\u00fcr ediyorum.\u00a0Onlarla birlikte \u00e7ocuklar\u0131m\u0131z\u0131 dijital gelece\u011fe haz\u0131rlamaya devam edece\u011fiz.\u201d<\/p>\n<p><strong>Habitat Derne\u011fi Y\u00f6netim Kurulu Ba\u015fkan\u0131 Sezai Haz\u0131r<\/strong><strong>,<\/strong>\u00a0<span style=\"text-decoration: underline;\">\u015f\u00f6yle konu\u015ftu:<\/span><\/p>\n<p>\u201cHabitat Derne\u011fi olarak, T\u00fcrkiye\u2019nin <strong>dijital d\u00f6n\u00fc\u015f\u00fcm\u00fcn\u00fcn sa\u011flamas\u0131<\/strong>n\u0131n ancak ve ancak \u00e7ocuklar\u0131m\u0131z\u0131n ve gen\u00e7lerimizin olabildi\u011fince erken ya\u015flarda teknoloji okuryazarl\u0131\u011f\u0131yla tan\u0131\u015fmalar\u0131ndan ve bu yolla teknolojinin yaln\u0131zca kullan\u0131c\u0131s\u0131 de\u011fil \u00fcreticileri de olmalar\u0131ndan ge\u00e7ti\u011fi d\u00fc\u015f\u00fcncesindeyiz. Bu d\u00fc\u015f\u00fcnceye paralel olarak, T\u00fcrkiye Vodafone Vakf\u0131 i\u015fbirli\u011finde ba\u015flatt\u0131\u011f\u0131m\u0131z \u2018Yar\u0131n\u0131 Kodlayanlar\u2019 projemizle geride kalan<strong> 5<\/strong> y\u0131lda <strong>550 g\u00f6n\u00fcll\u00fc<\/strong>m\u00fczle T\u00fcrkiye\u2019nin<strong> 81<\/strong> ilinde toplamda<strong> 110 binden fazla<\/strong> \u00e7ocu\u011fumuzu kodlama ile bulu\u015fturduk. <strong>Kodlama e\u011fitimleri<\/strong>nin yan\u0131 s\u0131ra hayata ge\u00e7irdi\u011fimiz kampanyalar ve hackathonlar ile \u00e7ocuklar\u0131m\u0131z\u0131n g\u00fcndelik sorunlara ili\u015fkin teknolojiyi merkeze alan \u00e7\u00f6z\u00fcmler \u00fcretebilmeleri i\u00e7in b\u00fcy\u00fck emek harcad\u0131k. Projenin yeni d\u00f6nemiyle birlikte ise geride kalan <strong>5 y\u0131l<\/strong> i\u00e7erisinde edindi\u011fimiz <strong>birikim<\/strong> ve <strong>tecr\u00fcbenin<\/strong> de yard\u0131m\u0131yla birlikte e\u011fitim i\u00e7eriklerimizi farkl\u0131 ya\u015f gruplar\u0131na<strong> \u00f6zg\u00fc<\/strong> ve <strong>belirli alanlarda derinle\u015fen<\/strong> bir yap\u0131ya kavu\u015fturuyoruz. Bu noktada, projenin bu denli ba\u015far\u0131l\u0131 ve etkili olmas\u0131n\u0131n ard\u0131ndaki ana akt\u00f6rlerimiz yani g\u00f6n\u00fcll\u00fclerimize \u00e7ok te\u015fekk\u00fcr ediyoruz. Projeye ve daha da \u00f6nemlisi T\u00fcrkiye\u2019nin <strong>dijital d\u00f6n\u00fc\u015f\u00fcm\u00fc<\/strong> i\u00e7in yapm\u0131\u015f olduklar\u0131 bu de\u011ferli katk\u0131lar ve \u00f6zverili \u00e7al\u0131\u015fmalar\u0131ndan \u00f6t\u00fcr\u00fc t\u00fcm g\u00f6n\u00fcll\u00fclerimizi kutluyorum. \u00d6n\u00fcm\u00fczdeki d\u00f6nemde de birlikte \u00e7al\u0131\u015farak \u00e7ok daha g\u00fczel i\u015flere imza ataca\u011f\u0131m\u0131zdan eminim.\u201d<\/p>\n<p><strong>Canan Da\u011fdeviren<\/strong>\u00a0ise \u015fu <span style=\"text-decoration: underline;\">a\u00e7\u0131klamada bulundu:<\/span><\/p>\n<p>\u201c\u00d6ncelikle, g\u00f6n\u00fcll\u00fc olarak <strong>\u00e7ocuklar\u0131m\u0131za kodlama \u00f6\u011freten<\/strong> \u00f6\u011fretmenlerimize, g\u00f6n\u00fcll\u00fc \u00e7al\u0131\u015fan arkada\u015flar\u0131m\u0131za te\u015fekk\u00fcr ediyorum. Biz \u00f6\u011frencilerimle birlikte\u00a0v\u00fccuda uyumlu, <strong>esnek elektronik aletler<\/strong> yap\u0131yor ve bu aletlerle v\u00fccutta var olan de\u011fi\u015fiklikleri anlamaya \u00e7al\u0131\u015f\u0131yoruz. Att\u0131\u011f\u0131m\u0131z her ad\u0131mda kodlaman\u0131n \u00e7ok \u00f6nemli oldu\u011funun fark\u0131nday\u0131z. <strong>Kodlama dersi<\/strong> alan ve hayal kurmaya devam eden \u00f6\u011frencilerimizi de tebrik ediyorum. <strong>Hayal kurmak<\/strong>, hayalin pe\u015finden gidebilmek, hayali bilimin r\u00fczg\u00e2r\u0131yla ileriye g\u00f6t\u00fcrmek \u00e7ok \u00f6nemli. Burada fizik, kimya, biyoloji, matematik, kodlama, t\u0131p alanlar\u0131n\u0131 birle\u015ftirip olmam\u0131\u015f bir \u015feyi yapmaya \u00e7al\u0131\u015f\u0131yoruz. <strong>\u00c7ip teknolojilerini<\/strong> inceltip, e\u011fip b\u00fckebilece\u011fimiz formlara getirmeye \u00e7al\u0131\u015f\u0131yoruz. Bunlar\u0131 v\u00fccudumuzun i\u00e7ine yerle\u015ftiriyor ve kodlama vas\u0131tas\u0131yla v\u00fccuda mesajlar g\u00f6nderiyoruz. Ayn\u0131 \u015fekilde, v\u00fccudumuzdan ald\u0131\u011f\u0131m\u0131z bilgileri t\u0131p doktorlar\u0131na aktarmay\u0131 hedefliyoruz. Bilimde \u00f6\u011frendik\u00e7e ve payla\u015ft\u0131k\u00e7a \u00e7ok iyi yerlere gelebiliyorsunuz. Herkesin kendi olarak yola devam etmesi \u00e7ok \u00f6nemli. Y\u0131lmadan, pes etmeden, \u00e7ok \u00e7al\u0131\u015farak, farkl\u0131 insanlarla temas halinde olarak, fikir \u00fcreterek devam edebilirsiniz. Hayallerinizin pe\u015finden her zaman ko\u015fun. Hayatta yap\u0131lan hi\u00e7bir \u015feyin zaman kayb\u0131 olmad\u0131\u011f\u0131n\u0131n ve hi\u00e7bir \u015fey i\u00e7in ge\u00e7 kal\u0131nmad\u0131\u011f\u0131n\u0131n fark\u0131nda olun. \u00d6\u011fretmenlerimizin yapt\u0131\u011f\u0131 i\u015f \u00e7ok b\u00fcy\u00fck. \u00d6\u011frencilerimize <strong>g\u00f6n\u00fcll\u00fc olarak kodlama<\/strong> gibi zor bir bilgiyi sunabilmek \u00e7ok b\u00fcy\u00fck bir erdem. T\u00fcm \u00f6\u011fretmenlerimizin emeklerine sa\u011fl\u0131k.\u201d<\/p>\n<h2><strong>Alan\u0131nda uzman konu\u015fmac\u0131lar kat\u0131ld\u0131<\/strong><\/h2>\n<p>Etkinlik kapsam\u0131nda d\u00fczenlenen <strong>\u201cYeni Neslin Teknolojisi ve E\u011fitimi\u201d<\/strong> panelinde, yeni y\u00fczy\u0131lda e\u011fitim, e\u011fitim teknolojileri, e\u011fitim d\u00fcnyas\u0131n\u0131n s\u00fcre\u00e7lere <strong>uyumu<\/strong> ve <strong>psikolojik etkileri<\/strong> konu\u015fuldu. Moderat\u00f6rl\u00fc\u011f\u00fcn\u00fc Habitat Derne\u011fi Genel Sekreter Yard\u0131mc\u0131s\u0131 \u0130smail Metin\u2019in yapt\u0131\u011f\u0131 panele, Gazi \u00dcniversitesi \u00d6\u011fretim G\u00f6revlisi ve Bili\u015fim Garaj Akademisi Kurucusu Sel\u00e7uk \u00d6zdemir ve T\u00fcrk Alman \u00dcniversitesi Uzaktan E\u011fitim Merkezi M\u00fcd\u00fcr\u00fc Mona Aykul konu\u015fmac\u0131 olarak kat\u0131ld\u0131.<\/p>\n<p><strong>\u201cYeni Neslin Yetkinlikleri ve Giri\u015fimcilik\u201d<\/strong>\u00a0panelinde, yeni y\u00fczy\u0131l\u0131n yetkinlikleri, kapasite geli\u015ftirme y\u00f6ntemleri ve giri\u015fimcilik konu\u015fuldu. Moderat\u00f6rl\u00fc\u011f\u00fcn\u00fc Habitat Derne\u011fi Dijital D\u00f6n\u00fc\u015f\u00fcm Program\u0131 Direkt\u00f6r\u00fc Taha Aydo\u011fmu\u015f\u2019un yapt\u0131\u011f\u0131 panele, MEF \u00dcniversitesi Rekt\u00f6r Yard\u0131mc\u0131s\u0131 ve Yetkin Gen\u00e7ler Kurucusu Erhan Erkut konu\u015fmac\u0131 olarak kat\u0131ld\u0131.<\/p>\n<p><strong>\u201cYeni Nesil G\u00f6n\u00fcll\u00fcl\u00fck\u201d<\/strong>\u00a0panelinde, g\u00f6n\u00fcll\u00fcl\u00fck kavram\u0131n\u0131n farkl\u0131 kurumlar taraf\u0131ndan nas\u0131l i\u015flendi\u011fi ve gen\u00e7lere nas\u0131l katk\u0131lar sundu\u011fu farkl\u0131 bak\u0131\u015f a\u00e7\u0131lar\u0131yla anlat\u0131ld\u0131. Moderat\u00f6rl\u00fc\u011f\u00fcn\u00fc Habitat Derne\u011fi Dijital D\u00f6n\u00fc\u015f\u00fcm Program\u0131 Proje Y\u00f6neticisi Nurdan Erto\u011fan\u2019\u0131n yapt\u0131\u011f\u0131 panele, \u00d6\u011fretmen A\u011f\u0131 Genel Koordinat\u00f6r\u00fc Buket S\u00f6nmez, SosyalBen Vakf\u0131 Kurucusu Ece \u00c7ift\u00e7i ve \u00d6zel Sekt\u00f6r G\u00f6n\u00fcll\u00fcleri Derne\u011fi Proje Koordinat\u00f6r\u00fc Gizem Ece kat\u0131ld\u0131.<\/p>\n<p>Etkinli\u011fin son oturumu<strong>\u00a0\u201cK\u00fcresel Ama\u00e7lar ve Sosyal Etki\u201d\u00a0<\/strong>panelinde ise sosyal etkinin \u00f6nemi, hedef kitleyle uyumlu etkileri, <strong>sivil tolumun<\/strong> ve <strong>\u00f6zel sekt\u00f6r\u00fcn<\/strong> sosyal etkide yeri anlat\u0131ld\u0131. Moderat\u00f6rl\u00fc\u011f\u00fcn\u00fc Habitat Derne\u011fi Dijital D\u00f6n\u00fc\u015f\u00fcm Program\u0131 Proje Y\u00f6neticisi<strong> Gizem Cansever<\/strong>\u2019in yapt\u0131\u011f\u0131 panele, UNDP T\u00fcrkiye \u0130leti\u015fim Koordinat\u00f6r\u00fc Faik Uyan\u0131k, imece Direkt\u00f6r\u00fc Mustafa \u00d6zer ve S360 Ara\u015ft\u0131rma ve Etki Tasar\u0131m\u0131 Direkt\u00f6r\u00fc Seza Erayd\u0131n kat\u0131ld\u0131.<\/p>\n<h2><strong>110 bini a\u015fk\u0131n \u00e7ocu\u011fa ula\u015f\u0131ld\u0131<\/strong><\/h2>\n<p><strong>\u201cYar\u0131n\u0131 Kodlayanlar\u201d projesiyle<\/strong> T\u00fcrkiye\u2019nin d\u00f6rt bir yan\u0131nda ya\u015flar\u0131<strong> 7-14<\/strong> aras\u0131nda de\u011fi\u015fen \u00e7ocuklara\u00a0<strong>g\u00f6n\u00fcll\u00fc e\u011fitmenlerin y\u00f6netiminde<\/strong> <em>programlamaya giri\u015f, algoritma mant\u0131\u011f\u0131, uygulama yapma, hik\u00e2ye olu\u015fturma ve oyun yapma<\/em> gibi konularda <strong>teorik<\/strong> ve <strong>uygulamal\u0131 e\u011fitimler<\/strong> veriliyor. E\u011fitimlerde \u00e7ocuklara programlama hakk\u0131nda fikir sahibi olma, yarat\u0131c\u0131l\u0131klar\u0131n\u0131 ortaya \u00e7\u0131karacak \u00e7al\u0131\u015fmalar yapma,<strong> kendi hayal d\u00fcnyalar\u0131n\u0131 olu\u015fturma<\/strong>, kendi oyunlar\u0131n\u0131 <strong>\u00fcretme imk\u00e2n\u0131<\/strong> sunuluyor. Bug\u00fcne kadar\u00a0toplam <strong>550 g\u00f6n\u00fcll\u00fc e\u011fitmen<\/strong> ve farkl\u0131 bran\u015flardan <strong>38 Milli E\u011fitim Bakanl\u0131\u011f\u0131 \u00f6\u011fretmeninin<\/strong> g\u00f6rev ald\u0131\u011f\u0131\u00a0projeyle <strong>81 ilde 110 binin \u00fczerinde<\/strong> \u00e7ocu\u011fa ula\u015f\u0131ld\u0131. Proje kapsam\u0131nda son 1 y\u0131lda elde edilen toplam sosyal de\u011fer yakla\u015f\u0131k <strong>6,6 milyon TL<\/strong> olurken, projeye yap\u0131lan her<strong>\u00a01 TL\u2019lik<\/strong> yat\u0131r\u0131m <strong>4,4 TL<\/strong> de\u011ferinde sosyal fayda yaratt\u0131.<\/p>\n<h2><strong>E\u011fitimlerin kapsam\u0131 geni\u015fliyor<\/strong><\/h2>\n<p><strong>\u201cYar\u0131n\u0131 Kodlayanlar\u201d projesi<\/strong>nde\u00a0\u00f6n\u00fcm\u00fczdeki bir y\u0131lda <strong>81 ilde 70 bin \u00e7ocu\u011fa<\/strong> daha kodlama e\u011fitimi verilmesi hedefleniyor. Yeni d\u00f6nemde,\u00a0Scratch e\u011fitimlerinin yan\u0131 s\u0131ra farkl\u0131 dijital e\u011fitim ba\u015fl\u0131klar\u0131yla \u00e7ocuklar\u0131n dijital yetkinlikleri art\u0131r\u0131lacak.\u00a0Buna g\u00f6re,\u00a0<strong>7-10<\/strong>\u00a0<strong>ya\u015f<\/strong> grubuna Scratch ve Tinkercad, <strong>11-14 ya\u015f<\/strong> grubuna <strong>Scratch<\/strong> ve <strong>Microbit<\/strong>, <strong>14-17 ya\u015f<\/strong> grubuna\u00a0<strong>mobil uygulama geli\u015ftirme, oyun<\/strong> ve\u00a0<strong>Yapay Zeka<\/strong> e\u011fitimleri verilecek.\u00a0<strong>Salg\u0131n sebebiyle<\/strong> hem e\u011fitimler hem de\u00a0<strong>hackathon<\/strong> ve <strong>ideathon<\/strong> gibi etkinlikler online ortamda yap\u0131lacak. Ayr\u0131ca gen\u00e7lerin, projenin i\u015f ortaklar\u0131ndan <strong>The Clubhouse Network<\/strong> i\u00e7inde yer alan online gruplara kat\u0131l\u0131m\u0131 sa\u011flanacak. \u0130stihdam edilebilir gen\u00e7lerin <strong>dijital yetkinlikleri<\/strong>nin art\u0131r\u0131lmas\u0131 hedefiyle<strong> Yapay Zeka e\u011fitimleri<\/strong>ne meslek liseleri de dahil edilecek.<\/p>","protected":false},"excerpt":{"rendered":"<p>Sorry, this entry is only available in Turkish. For the sake of viewer convenience, the content is shown below in the alternative language. You may click the link to switch the active language. T\u00fcrkiye Vodafone Vakf\u0131 ve Habitat Derne\u011fi i\u015fbirli\u011fiyle hayata ge\u00e7irilen \u201cYar\u0131n\u0131 Kodlayanlar\u201d projesinde G\u00f6n\u00fcll\u00fc Koordinasyon Toplant\u0131s\u0131 yap\u0131ld\u0131. Yakla\u015f\u0131k 200 g\u00f6n\u00fcll\u00fc e\u011fitmenin kat\u0131ld\u0131\u011f\u0131 etkinlik [&hellip;]<\/p>\n","protected":false},"author":1,"featured_media":129310,"comment_status":"open","ping_status":"open","sticky":false,"template":"","format":"standard","meta":[],"categories":[53,157],"tags":[86475,86474,51311,36901,70489,86476,65918,57068,70794],"views":91,"_links":{"self":[{"href":"https:\/\/www.enerjigazetesi.ist\/en\/wp-json\/wp\/v2\/posts\/129306"}],"collection":[{"href":"https:\/\/www.enerjigazetesi.ist\/en\/wp-json\/wp\/v2\/posts"}],"about":[{"href":"https:\/\/www.enerjigazetesi.ist\/en\/wp-json\/wp\/v2\/types\/post"}],"author":[{"embeddable":true,"href":"https:\/\/www.enerjigazetesi.ist\/en\/wp-json\/wp\/v2\/users\/1"}],"replies":[{"embeddable":true,"href":"https:\/\/www.enerjigazetesi.ist\/en\/wp-json\/wp\/v2\/comments?post=129306"}],"version-history":[{"count":0,"href":"https:\/\/www.enerjigazetesi.ist\/en\/wp-json\/wp\/v2\/posts\/129306\/revisions"}],"wp:featuredmedia":[{"embeddable":true,"href":"https:\/\/www.enerjigazetesi.ist\/en\/wp-json\/wp\/v2\/media\/129310"}],"wp:attachment":[{"href":"https:\/\/www.enerjigazetesi.ist\/en\/wp-json\/wp\/v2\/media?parent=129306"}],"wp:term":[{"taxonomy":"category","embeddable":true,"href":"https:\/\/www.enerjigazetesi.ist\/en\/wp-json\/wp\/v2\/categories?post=129306"},{"taxonomy":"post_tag","embeddable":true,"href":"https:\/\/www.enerjigazetesi.ist\/en\/wp-json\/wp\/v2\/tags?post=129306"}],"curies":[{"name":"wp","href":"https:\/\/api.w.org\/{rel}","templated":true}]}}