{"id":129140,"date":"2021-02-11T15:04:35","date_gmt":"2021-02-11T12:04:35","guid":{"rendered":"https:\/\/www.enerjigazetesi.ist\/?p=129140"},"modified":"2021-02-11T15:05:32","modified_gmt":"2021-02-11T12:05:32","slug":"demirdokum-timder-akademi-nin-altin-sponsoru-oldu","status":"publish","type":"post","link":"https:\/\/www.enerjigazetesi.ist\/en\/demirdokum-timder-akademi-nin-altin-sponsoru-oldu\/","title":{"rendered":"(Turkish) DemirD\u00f6k\u00fcm, T\u0130MDER Akademi&#8217;nin &#8216;Alt\u0131n Sponsoru&#8217; Oldu"},"content":{"rendered":"<p class=\"qtranxs-available-languages-message qtranxs-available-languages-message-en\">Sorry, this entry is only available in <a href=\"https:\/\/www.enerjigazetesi.ist\/tr\/wp-json\/wp\/v2\/posts\/129140\" class=\"qtranxs-available-language-link qtranxs-available-language-link-tr\" title=\"Turkish\">Turkish<\/a>. For the sake of viewer convenience, the content is shown below in the alternative language. You may click the link to switch the active language.<\/p><p><\/p>\n<h1><strong>DemirD\u00f6k\u00fcm, 17 y\u0131ld\u0131r aral\u0131ks\u0131z olarak devam eden T\u0130MDER Akademi\u2019nin Alt\u0131n Sponsoru oldu. Bug\u00fcne kadar 10 binin \u00fczerinde sekt\u00f6r \u00e7al\u0131\u015fan\u0131n faydaland\u0131\u011f\u0131 e\u011fitimler, bu y\u0131l &#8220;Pazarlama ve Sat\u0131\u015f Mod\u00fcl\u00fc&#8221;, &#8220;\u0130\u015fletme Y\u00f6netimi Mod\u00fcl\u00fc&#8221; ve &#8220;Dijital D\u00f6n\u00fc\u015f\u00fcm Mod\u00fcl\u00fc&#8221; olmak \u00fczere 3 ayr\u0131 kategoride 17 e\u011fitimle online ortamda<img loading=\"lazy\" class=\"alignright wp-image-129142\" src=\"https:\/\/www.enerjigazetesi.ist\/wp-content\/uploads\/2021\/02\/demirdokum-timder-akademi-nin-altin-sponsoru-oldu-2.jpg\" alt=\"\" width=\"320\" height=\"362\" srcset=\"https:\/\/www.enerjigazetesi.ist\/wp-content\/uploads\/2021\/02\/demirdokum-timder-akademi-nin-altin-sponsoru-oldu-2.jpg 550w, https:\/\/www.enerjigazetesi.ist\/wp-content\/uploads\/2021\/02\/demirdokum-timder-akademi-nin-altin-sponsoru-oldu-2-265x300.jpg 265w, https:\/\/www.enerjigazetesi.ist\/wp-content\/uploads\/2021\/02\/demirdokum-timder-akademi-nin-altin-sponsoru-oldu-2-354x400.jpg 354w, https:\/\/www.enerjigazetesi.ist\/wp-content\/uploads\/2021\/02\/demirdokum-timder-akademi-nin-altin-sponsoru-oldu-2-44x50.jpg 44w, https:\/\/www.enerjigazetesi.ist\/wp-content\/uploads\/2021\/02\/demirdokum-timder-akademi-nin-altin-sponsoru-oldu-2-500x565.jpg 500w\" sizes=\"(max-width: 320px) 100vw, 320px\" \/> d\u00fczenlenecek.<\/strong><\/h1>\n<p><strong>\u0130klimlendirme sekt\u00f6r\u00fcndeki<\/strong> yeti\u015fmi\u015f <strong>i\u015fg\u00fcc\u00fc ihtiyac\u0131n\u0131 art\u0131rma<\/strong>, <strong>m\u00fc\u015fteri beklentileri<\/strong>ne <strong>do\u011fru<\/strong> ve h\u0131zl\u0131 yan\u0131t verme, <strong>saha organizasyonu<\/strong>nu <strong>geli\u015ftirme<\/strong> ve <strong>t\u00fcketicilerine<\/strong> sa\u011flad\u0131\u011f\u0131 avantajlar\u0131 art\u0131rma amac\u0131yla y\u0131llard\u0131r e\u011fitim alan\u0131nda \u00f6nemli projeler hayata ge\u00e7iren <strong>DemirD\u00f6k\u00fcm,<\/strong> <strong>T\u0130MDER Akademi<\/strong>&#8216;nin <strong>&#8220;Alt\u0131n Sponsoru&#8221;<\/strong> oldu. <strong>17 y\u0131ld\u0131r<\/strong> aral\u0131ks\u0131z olarak d\u00fczenlenen <strong>T\u0130MDER Akademi e\u011fitimleri<\/strong>, sekt\u00f6r\u00fcn <strong>yeti\u015fmi\u015f i\u015fg\u00fcc\u00fc ihtiyac\u0131na \u00e7\u00f6z\u00fcm<\/strong> \u00fcretme, sekt\u00f6r \u00e7al\u0131\u015fanlar\u0131n\u0131n yeniliklerle ilgili bilgilendirme ve bu yeniliklere uyum sa\u011flama gibi <strong>s\u00fcre\u00e7leri kolayla\u015ft\u0131rma misyonlar\u0131n\u0131<\/strong> \u00fcstleniyor.<\/p>\n<p><strong>Sat\u0131\u015f, pazarlama, finans, dijital d\u00fcnya, e-ticaret<\/strong> ve<strong> ki\u015fisel geli\u015fim<\/strong> gibi konu ba\u015fl\u0131klar\u0131nda i\u00e7eriklerin yer ald\u0131\u011f\u0131 <strong>T\u0130MDER Akademi<\/strong> e\u011fitimlerinden bug\u00fcne kadar<strong> 10 binin \u00fczerinde<\/strong> sekt\u00f6r \u00e7al\u0131\u015fan\u0131 faydalan\u0131rken, bu y\u0131l\u0131n ba\u015fl\u0131klar\u0131 ise<strong> \u201cPazarlama ve Sat\u0131\u015f Mod\u00fcl\u00fc\u201d, \u201c\u0130\u015fletme Y\u00f6netimi Mod\u00fcl\u00fc\u201d ve \u201cDijital D\u00f6n\u00fc\u015f\u00fcm Mod\u00fcl\u00fc\u201d<\/strong> olarak belirlendi. <strong>DemirD\u00f6k\u00fcm<\/strong>&#8216;\u00fcn <strong>Alt\u0131n Sponsorlu\u011fu<\/strong>&#8216;nda, <strong>3 ayr\u0131<\/strong> kategoride <strong>17 farkl\u0131<\/strong> konu ba\u015fl\u0131\u011f\u0131nda d\u00fczenlenecek e\u011fitimler,<strong> koronavir\u00fcs pandemisi nedeniyle<\/strong> bu y\u0131l online olarak ger\u00e7ekle\u015ftirilecek.<\/p>\n<p>Sekt\u00f6rde faaliyet g\u00f6steren y\u00f6neticilerden \u00e7al\u0131\u015fanlara kadar, t\u00fcm gruplara hitap edecek \u015fekilde kurgulanan <strong>T\u0130MDER Akademi<\/strong> e\u011fitimlerine bu y\u0131l da destek olduklar\u0131 i\u00e7in mutluluk duyduklar\u0131n\u0131 belirten <strong>Vaillant Group T\u00fcrkiye Pazarlamadan Sorumlu Genel M\u00fcd\u00fcr Yard\u0131mc\u0131s\u0131 Ufuk Atan,\u00a0<\/strong><em>&#8220;T\u00fcrkiye ile d\u00fcnyan\u0131n <strong>50&#8217;yi a\u015fk\u0131n<\/strong> \u00fclkesinde \u0131s\u0131tma ile \u00f6zde\u015fle\u015fmeyi ba\u015faran \u015firketimizin \u00f6ncelikleri aras\u0131nda, daima e\u011fitim yer al\u0131yor. DemirD\u00f6k\u00fcm olarak, sekt\u00f6r\u00fcm\u00fcz\u00fcn gelece\u011fi olan \u00f6\u011frencilerimiz ile <strong>i\u015f ortaklar\u0131m\u0131z\u0131 desteklemek<\/strong> ad\u0131na bir\u00e7ok <strong>farkl\u0131 alanda e\u011fitimler<\/strong> d\u00fczenliyor, sekt\u00f6r\u00fcm\u00fcz\u00fcn bu alanda hayata ge\u00e7irdi\u011fi <strong>\u00f6nc\u00fc \u00e7al\u0131\u015fmalarda rol almay\u0131<\/strong> \u00f6nemsiyoruz. Bu do\u011frultuda <strong>Alt\u0131n Sponsoru<\/strong> oldu\u011fumuz ve <strong>Tesisat \u0130n\u015faat Malzemecileri Derne\u011fi<\/strong>&#8216;nin (T\u0130MDER) vizyoner giri\u015fimiyle bug\u00fcnlere ula\u015fan <strong>T\u0130MDER Akademi<\/strong>\u2019nin yeni d\u00f6nemde de sekt\u00f6r \u00e7al\u0131\u015fanlar\u0131n\u0131n geli\u015fimine katk\u0131 sa\u011flayaca\u011f\u0131na ve <strong>iklimlendirme sekt\u00f6r\u00fcn\u00fcn hizmet kalitesi<\/strong>ni yukar\u0131 \u00e7ekece\u011fine inan\u0131yoruz\u201d<\/em> a\u00e7\u0131klamas\u0131n\u0131 yapt\u0131.<\/p>","protected":false},"excerpt":{"rendered":"<p>Sorry, this entry is only available in Turkish. For the sake of viewer convenience, the content is shown below in the alternative language. You may click the link to switch the active language. DemirD\u00f6k\u00fcm, 17 y\u0131ld\u0131r aral\u0131ks\u0131z olarak devam eden T\u0130MDER Akademi\u2019nin Alt\u0131n Sponsoru oldu. Bug\u00fcne kadar 10 binin \u00fczerinde sekt\u00f6r \u00e7al\u0131\u015fan\u0131n faydaland\u0131\u011f\u0131 e\u011fitimler, bu [&hellip;]<\/p>\n","protected":false},"author":1,"featured_media":129143,"comment_status":"open","ping_status":"open","sticky":false,"template":"","format":"standard","meta":[],"categories":[46,53],"tags":[78746,80435,54036,52259,53499,86365,86363,86364,41701,25779],"views":126,"_links":{"self":[{"href":"https:\/\/www.enerjigazetesi.ist\/en\/wp-json\/wp\/v2\/posts\/129140"}],"collection":[{"href":"https:\/\/www.enerjigazetesi.ist\/en\/wp-json\/wp\/v2\/posts"}],"about":[{"href":"https:\/\/www.enerjigazetesi.ist\/en\/wp-json\/wp\/v2\/types\/post"}],"author":[{"embeddable":true,"href":"https:\/\/www.enerjigazetesi.ist\/en\/wp-json\/wp\/v2\/users\/1"}],"replies":[{"embeddable":true,"href":"https:\/\/www.enerjigazetesi.ist\/en\/wp-json\/wp\/v2\/comments?post=129140"}],"version-history":[{"count":0,"href":"https:\/\/www.enerjigazetesi.ist\/en\/wp-json\/wp\/v2\/posts\/129140\/revisions"}],"wp:featuredmedia":[{"embeddable":true,"href":"https:\/\/www.enerjigazetesi.ist\/en\/wp-json\/wp\/v2\/media\/129143"}],"wp:attachment":[{"href":"https:\/\/www.enerjigazetesi.ist\/en\/wp-json\/wp\/v2\/media?parent=129140"}],"wp:term":[{"taxonomy":"category","embeddable":true,"href":"https:\/\/www.enerjigazetesi.ist\/en\/wp-json\/wp\/v2\/categories?post=129140"},{"taxonomy":"post_tag","embeddable":true,"href":"https:\/\/www.enerjigazetesi.ist\/en\/wp-json\/wp\/v2\/tags?post=129140"}],"curies":[{"name":"wp","href":"https:\/\/api.w.org\/{rel}","templated":true}]}}