{"id":129135,"date":"2021-02-11T14:39:01","date_gmt":"2021-02-11T11:39:01","guid":{"rendered":"https:\/\/www.enerjigazetesi.ist\/?p=129135"},"modified":"2021-02-11T14:40:01","modified_gmt":"2021-02-11T11:40:01","slug":"yunsa-dogayi-koruyan-kumas-uretti","status":"publish","type":"post","link":"https:\/\/www.enerjigazetesi.ist\/en\/yunsa-dogayi-koruyan-kumas-uretti\/","title":{"rendered":"(Turkish) &#8217;Y\u00fcnsa&#8217; Do\u011fay\u0131 Koruyan Kuma\u015f \u00dcretti"},"content":{"rendered":"<p class=\"qtranxs-available-languages-message qtranxs-available-languages-message-en\">Sorry, this entry is only available in <a href=\"https:\/\/www.enerjigazetesi.ist\/tr\/wp-json\/wp\/v2\/posts\/129135\" class=\"qtranxs-available-language-link qtranxs-available-language-link-tr\" title=\"Turkish\">Turkish<\/a>. For the sake of viewer convenience, the content is shown below in the alternative language. You may click the link to switch the active language.<\/p><p><\/p>\n<h1><strong>Avrupa\u2019n\u0131n en b\u00fcy\u00fck entegre y\u00fcnl\u00fc kuma\u015f \u00fcreticisi Y\u00fcnsa, s\u00fcrd\u00fcr\u00fclebilirlik oda\u011f\u0131nda y\u00fcr\u00fctt\u00fc\u011f\u00fc Ar-Ge \u00e7al\u0131\u015fmalar\u0131yla tekstil sekt\u00f6r\u00fcnde \u00f6rnek olacak yeniliklere imza at\u0131yor. Y\u00fcnsa\u2019n\u0131n geli\u015ftirdi\u011fi BioGreen y\u00fcnl\u00fc kuma\u015f, karbon ayak izini muadillerine g\u00f6re 8 kat azalt\u0131yor.<\/strong><\/h1>\n<p>Yenilik\u00e7i \u00fcr\u00fcnleriyle <strong>50\u2019den fazla<\/strong> \u00fclkeye ihracat yapan<strong> Y\u00fcnsa<\/strong>, gelecek nesillere daha ya\u015fanabilir bir d\u00fcnya b\u0131rakmak i\u00e7in <strong>s\u00fcrd\u00fcr\u00fclebilir \u00fcretim<\/strong> konusundaki \u00e7al\u0131\u015fmalar\u0131n\u0131 \u00e7e\u015fitlendiriyor. Bunun son \u00f6rne\u011fi ise <strong>Y\u00fcnsa Ar-Ge Merkezi<\/strong> taraf\u0131ndan geli\u015ftirilen <strong>BioGreen kuma\u015f<\/strong> oldu. \u00c7evreci kuma\u015f, <img loading=\"lazy\" class=\"alignright wp-image-129137\" src=\"https:\/\/www.enerjigazetesi.ist\/wp-content\/uploads\/2021\/02\/yunsa-dogayi-koruyan-kumas-uretti.jpg\" alt=\"\" width=\"340\" height=\"380\" srcset=\"https:\/\/www.enerjigazetesi.ist\/wp-content\/uploads\/2021\/02\/yunsa-dogayi-koruyan-kumas-uretti.jpg 550w, https:\/\/www.enerjigazetesi.ist\/wp-content\/uploads\/2021\/02\/yunsa-dogayi-koruyan-kumas-uretti-269x300.jpg 269w, https:\/\/www.enerjigazetesi.ist\/wp-content\/uploads\/2021\/02\/yunsa-dogayi-koruyan-kumas-uretti-358x400.jpg 358w, https:\/\/www.enerjigazetesi.ist\/wp-content\/uploads\/2021\/02\/yunsa-dogayi-koruyan-kumas-uretti-45x50.jpg 45w, https:\/\/www.enerjigazetesi.ist\/wp-content\/uploads\/2021\/02\/yunsa-dogayi-koruyan-kumas-uretti-500x558.jpg 500w\" sizes=\"(max-width: 340px) 100vw, 340px\" \/>do\u011fadan toplanan yabani bitki tohumlar\u0131ndan elde edilen <strong>ya\u011f bazl\u0131 bir yumu\u015fat\u0131c\u0131<\/strong> ile i\u015flem g\u00f6r\u00fcyor, bu i\u015flem sayesinde ise <strong>do\u011fada biyolojik<\/strong> olarak <strong>y\u00fcksek oranda<\/strong> \u00e7\u00f6z\u00fcnebiliyor.<\/p>\n<p><strong>Tekstile inovasyon<\/strong> katmak \u00f6nceli\u011fiyle \u00e7al\u0131\u015ft\u0131klar\u0131n\u0131 vurgulayan Y\u00fcnsa Genel M\u00fcd\u00fcr\u00fc <strong>Mustafa S\u00fcrmeg\u00f6z<\/strong>, BioGreen ile ilgili olarak, <em>\u201c\u015eu anda d\u00fcnyan\u0131n tek g\u00fcndemi s\u00fcrd\u00fcr\u00fclebilirlik. Her sekt\u00f6r s\u00fcrd\u00fcr\u00fclebilirlik konusunda sorumluluk almal\u0131. <strong>Y\u00fcnsa<\/strong> olarak \u00fczerimize d\u00fc\u015feni yap\u0131yoruz. \u00dcretimimizin merkezinde <strong>\u00e7evre dostu, s\u00fcrd\u00fcr\u00fclebilir \u00e7\u00f6z\u00fcmler<\/strong> ve<strong> inovasyon<\/strong> var. Daha az enerji ve <strong>do\u011fal kaynak harcayarak<\/strong>, daha az<strong> karbon ayak izi b\u0131rakarak<\/strong> do\u011fayla daha bar\u0131\u015f\u0131k \u00fcretim i\u00e7in \u00e7al\u0131\u015f\u0131yoruz. Ekiplerimizin bu kapsamda geli\u015ftirdi\u011fi <strong>BioGreen kuma\u015f\u0131m\u0131z<\/strong> bu \u00e7abalar\u0131m\u0131z\u0131n \u00fcr\u00fcn\u00fc. BioGreen kuma\u015f\u0131n \u00fcretim s\u00fcrecinde <strong>petrol bazl\u0131 \u00fcr\u00fcnler<\/strong> yerine <strong>\u00e7evre dostu ye\u015fil kimyasal<\/strong> ile <strong>proses uygulamas\u0131<\/strong> yap\u0131l\u0131yor. Bu sayede havaya ve suya tehlikeli seviyelerde zararl\u0131 madde sal\u0131nm\u0131yor, <strong>fosil yak\u0131tlar\u0131n ortadan kalkmas\u0131yla<\/strong> enerji kullan\u0131m\u0131 azal\u0131yor. Muadillerine g\u00f6re <strong>8 kat<\/strong> daha <strong>d\u00fc\u015f\u00fck karbon ayak izi<\/strong>ne sahip bu apre tekni\u011fini y\u00fcnl\u00fc kuma\u015flarda uygulayan d\u00fcnyadaki <strong>ilk<\/strong> ve <strong>tek firma<\/strong> olmak bize gurur veriyor\u201d<\/em> dedi.<\/p>\n<p><strong>Do\u011fal<\/strong> ve <strong>yenilenebilir kaynaklardan<\/strong> olu\u015fturulan<strong> yenilik\u00e7i teknolojisi<\/strong> ve <strong>minimum \u00e7evresel etkisi<\/strong>yle <strong>BioGreen sekt\u00f6rdeki<\/strong> en \u00e7evreci uygulamalardan biri olarak \u00f6ne \u00e7\u0131k\u0131yor.<\/p>\n<p>Y\u00fcnsa yak\u0131n zamanda <strong>AvoCare<\/strong> ismini verdi\u011fi ve y\u00fcnl\u00fc kuma\u015fa <strong>avokado ya\u011f\u0131n\u0131 n\u00fcfuz ettirerek<\/strong> \u00fcretti\u011fi kuma\u015fla <strong>T\u00fcrkiye\u2019de<\/strong> yine bir ilke imza atm\u0131\u015ft\u0131.<\/p>","protected":false},"excerpt":{"rendered":"<p>Sorry, this entry is only available in Turkish. For the sake of viewer convenience, the content is shown below in the alternative language. You may click the link to switch the active language. Avrupa\u2019n\u0131n en b\u00fcy\u00fck entegre y\u00fcnl\u00fc kuma\u015f \u00fcreticisi Y\u00fcnsa, s\u00fcrd\u00fcr\u00fclebilirlik oda\u011f\u0131nda y\u00fcr\u00fctt\u00fc\u011f\u00fc Ar-Ge \u00e7al\u0131\u015fmalar\u0131yla tekstil sekt\u00f6r\u00fcnde \u00f6rnek olacak yeniliklere imza at\u0131yor. Y\u00fcnsa\u2019n\u0131n geli\u015ftirdi\u011fi [&hellip;]<\/p>\n","protected":false},"author":1,"featured_media":129138,"comment_status":"open","ping_status":"open","sticky":false,"template":"","format":"standard","meta":[],"categories":[53],"tags":[11683,86362,86360,86357,52259,37486,86359,57125,86358,86361],"views":82,"_links":{"self":[{"href":"https:\/\/www.enerjigazetesi.ist\/en\/wp-json\/wp\/v2\/posts\/129135"}],"collection":[{"href":"https:\/\/www.enerjigazetesi.ist\/en\/wp-json\/wp\/v2\/posts"}],"about":[{"href":"https:\/\/www.enerjigazetesi.ist\/en\/wp-json\/wp\/v2\/types\/post"}],"author":[{"embeddable":true,"href":"https:\/\/www.enerjigazetesi.ist\/en\/wp-json\/wp\/v2\/users\/1"}],"replies":[{"embeddable":true,"href":"https:\/\/www.enerjigazetesi.ist\/en\/wp-json\/wp\/v2\/comments?post=129135"}],"version-history":[{"count":0,"href":"https:\/\/www.enerjigazetesi.ist\/en\/wp-json\/wp\/v2\/posts\/129135\/revisions"}],"wp:featuredmedia":[{"embeddable":true,"href":"https:\/\/www.enerjigazetesi.ist\/en\/wp-json\/wp\/v2\/media\/129138"}],"wp:attachment":[{"href":"https:\/\/www.enerjigazetesi.ist\/en\/wp-json\/wp\/v2\/media?parent=129135"}],"wp:term":[{"taxonomy":"category","embeddable":true,"href":"https:\/\/www.enerjigazetesi.ist\/en\/wp-json\/wp\/v2\/categories?post=129135"},{"taxonomy":"post_tag","embeddable":true,"href":"https:\/\/www.enerjigazetesi.ist\/en\/wp-json\/wp\/v2\/tags?post=129135"}],"curies":[{"name":"wp","href":"https:\/\/api.w.org\/{rel}","templated":true}]}}