{"id":129083,"date":"2021-05-08T11:09:12","date_gmt":"2021-05-08T08:09:12","guid":{"rendered":"https:\/\/www.enerjigazetesi.ist\/?p=129083"},"modified":"2021-05-08T11:09:45","modified_gmt":"2021-05-08T08:09:45","slug":"11-inci-irenec-2021-yuzde-100-yenilenebilir-enerji-konferansi-20-22-mayis-2021-de","status":"publish","type":"post","link":"https:\/\/www.enerjigazetesi.ist\/en\/11-inci-irenec-2021-yuzde-100-yenilenebilir-enerji-konferansi-20-22-mayis-2021-de\/","title":{"rendered":"(Turkish) 11&#8217;inci &#8216;IRENEC 2021&#8217; %100 Yenilenebilir Enerji Konferans\u0131 20-22 May\u0131s&#8217;ta!"},"content":{"rendered":"<p class=\"qtranxs-available-languages-message qtranxs-available-languages-message-en\">Sorry, this entry is only available in <a href=\"https:\/\/www.enerjigazetesi.ist\/tr\/wp-json\/wp\/v2\/posts\/129083\" class=\"qtranxs-available-language-link qtranxs-available-language-link-tr\" title=\"Turkish\">Turkish<\/a>. For the sake of viewer convenience, the content is shown below in the alternative language. You may click the link to switch the active language.<\/p><p><\/p>\n<h1><strong>T\u00fcrkiye Yenilenebilir Enerji Birli\u011fi (EUROSOLAR T\u00fcrkiye), birli\u011fin vizyonu do\u011frultusunda %100 yenilenebilir enerjiye ge\u00e7i\u015fin teknik, ekonomik ve siyasi boyutlar\u0131n\u0131n ve sanayide, mimaride, ula\u015f\u0131mda ve e\u011fitimde hayata ge\u00e7me yollar\u0131n\u0131n tart\u0131\u015f\u0131laca\u011f\u0131 uluslararas\u0131 bir platform yaratmak i\u00e7in her y\u0131l IRENEC <img loading=\"lazy\" class=\"alignright wp-image-129085\" src=\"https:\/\/www.enerjigazetesi.ist\/wp-content\/uploads\/2021\/02\/11inci-irenec-2021-yenilenebilir-enerji-konferansi-20-22-mayis-2021de.jpg\" alt=\"\" width=\"340\" height=\"169\" srcset=\"https:\/\/www.enerjigazetesi.ist\/wp-content\/uploads\/2021\/02\/11inci-irenec-2021-yenilenebilir-enerji-konferansi-20-22-mayis-2021de.jpg 503w, https:\/\/www.enerjigazetesi.ist\/wp-content\/uploads\/2021\/02\/11inci-irenec-2021-yenilenebilir-enerji-konferansi-20-22-mayis-2021de-300x149.jpg 300w, https:\/\/www.enerjigazetesi.ist\/wp-content\/uploads\/2021\/02\/11inci-irenec-2021-yenilenebilir-enerji-konferansi-20-22-mayis-2021de-500x249.jpg 500w, https:\/\/www.enerjigazetesi.ist\/wp-content\/uploads\/2021\/02\/11inci-irenec-2021-yenilenebilir-enerji-konferansi-20-22-mayis-2021de-80x40.jpg 80w\" sizes=\"(max-width: 340px) 100vw, 340px\" \/>Uluslararas\u0131 %100 Yenilenebilir Enerji Konferans\u0131\u2019n\u0131 d\u00fczenlemektedir.<\/strong><\/h1>\n<p>Enerji alan\u0131ndaki <strong>ye\u015fil \u00e7\u00f6z\u00fcm<\/strong>, mevcut en iyi teknolojilerin kullan\u0131ld\u0131\u011f\u0131<strong> ak\u0131ll\u0131 \u015febekelerin, yenilenebilir enerji depolama sistemleri<\/strong>nin ve <strong>enerjinin son kullan\u0131m verimlili\u011fi<\/strong>nin entegrasyonuyla <strong>%100 yenilenebilir enerji hedefine<\/strong> ula\u015f\u0131lmas\u0131d\u0131r.<\/p>\n<p><strong>Mevcut enerji a\u011f\u0131n\u0131<\/strong> gelecekte t\u00fcm\u00fcyle <strong>%100<\/strong> <strong>Yenilenebilir Enerjiye d\u00f6n\u00fc\u015ft\u00fcrme<\/strong> y\u00f6n\u00fcndeki k\u00fcresel hedef, <strong>IRENEC 2021<\/strong>\u2019in ana temas\u0131 olacakt\u0131r.<\/p>\n<p><strong>Kongre Hakk\u0131nda Detayl\u0131 Bilgi \u0130\u00e7in:\u00a0<\/strong><a href=\"https:\/\/www.irenec.org\/\" target=\"_blank\" rel=\"nofollow noopener\">https:\/\/www.irenec.org\/<\/a> adresini ziyaret edebilirsiniz.<\/p>","protected":false},"excerpt":{"rendered":"<p>Sorry, this entry is only available in Turkish. For the sake of viewer convenience, the content is shown below in the alternative language. You may click the link to switch the active language. T\u00fcrkiye Yenilenebilir Enerji Birli\u011fi (EUROSOLAR T\u00fcrkiye), birli\u011fin vizyonu do\u011frultusunda %100 yenilenebilir enerjiye ge\u00e7i\u015fin teknik, ekonomik ve siyasi boyutlar\u0131n\u0131n ve sanayide, mimaride, ula\u015f\u0131mda [&hellip;]<\/p>\n","protected":false},"author":1,"featured_media":129085,"comment_status":"open","ping_status":"open","sticky":false,"template":"","format":"standard","meta":[],"categories":[22893,51,53,52,49,48,50],"tags":[86314,1603,52259,6319,86312,90195,86313,54979,24756,90194,48359],"views":1263,"_links":{"self":[{"href":"https:\/\/www.enerjigazetesi.ist\/en\/wp-json\/wp\/v2\/posts\/129083"}],"collection":[{"href":"https:\/\/www.enerjigazetesi.ist\/en\/wp-json\/wp\/v2\/posts"}],"about":[{"href":"https:\/\/www.enerjigazetesi.ist\/en\/wp-json\/wp\/v2\/types\/post"}],"author":[{"embeddable":true,"href":"https:\/\/www.enerjigazetesi.ist\/en\/wp-json\/wp\/v2\/users\/1"}],"replies":[{"embeddable":true,"href":"https:\/\/www.enerjigazetesi.ist\/en\/wp-json\/wp\/v2\/comments?post=129083"}],"version-history":[{"count":0,"href":"https:\/\/www.enerjigazetesi.ist\/en\/wp-json\/wp\/v2\/posts\/129083\/revisions"}],"wp:featuredmedia":[{"embeddable":true,"href":"https:\/\/www.enerjigazetesi.ist\/en\/wp-json\/wp\/v2\/media\/129085"}],"wp:attachment":[{"href":"https:\/\/www.enerjigazetesi.ist\/en\/wp-json\/wp\/v2\/media?parent=129083"}],"wp:term":[{"taxonomy":"category","embeddable":true,"href":"https:\/\/www.enerjigazetesi.ist\/en\/wp-json\/wp\/v2\/categories?post=129083"},{"taxonomy":"post_tag","embeddable":true,"href":"https:\/\/www.enerjigazetesi.ist\/en\/wp-json\/wp\/v2\/tags?post=129083"}],"curies":[{"name":"wp","href":"https:\/\/api.w.org\/{rel}","templated":true}]}}