{"id":12896,"date":"2013-07-10T11:32:36","date_gmt":"2013-07-10T08:32:36","guid":{"rendered":"https:\/\/www.enerjigazetesi.ist\/?p=12896"},"modified":"2013-07-10T11:47:59","modified_gmt":"2013-07-10T08:47:59","slug":"bakan-yildiz-jeotermalin-getirisi-1-milyar-dolar-olacak","status":"publish","type":"post","link":"https:\/\/www.enerjigazetesi.ist\/en\/bakan-yildiz-jeotermalin-getirisi-1-milyar-dolar-olacak\/","title":{"rendered":"(Turkish) Bakan Y\u0131ld\u0131z: \u201cJeotermalin Getirisi 1 Milyar Dolar Olacak!\u201d"},"content":{"rendered":"<p class=\"qtranxs-available-languages-message qtranxs-available-languages-message-en\">Sorry, this entry is only available in <a href=\"https:\/\/www.enerjigazetesi.ist\/tr\/wp-json\/wp\/v2\/posts\/12896\" class=\"qtranxs-available-language-link qtranxs-available-language-link-tr\" title=\"Turkish\">Turkish<\/a>. For the sake of viewer convenience, the content is shown below in the alternative language. You may click the link to switch the active language.<\/p><p><strong>Enerji ve Tabii Kaynaklar Bakan\u0131 Taner Y\u0131ld\u0131z, Maden Tetkik ve Arama Genel M\u00fcd\u00fcrl\u00fc\u011f\u00fc\u2019n\u00fcn (MTA) 90\u2019a yak\u0131n jeotermal sahas\u0131n\u0131n ihalesinin yap\u0131ld\u0131\u011f\u0131n\u0131 belirtip, bunlar\u0131n i\u015fletmeye ge\u00e7mesi halinde ekonomiye yakla\u015f\u0131k 1 milyar dolarl\u0131k yerli kaynak kazanc\u0131 sa\u011flayaca\u011f\u0131n\u0131 s\u00f6yledi.<\/strong><\/p>\n<p>Zorlu Holding Y\u00f6netim Kurulu Ba\u015fkan\u0131 Ahmet Nazif Zorlu\u2019nun helikopteriyle Denizli\u2019ye gelen Bakan Taner Y\u0131ld\u0131z, Sarayk\u00f6y \u0130l\u00e7esi yak\u0131nlar\u0131ndaki K\u0131z\u0131ldere Jeotermal Sahas\u0131\u2019ndaki elektrik \u00fcretim tesislerini gezdi. Zorlu Grubu\u2019na ait tesislerdeki incelemeleri s\u0131ras\u0131nda Bakan Y\u0131ld\u0131z\u2019a, Denizli Valisi Abd\u00fckadir Demir, Manisa Valisi Abdurrahman Sava\u015f, Ak Partili Denizli Belediye Ba\u015fkan\u0131 Osman Zolan da e\u015flik etti. Bakan Y\u0131ld\u0131z, santral hak\u0131nda yetkililerden bilgi ald\u0131.<\/p>\n<h2>\u201cT\u00fcrkiye\u2019nin en b\u00fcy\u00fck jeotermal santrali\u201d<\/h2>\n<p>Bakan Y\u0131ld\u0131z, konu\u015fmas\u0131na ramazan ay\u0131n\u0131n ba\u015fta T\u00fcrkiye olmak \u00fczere M\u0131s\u0131r ve Suriye gibi \u00fclkelere de hay\u0131rl\u0131 olmas\u0131 dile\u011finde bulunarak ba\u015flad\u0131. Zorlu Enerji taraf\u0131ndan K\u0131z\u0131ldere\u2019ye kurulan santralin T\u00fcrkiye\u2019nin en b\u00fcy\u00fck jeotermal santrali oldu\u011funu belirten Bakan Y\u0131ld\u0131z, \u201cJeotermalden 600 megawatl\u0131k elektrik edinimi ile ilgili enerji politikalar\u0131 ve stratejilerimiz var. Avrupa\u2019n\u0131n en b\u00fcy\u00fck jeotermal kayna\u011f<a href=\"https:\/\/www.enerjigazetesi.ist\/wp-content\/uploads\/2013\/05\/taner-yildiz-gundemi-571-505x351.jpg\"><img loading=\"lazy\" class=\"alignleft size-medium wp-image-10584\" title=\"taner-yildiz-jeotermal-enerji-getirisi-g\u00fcndemi\" src=\"https:\/\/www.enerjigazetesi.ist\/wp-content\/uploads\/2013\/05\/taner-yildiz-gundemi-571-505x351-300x208.jpg\" alt=\"\" width=\"300\" height=\"208\" srcset=\"https:\/\/www.enerjigazetesi.ist\/wp-content\/uploads\/2013\/05\/taner-yildiz-gundemi-571-505x351-300x208.jpg 300w, https:\/\/www.enerjigazetesi.ist\/wp-content\/uploads\/2013\/05\/taner-yildiz-gundemi-571-505x351-500x347.jpg 500w, https:\/\/www.enerjigazetesi.ist\/wp-content\/uploads\/2013\/05\/taner-yildiz-gundemi-571-505x351-71x50.jpg 71w, https:\/\/www.enerjigazetesi.ist\/wp-content\/uploads\/2013\/05\/taner-yildiz-gundemi-571-505x351.jpg 505w\" sizes=\"(max-width: 300px) 100vw, 300px\" \/><\/a>\u0131na sahip bir \u00fclkeyiz. Enerji ve Tabii Kaynaklar Bakanl\u0131\u011f\u0131\u2019n\u0131n MTA\u2019n\u0131n \u00e7\u0131kard\u0131\u011f\u0131 sahalarla ilgili \u00e7al\u0131\u015fmalar\u0131 s\u00fcr\u00fcyor. Bug\u00fcn yaln\u0131zca MTA\u2019dan 90\u2019a yak\u0131n sahan\u0131n ihalesi yap\u0131ld\u0131.<\/p>\n<p>Bunlar\u0131n i\u015fletmeye ge\u00e7mesi halinde ki bunlar\u0131n aras\u0131nda in\u015faatlar\u0131 devam eden de var, T\u00fcrkiye ekonomisinin yakla\u015f\u0131k 1 milyar dolar civar\u0131nda enerji sekt\u00f6r\u00fcnde yerli kaynak olarak kazanc\u0131 olacak. Bug\u00fcn Denizli\u2019de \u00f6zel sekt\u00f6re ait olan bu i\u015fletme, T\u00fcrkiye\u2019nin en b\u00fcy\u00fck jeotermal santralidir. 80 megawatl\u0131k bir santral kuruluyor ve bitme a\u015famas\u0131nda. Bu rakam\u0131 k\u00fc\u00e7\u00fcmsememek laz\u0131m. Y\u0131lda yakla\u015f\u0131k 8 bin saatlik elektrik enerjisi, sonsuz bir kaynak olan jeotermalden \u00fcretilecek. Yer alt\u0131ndaki buhar enerjiye d\u00f6n\u00fc\u015fm\u00fc\u015f olacak\u201d dedi.<\/p>\n<h2>\u201cSera b\u00f6lgesi olu\u015fturulacak\u201d<\/h2>\n<p>Bakan Y\u0131ld\u0131z, zengin jeotermal kaynaklar\u0131na sahip Denizli\u2019de T\u00fcrkiye\u2019ye \u00f6rnek olacak organize sera b\u00f6lgesi olu\u015fturulaca\u011f\u0131n\u0131 da s\u00f6yledi. Y\u0131ld\u0131z, \u201cBurada ilk \u00e7\u0131k\u0131lan ihaleden yat\u0131r\u0131mc\u0131lar\u0131m\u0131z\u0131n pek haberi olmad\u0131. \u0130lgili arkada\u015flarla g\u00f6r\u00fc\u015fece\u011fim. K\u0131z\u0131ldere\u2019den \u00e7\u0131kan suyun buhar\u0131n\u0131n bir b\u00f6l\u00fcm\u00fc organize sera b\u00f6lgesinde kullan\u0131lacak. \u0130\u015fletmesinin daha kolay oldu\u011fu bir serac\u0131l\u0131k faaliyeti y\u00fcr\u00fct\u00fclecek. \u00c7evreye kar\u015f\u0131 de\u011fil, \u00e7evreyle beraber hareket ediyoruz. Bu b\u00f6lge tar\u0131m sekt\u00f6r\u00fcn\u00fcn olduk\u00e7a desteklendi\u011fi bir b\u00f6lge olacak. Bu projeden \u00e7ok keyif ald\u0131m. Bu projelerin say\u0131s\u0131n\u0131n artmas\u0131 i\u00e7in herkes elinden geleni yapmal\u0131\u201d diye konu\u015ftu.<\/p>\n<p>Zorlu Holding Y\u00f6netim Kurulu Ba\u015fkan\u0131 Ahmet Nazif Zorlu ise K\u0131z\u0131ldere Zorlu Jeotermal Elektrik \u00dcretim Tesisleri\u2019nin T\u00fcrkiye\u2019nin ilk jeotermal elektrik \u00fcretim tesisi oldu\u011funu s\u00f6yledi. Zorlu, \u201cTesisi geni\u015fletece\u011fiz. Buras\u0131 i\u00e7in 100 megawatl\u0131k yeni bir lisans m\u00fcracaat\u0131 yapt\u0131k\u201d dedi.<\/p>\n<p>Bakan Y\u0131ld\u0131z, daha sonra helikopterle Manisa\u2019n\u0131n Soma \u0130l\u00e7esi\u2019ne harekete etti.<\/p>\n<p>Kaynak: <a href=\"http:\/\/enerjienstitusu.com\/2013\/07\/10\/bakan-yildiz-jeotermalin-getirisi-1-milyar-dolar-olacak\/\" target=\"_blank\">Enerji Enstit\u00fcs\u00fc<\/a><\/p>","protected":false},"excerpt":{"rendered":"<p>Sorry, this entry is only available in Turkish. For the sake of viewer convenience, the content is shown below in the alternative language. You may click the link to switch the active language.Enerji ve Tabii Kaynaklar Bakan\u0131 Taner Y\u0131ld\u0131z, Maden Tetkik ve Arama Genel M\u00fcd\u00fcrl\u00fc\u011f\u00fc\u2019n\u00fcn (MTA) 90\u2019a yak\u0131n jeotermal sahas\u0131n\u0131n ihalesinin yap\u0131ld\u0131\u011f\u0131n\u0131 belirtip, bunlar\u0131n i\u015fletmeye [&hellip;]<\/p>\n","protected":false},"author":1,"featured_media":10584,"comment_status":"open","ping_status":"open","sticky":false,"template":"","format":"standard","meta":[],"categories":[51,53,48],"tags":[710,845,19,63,67,165,58,6749,6747,6748,3237,667,1305],"views":833,"_links":{"self":[{"href":"https:\/\/www.enerjigazetesi.ist\/en\/wp-json\/wp\/v2\/posts\/12896"}],"collection":[{"href":"https:\/\/www.enerjigazetesi.ist\/en\/wp-json\/wp\/v2\/posts"}],"about":[{"href":"https:\/\/www.enerjigazetesi.ist\/en\/wp-json\/wp\/v2\/types\/post"}],"author":[{"embeddable":true,"href":"https:\/\/www.enerjigazetesi.ist\/en\/wp-json\/wp\/v2\/users\/1"}],"replies":[{"embeddable":true,"href":"https:\/\/www.enerjigazetesi.ist\/en\/wp-json\/wp\/v2\/comments?post=12896"}],"version-history":[{"count":6,"href":"https:\/\/www.enerjigazetesi.ist\/en\/wp-json\/wp\/v2\/posts\/12896\/revisions"}],"predecessor-version":[{"id":12902,"href":"https:\/\/www.enerjigazetesi.ist\/en\/wp-json\/wp\/v2\/posts\/12896\/revisions\/12902"}],"wp:featuredmedia":[{"embeddable":true,"href":"https:\/\/www.enerjigazetesi.ist\/en\/wp-json\/wp\/v2\/media\/10584"}],"wp:attachment":[{"href":"https:\/\/www.enerjigazetesi.ist\/en\/wp-json\/wp\/v2\/media?parent=12896"}],"wp:term":[{"taxonomy":"category","embeddable":true,"href":"https:\/\/www.enerjigazetesi.ist\/en\/wp-json\/wp\/v2\/categories?post=12896"},{"taxonomy":"post_tag","embeddable":true,"href":"https:\/\/www.enerjigazetesi.ist\/en\/wp-json\/wp\/v2\/tags?post=12896"}],"curies":[{"name":"wp","href":"https:\/\/api.w.org\/{rel}","templated":true}]}}