{"id":128900,"date":"2021-02-08T15:16:05","date_gmt":"2021-02-08T12:16:05","guid":{"rendered":"https:\/\/www.enerjigazetesi.ist\/?p=128900"},"modified":"2021-02-08T15:16:57","modified_gmt":"2021-02-08T12:16:57","slug":"iletim-ve-dagitim-tarifeleri-ndeki-yuksek-artis-elektrik-ureticilerini-zorluyor","status":"publish","type":"post","link":"https:\/\/www.enerjigazetesi.ist\/en\/iletim-ve-dagitim-tarifeleri-ndeki-yuksek-artis-elektrik-ureticilerini-zorluyor\/","title":{"rendered":"(Turkish) \u0130letim ve Da\u011f\u0131t\u0131m Tarifelerindeki Art\u0131\u015f Elektrik \u00dcreticilerini Zorluyor"},"content":{"rendered":"<p class=\"qtranxs-available-languages-message qtranxs-available-languages-message-en\">Sorry, this entry is only available in <a href=\"https:\/\/www.enerjigazetesi.ist\/tr\/wp-json\/wp\/v2\/posts\/128900\" class=\"qtranxs-available-language-link qtranxs-available-language-link-tr\" title=\"Turkish\">Turkish<\/a>. For the sake of viewer convenience, the content is shown below in the alternative language. You may click the link to switch the active language.<\/p><p><\/p>\n<h1><strong>TE\u0130A\u015e taraf\u0131ndan Elektrik \u00dcreticilerine Uygulanan \u0130letim ve Da\u011f\u0131t\u0131m Tarifelerindeki art\u0131\u015f oran\u0131n\u0131n elektrik \u00fcreticilerinin hali haz\u0131rda k\u00fcresel vir\u00fcs salg\u0131n\u0131n olumsuz etkilerine kar\u015f\u0131 m\u00fccadele verdi\u011fi bir d\u00f6nemde mevcut y\u00fcklerini artt\u0131rd\u0131\u011f\u0131n\u0131 ve enerji sekt\u00f6r\u00fcndeki bu \u00f6ng\u00f6r\u00fclemez art\u0131\u015f\u0131n potansiyel yat\u0131r\u0131mc\u0131lar\u0131n yat\u0131r\u0131mlar\u0131n\u0131 ciddi manada g\u00f6zden ge\u00e7irmelerine neden olabilece\u011finin alt\u0131n\u0131 \u00e7izen <u>Yenilenebilir Enerji Ara\u015ft\u0131rmalar\u0131 Derne\u011fi (YENADER) &#8211; Ba\u015fkan Yard\u0131mc\u0131s\u0131 Ali Karaduman:<\/u> <em>\u201cBu art\u0131\u015flar, \u00fclkemizin cari a\u00e7\u0131\u011f\u0131n\u0131n azalt\u0131lmas\u0131nda olduk\u00e7a b\u00fcy\u00fck etkisi olan yerli ve milli enerji kaynak ve \u00fcretim hamlelerine y\u00f6nelik yat\u0131r\u0131m i\u015ftah\u0131na zarar verecek\u201d<\/em> dedi.<\/strong><\/h1>\n<p><strong><img loading=\"lazy\" class=\"alignright wp-image-128907\" src=\"https:\/\/www.enerjigazetesi.ist\/wp-content\/uploads\/2021\/02\/iletim-ve-dagitim-tarifelerindeki-yuksek-artis-elektrik-ureticilerini-zorluyor.jpg\" alt=\"\" width=\"320\" height=\"315\" srcset=\"https:\/\/www.enerjigazetesi.ist\/wp-content\/uploads\/2021\/02\/iletim-ve-dagitim-tarifelerindeki-yuksek-artis-elektrik-ureticilerini-zorluyor.jpg 550w, https:\/\/www.enerjigazetesi.ist\/wp-content\/uploads\/2021\/02\/iletim-ve-dagitim-tarifelerindeki-yuksek-artis-elektrik-ureticilerini-zorluyor-300x295.jpg 300w, https:\/\/www.enerjigazetesi.ist\/wp-content\/uploads\/2021\/02\/iletim-ve-dagitim-tarifelerindeki-yuksek-artis-elektrik-ureticilerini-zorluyor-407x400.jpg 407w, https:\/\/www.enerjigazetesi.ist\/wp-content\/uploads\/2021\/02\/iletim-ve-dagitim-tarifelerindeki-yuksek-artis-elektrik-ureticilerini-zorluyor-51x50.jpg 51w, https:\/\/www.enerjigazetesi.ist\/wp-content\/uploads\/2021\/02\/iletim-ve-dagitim-tarifelerindeki-yuksek-artis-elektrik-ureticilerini-zorluyor-500x492.jpg 500w\" sizes=\"(max-width: 320px) 100vw, 320px\" \/>1 Ocak 2021<\/strong>&#8216;den itibaren uygulanmaya ba\u015flanan<strong> \u0130letim Sistem Kullan\u0131m ve Sistem \u0130\u015fletim Tarifesi<\/strong> ile EPDK taraf\u0131ndan onaylanan <strong>\u201c\u00dcreticiler \u0130\u00e7in Da\u011f\u0131t\u0131m Tarifesi\u201d<\/strong> art\u0131\u015f oranlar\u0131 tepkileri \u00fczerine \u00e7ekiyor. A\u00e7\u0131klanan art\u0131\u015f oranlar\u0131n\u0131n, <strong>y\u0131ll\u0131k<\/strong> <strong>%14,6 olan enflasyon oran\u0131n\u0131n<\/strong> \u00e7ok \u00fczerinde oldu\u011fu ve bu durumun<strong> elektrik \u00fcreticileri<\/strong> i\u00e7in <strong>olduk\u00e7a zorlay\u0131c\u0131 olaca\u011f\u0131<\/strong> \u015fimdiden fark ediliyor.<\/p>\n<p>\u00d6zellikle <strong>pandemi d\u00f6nemi<\/strong>nde, <strong>finansal s\u00fcrd\u00fcr\u00fclebilirlik sorunu<\/strong>nun hissedildi\u011fi elektrik \u00fcretim sekt\u00f6r\u00fcnde santrallerin maliyetlerine ilave y\u00fcklerin eklenmesinin, finansal tablolar\u0131 bozaca\u011f\u0131 ve <strong>bir\u00e7ok santralinde ayakta kalmas\u0131n\u0131n zorla\u015faca\u011f\u0131 d\u00fc\u015f\u00fcn\u00fcl\u00fcyor.<\/strong><\/p>\n<h2><strong>ELEKTR\u0130K \u00dcRET\u0130C\u0130LER\u0130, ARTI\u015eLARDAN OLUMSUZ ETK\u0130LEN\u0130YOR<\/strong><\/h2>\n<p>Son <strong>6 y\u0131ll\u0131k iletim bedeli<\/strong> art\u0131\u015flar\u0131na bak\u0131ld\u0131\u011f\u0131nda a\u00e7\u0131klanan bu art\u0131\u015f oranlar\u0131n\u0131n yat\u0131r\u0131mc\u0131lar taraf\u0131ndan \u00f6ng\u00f6r\u00fclmesinin m\u00fcmk\u00fcn olmad\u0131\u011f\u0131n\u0131n alt\u0131n\u0131 \u00e7izen <strong><u>Yenilenebilir Enerji Ara\u015ft\u0131rmalar\u0131 Derne\u011fi (YENADER) Ba\u015fkan Yard\u0131mc\u0131s\u0131 Ali Karaduman<\/u>;<\/strong> <em>\u201c<strong>Yerli<\/strong> ve <strong>milli enerji<\/strong> potansiyelimiz \u00fclkemiz i\u00e7in olduk\u00e7a \u00f6nemli. K\u00fcresel rekabetten ve enerjide d\u0131\u015fa ba\u011f\u0131ml\u0131l\u0131ktan kurtulmada son derece \u00f6nemli olan yenilenebilir enerji sekt\u00f6r\u00fcne ve \u00fcreticilerine destek olmal\u0131y\u0131z. Da\u011f\u0131t\u0131m sistemine ba\u011fl\u0131 olan \u00fcreticilerin tabi olduklar\u0131 <strong>da\u011f\u0131t\u0131m tarifesinde y\u00fcksek<\/strong> derecede ya\u015fanan art\u0131\u015f oran\u0131, \u00fcreticileri i\u00e7inden ge\u00e7ti\u011fimiz bu s\u0131k\u0131nt\u0131l\u0131 s\u00fcre\u00e7lerde olduk\u00e7a zor durumda b\u0131rakacak\u201d<\/em> dedi.<\/p>\n<h2><strong>ENERJ\u0130 YATIRIMLARININ DURMASINA NEDEN OLACAK<\/strong><\/h2>\n<p><strong>TE\u0130A\u015e<\/strong> taraf\u0131ndan a\u00e7\u0131klanan oranlar incelendi\u011finde; Sistem Kullan\u0131m Sabit bile\u015feninde <strong>%7,82<\/strong> ila <strong>%12,82<\/strong> aras\u0131nda de\u011fi\u015fen oranlarda indirim yap\u0131ld\u0131\u011f\u0131, Sistem Kullan\u0131m De\u011fi\u015fken bile\u015feninde ise %5,59 art\u0131\u015f yap\u0131ld\u0131\u011f\u0131 g\u00f6r\u00fcl\u00fcyor. T\u00fcm bunlar\u0131n yan\u0131 s\u0131ra<strong> Sistem \u0130\u015fletim tarifesinde ger\u00e7ekle\u015ftirilen %767,12 oran\u0131ndaki y\u00fcksek art\u0131\u015f ise \u00fcreticileri olduk\u00e7a zorlarken yat\u0131r\u0131mc\u0131lar\u0131n ise enerji alan\u0131nda \u00e7al\u0131\u015fma yapmas\u0131na engel oluyor.<\/strong><\/p>\n<p>\u00d6ng\u00f6r\u00fclemez derecede ya\u015fanan bu t\u00fcr maliyet art\u0131\u015flar\u0131n\u0131n, enerji sekt\u00f6r\u00fcnde yat\u0131r\u0131m ortam\u0131n\u0131 zedeleyece\u011finin ve <u>yat\u0131r\u0131mc\u0131lar\u0131n yeni yat\u0131r\u0131mlardan ka\u00e7mas\u0131na neden olaca\u011f\u0131n\u0131n \u00fczerinde <\/u>duran <strong><u>Ali Karaduman<\/u><\/strong> s\u00f6zlerini \u015fu \u015fekilde s\u00fcrd\u00fcrd\u00fc<em>: \u201cBu durum orta ve uzun vadede <u>arz g\u00fcvenli\u011fi riskinin ortaya \u00e7\u0131kmas\u0131na<\/u> neden olacak. <strong>Yat\u0131r\u0131m ortam\u0131n\u0131n \u015feffafl\u0131\u011f\u0131 zedelenecek<\/strong> ve <strong>olas\u0131 yap\u0131lacak yat\u0131r\u0131mlar\u0131n durmas\u0131na neden olacak,<\/strong> finans kurulu\u015flar\u0131 ve yat\u0131r\u0131mc\u0131lar enerji projelerinden h\u0131zla uzakla\u015fmaya ba\u015flayacak.\u201d<\/em><\/p>\n<h2><strong>T\u00dcKET\u0130C\u0130LERDE ARTI\u015eLARDAN ETK\u0130LENECEK<\/strong><\/h2>\n<p><strong>\u0130letim ve da\u011f\u0131t\u0131m tarifeleri<\/strong>nde ya\u015fanan y\u00fcksek <strong>art\u0131\u015flar\u0131n t\u00fcketici tarifelerine yans\u0131yaca\u011f\u0131 ise ka\u00e7\u0131n\u0131lmaz bir ger\u00e7ek<\/strong> olarak kar\u015f\u0131m\u0131za \u00e7\u0131k\u0131yor. <strong>Elektrik fiyatlar\u0131nda ya\u015fanan art\u0131\u015flar<\/strong> neticesinde ne yapaca\u011f\u0131n\u0131 \u015fa\u015f\u0131ran t\u00fcketicilerin, olas\u0131 yeni art\u0131\u015flardan da olduk\u00e7a rahats\u0131zl\u0131k duyaca\u011f\u0131n\u0131 tahmin etmek bu \u015fartlar alt\u0131nda hi\u00e7 de zor g\u00f6z\u00fckm\u00fcyor.<\/p>\n<p><u>\u0130letim ve da\u011f\u0131t\u0131m tarifelerindeki art\u0131\u015f\u0131n yeniden g\u00f6zden ge\u00e7irilmesinin<\/u> <strong>hem sekt\u00f6r hem yat\u0131r\u0131mc\u0131lar hem de t\u00fcketiciler i\u00e7in olduk\u00e7a hayati bir boyut ta\u015f\u0131d\u0131\u011f\u0131n\u0131 belirten<\/strong> <strong><u>Ali Karaduman<\/u><\/strong> s\u00f6zlerine \u015funlar\u0131 ilave etti: \u201c<em>Yenilenebilir enerji sekt\u00f6r\u00fc kar elde etti\u011fi s\u00fcrece devlete vergi verecek, santrallar\u0131nda istihdam sa\u011flayacak, cari a\u00e7\u0131\u011f\u0131 d\u00fc\u015f\u00fcrmede katk\u0131s\u0131 olacakt\u0131r. \u00d6zellikle pandemi nedeniyle \u00fclkemizde ve t\u00fcm d\u00fcnyada olduk\u00e7a k\u0131s\u0131tl\u0131 imkanlarda \u00e7al\u0131\u015fmakta olan elektrik \u00fcreticilerinin halihaz\u0131rda ya\u015fam\u0131\u015f oldu\u011fu finansal s\u0131k\u0131nt\u0131lar g\u00f6z \u00f6n\u00fcne al\u0131narak, enerji piyasas\u0131na daha da zarar vermeden bu art\u0131\u015flar\u0131n acilen yeniden g\u00f6zden ge\u00e7irilmesi gerekiyor.\u201d<\/em><\/p>\n<p><strong>Tablo 1 &#8211; (TE\u0130A\u015e iletim bedeli art\u0131\u015flar\u0131 ve enflasyon oranlar\u0131)<\/strong><\/p>\n<p><img loading=\"lazy\" class=\"alignleft wp-image-128902\" src=\"https:\/\/www.enerjigazetesi.ist\/wp-content\/uploads\/2021\/02\/01-2.jpg\" alt=\"\" width=\"550\" height=\"130\" srcset=\"https:\/\/www.enerjigazetesi.ist\/wp-content\/uploads\/2021\/02\/01-2.jpg 840w, https:\/\/www.enerjigazetesi.ist\/wp-content\/uploads\/2021\/02\/01-2-300x71.jpg 300w, https:\/\/www.enerjigazetesi.ist\/wp-content\/uploads\/2021\/02\/01-2-768x182.jpg 768w, https:\/\/www.enerjigazetesi.ist\/wp-content\/uploads\/2021\/02\/01-2-500x118.jpg 500w, https:\/\/www.enerjigazetesi.ist\/wp-content\/uploads\/2021\/02\/01-2-80x19.jpg 80w\" sizes=\"(max-width: 550px) 100vw, 550px\" \/><\/p>\n<p>&nbsp;<\/p>\n<p>&nbsp;<\/p>\n<p>&nbsp;<\/p>\n<p>&nbsp;<\/p>\n<p><strong>Tablo 2 &#8211; (Da\u011f\u0131t\u0131m Sistemi Tarife \u2013 Tek Terimli ve enflasyon oranlar\u0131)<\/strong><\/p>\n<p><img loading=\"lazy\" class=\"alignleft size-full wp-image-128903\" src=\"https:\/\/www.enerjigazetesi.ist\/wp-content\/uploads\/2021\/02\/02-1.jpg\" alt=\"\" width=\"483\" height=\"168\" srcset=\"https:\/\/www.enerjigazetesi.ist\/wp-content\/uploads\/2021\/02\/02-1.jpg 483w, https:\/\/www.enerjigazetesi.ist\/wp-content\/uploads\/2021\/02\/02-1-300x104.jpg 300w, https:\/\/www.enerjigazetesi.ist\/wp-content\/uploads\/2021\/02\/02-1-80x28.jpg 80w\" sizes=\"(max-width: 483px) 100vw, 483px\" \/><\/p>","protected":false},"excerpt":{"rendered":"<p>Sorry, this entry is only available in Turkish. For the sake of viewer convenience, the content is shown below in the alternative language. You may click the link to switch the active language. TE\u0130A\u015e taraf\u0131ndan Elektrik \u00dcreticilerine Uygulanan \u0130letim ve Da\u011f\u0131t\u0131m Tarifelerindeki art\u0131\u015f oran\u0131n\u0131n elektrik \u00fcreticilerinin hali haz\u0131rda k\u00fcresel vir\u00fcs salg\u0131n\u0131n olumsuz etkilerine kar\u015f\u0131 m\u00fccadele [&hellip;]<\/p>\n","protected":false},"author":1,"featured_media":128908,"comment_status":"open","ping_status":"open","sticky":false,"template":"","format":"standard","meta":[],"categories":[51,53],"tags":[70135,53114,86160,52259,86158,86156,54431,79125,86159,86157],"views":304,"_links":{"self":[{"href":"https:\/\/www.enerjigazetesi.ist\/en\/wp-json\/wp\/v2\/posts\/128900"}],"collection":[{"href":"https:\/\/www.enerjigazetesi.ist\/en\/wp-json\/wp\/v2\/posts"}],"about":[{"href":"https:\/\/www.enerjigazetesi.ist\/en\/wp-json\/wp\/v2\/types\/post"}],"author":[{"embeddable":true,"href":"https:\/\/www.enerjigazetesi.ist\/en\/wp-json\/wp\/v2\/users\/1"}],"replies":[{"embeddable":true,"href":"https:\/\/www.enerjigazetesi.ist\/en\/wp-json\/wp\/v2\/comments?post=128900"}],"version-history":[{"count":0,"href":"https:\/\/www.enerjigazetesi.ist\/en\/wp-json\/wp\/v2\/posts\/128900\/revisions"}],"wp:featuredmedia":[{"embeddable":true,"href":"https:\/\/www.enerjigazetesi.ist\/en\/wp-json\/wp\/v2\/media\/128908"}],"wp:attachment":[{"href":"https:\/\/www.enerjigazetesi.ist\/en\/wp-json\/wp\/v2\/media?parent=128900"}],"wp:term":[{"taxonomy":"category","embeddable":true,"href":"https:\/\/www.enerjigazetesi.ist\/en\/wp-json\/wp\/v2\/categories?post=128900"},{"taxonomy":"post_tag","embeddable":true,"href":"https:\/\/www.enerjigazetesi.ist\/en\/wp-json\/wp\/v2\/tags?post=128900"}],"curies":[{"name":"wp","href":"https:\/\/api.w.org\/{rel}","templated":true}]}}