{"id":12889,"date":"2013-07-10T11:21:16","date_gmt":"2013-07-10T08:21:16","guid":{"rendered":"https:\/\/www.enerjigazetesi.ist\/?p=12889"},"modified":"2013-07-10T11:26:10","modified_gmt":"2013-07-10T08:26:10","slug":"asunim-turkiyenin-en-buyuk-cati-uzeri-gunes-enerjisi","status":"publish","type":"post","link":"https:\/\/www.enerjigazetesi.ist\/en\/asunim-turkiyenin-en-buyuk-cati-uzeri-gunes-enerjisi\/","title":{"rendered":"(Turkish) Asunim; T\u00fcrkiye&#8217;nin En B\u00fcy\u00fck \u00c7at\u0131 \u00dczeri G\u00fcne\u015f Enerjisi&#8230;"},"content":{"rendered":"<p class=\"qtranxs-available-languages-message qtranxs-available-languages-message-en\">Sorry, this entry is only available in <a href=\"https:\/\/www.enerjigazetesi.ist\/tr\/wp-json\/wp\/v2\/posts\/12889\" class=\"qtranxs-available-language-link qtranxs-available-language-link-tr\" title=\"Turkish\">Turkish<\/a>. For the sake of viewer convenience, the content is shown below in the alternative language. You may click the link to switch the active language.<\/p><p><strong>D\u00fcnya \u00e7ap\u0131nda 150MW\u2019a varan referansa sahip \u201cGrupo Asunim\u201d b\u00fcnyesinde, ge\u00e7ti\u011fimiz sene Ankara\u2019da faaliyetlerine ba\u015flayan Asunim T\u00fcrkiye; Adana\u2019n\u0131n Seyhan il\u00e7esinde 500kWp g\u00fcce sahip T\u00fcrkiye\u2019nin en b\u00fcy\u00fck \u00e7at\u0131 sisteminin kurulumunu tamamlad\u0131. Devreye al\u0131nan sistem, \u00fclkemiz kuma\u015f ihracat\u0131nda \u00f6nemli bir paya sahip olan K\u0131van\u00e7 Tekstil A.\u015e.\u2019nin fabrika \u00e7at\u0131s\u0131na kuruldu. Sistemden elde edilen elektrik, Avrupa\u2019n\u0131n onlarca \u00fclkesine ihra\u00e7 edilen T\u00fcrk mal\u0131 kuma\u015flar\u0131n\u0131n \u00fcretimindeki elektrik ihtiyac\u0131n\u0131 kar\u015f\u0131layacak.<\/strong><\/p>\n<p>T\u00fcrkiye\u2019de g\u00fcne\u015ften elektrik \u00fcretmek i\u00e7in yap\u0131lan ilk ba\u015fvurunun sahibi olan K\u0131van\u00e7 Tekstil\u2019in onlarca \u015firket aras\u0131ndan Asunim\u2019i se\u00e7mesi nedeniyle te\u015fekk\u00fcr ederek konu\u015fmas\u0131na ba\u015flayan Asunim T\u00fcrkiye Genel M\u00fcd\u00fcr\u00fc Umut G\u00fcrb\u00fcz; sekt\u00f6rdeki 12 y\u0131ll\u0131k deneyimleri ile elde ettikleri know-how ve tecr\u00fcbeyi, en uygun ko\u015ful ve fiyatlar ile T\u00fcrk yat\u0131r\u0131mc\u0131lar\u0131na sunduklar\u0131n\u0131 belirtti. Kurulumu tamamlanan sistemde, 3 adet farkl\u0131 tipte \u00e7at\u0131n\u0131n bir arada bulundu\u011funu s\u00f6yleyen ve \u00fclkemizde g\u00fcne\u015f enerjisi sekt\u00f6r\u00fcndeki tecr\u00fcbe eksikli\u011fine dikkat \u00e7eken Umut G\u00fcrb\u00fcz \u015f\u00f6yle devam etti:<\/p>\n<p>&#8220;G\u00fcne\u015f enerjisi projelerindeki bilgi ve deneyim eksikli\u011fi sebebiyle ortaya \u00e7\u0131kan k\u00fc\u00e7\u00fck hatalar olumsuz b<a href=\"https:\/\/www.enerjigazetesi.ist\/wp-content\/uploads\/2013\/07\/asunim-turkiyenin-en-buyuk-cati-uzeri-gunes-enerjisi-sdevreye-aliyor.jpg\"><img loading=\"lazy\" class=\"alignright size-medium wp-image-12890\" title=\"asunim-turkiyenin-en-buyuk-cati-uzeri-gunes-enerjisi-sdevreye-aliyor\" src=\"https:\/\/www.enerjigazetesi.ist\/wp-content\/uploads\/2013\/07\/asunim-turkiyenin-en-buyuk-cati-uzeri-gunes-enerjisi-sdevreye-aliyor-300x196.jpg\" alt=\"\" width=\"300\" height=\"196\" srcset=\"https:\/\/www.enerjigazetesi.ist\/wp-content\/uploads\/2013\/07\/asunim-turkiyenin-en-buyuk-cati-uzeri-gunes-enerjisi-sdevreye-aliyor-300x196.jpg 300w, https:\/\/www.enerjigazetesi.ist\/wp-content\/uploads\/2013\/07\/asunim-turkiyenin-en-buyuk-cati-uzeri-gunes-enerjisi-sdevreye-aliyor-76x50.jpg 76w, https:\/\/www.enerjigazetesi.ist\/wp-content\/uploads\/2013\/07\/asunim-turkiyenin-en-buyuk-cati-uzeri-gunes-enerjisi-sdevreye-aliyor.jpg 494w\" sizes=\"(max-width: 300px) 100vw, 300px\" \/><\/a>\u00fcy\u00fck sonu\u00e7lara neden olmakta ve yat\u0131r\u0131mlar\u0131n geri d\u00f6n\u00fc\u015f\u00fcm\u00fcn\u00fc etkilemektedir. Bizler Asunim olarak, t\u00fcm d\u00fcnyada, y\u0131llard\u0131r \u00e7ok karma\u015f\u0131k ve zor sistemleri ba\u015far\u0131 ile tasarlay\u0131p tamamlad\u0131k ve bu tip k\u00fc\u00e7\u00fck hatalar\u0131n ne denli can al\u0131c\u0131 oldu\u011funu \u00e7ok iyi bilmekteyiz.&#8221;<\/p>\n<p>Asunim\u2019in kurdu\u011fu t\u00fcm sistemlerin Avrupa\u2019da bulunan uzman m\u00fchendisler taraf\u0131ndan projelendirilip, yine Avrupa\u2019dan gelen teknikerler e\u015fli\u011finde kurulumunun yap\u0131ld\u0131\u011f\u0131n\u0131n alt\u0131n\u0131 \u00e7izen G\u00fcrb\u00fcz s\u00f6zlerini \u015f\u00f6yle s\u00fcrd\u00fcrd\u00fc \u201cY\u0131llard\u0131r birlikte \u00e7al\u0131\u015ft\u0131\u011f\u0131m\u0131z onlarca marka ve model aras\u0131ndan titizlikle, yat\u0131r\u0131m\u0131n yap\u0131laca\u011f\u0131 b\u00f6lgeye en uygun \u00fcr\u00fcnleri se\u00e7iyor, sisteme \u00f6zel tasar\u0131m ve entegrasyonu t\u00fcm detaylar\u0131 dikkate alarak yap\u0131yor b\u00f6ylelikle Avrupa standartlar\u0131n\u0131 \u00fclkemize getirmenin mutlulu\u011funu ve gururunu ya\u015f\u0131yoruz.<br \/>\nT\u00fcrkiye\u2019nin d\u00f6rt bir yan\u0131ndan \u00e7ok yo\u011fun bir talep ile kar\u015f\u0131la\u015ft\u0131klar\u0131n\u0131 ve talebe yeti\u015fmekte zorland\u0131klar\u0131n\u0131 s\u00f6yleyen Umut G\u00fcrb\u00fcz, \u00f6n\u00fcm\u00fczdeki aylarda 3 adet sistemin daha kurulumuna ba\u015flayacaklar\u0131n\u0131 belirterek \u015f\u00f6yle devam etti:<\/p>\n<p>\u201cK\u0131van\u00e7 Tekstil gibi \u00fclkemizin b\u00fcy\u00fcmekte olan, vizyon sahibi ve bir\u00e7ok yenili\u011fe imza atan g\u00fczide kurulu\u015funa bu hizmeti vermekten b\u00fcy\u00fck mutluluk duyuyoruz ve kendilerine bizlere olan g\u00fcvenlerinden dolay\u0131 te\u015fekk\u00fcr ediyoruz. Bu proje t\u00fcm T\u00fcrkiye\u2019ye \u00f6rnek te\u015fkil edece\u011fi gibi, \u00fclkemizin enerji ba\u011f\u0131ml\u0131l\u0131\u011f\u0131n\u0131 azalt\u0131p, ihracat\u0131m\u0131za da katk\u0131da bulunacakt\u0131r.\u201d<br \/>\nK\u0131van\u00e7 Tekstil Y\u00f6netim Kurulu Ba\u015fkan Yard\u0131mc\u0131s\u0131 Mehmet K\u0131van\u00e7 ise; G\u00fcne\u015f enerjisi yat\u0131r\u0131m\u0131 karar\u0131 almalar\u0131ndaki en b\u00fcy\u00fck etkenlerin \u00f6n\u00fcm\u00fczdeki 25 sene boyunca ortaya \u00e7\u0131kacak elektrik fiyatlar\u0131ndaki art\u0131\u015ftan etkilenmemek, fabrikan\u0131n enerji ihtiyac\u0131n\u0131 temiz bir enerji kayna\u011f\u0131 olan g\u00fcne\u015f enerjisi ile kar\u015f\u0131lamak ve \u00e7evre i\u015fletmelere \u00f6rnek olmak oldu\u011funu s\u00f6yledi.<\/p>\n<p>K\u0131van\u00e7; Asunim ile \u00e7al\u0131\u015fmaktan mutluluk duyduklar\u0131n\u0131 ve Asunim\u2019in t\u00fcm s\u00fcreci b\u00fcy\u00fck bir hassasiyet ve \u00f6zen ile tamamlad\u0131\u011f\u0131n\u0131 s\u00f6yledi. Asunim m\u00fchendislerinin Avrupa\u2019dan bizzat sahaya gelerek sistemin kurulum ve denetimini son teknoloji \u00fcr\u00fcn\u00fc ara\u00e7 ve programlarla yapt\u0131\u011f\u0131n\u0131 belirten Mehmet K\u0131van\u00e7; Asunim\u2019in son derece profesyonel bir hizmet sundu\u011funu belirtti.<\/p>\n<p>\u201cTekstilin yan\u0131 s\u0131ra enerji sekt\u00f6r\u00fcnde yapt\u0131\u011f\u0131m\u0131z at\u0131l\u0131mlara, Hidroelektrik ve Do\u011falgaz \u00e7evrim santrallerinden sonra bir yenisini eklemi\u015f bulunmaktay\u0131z. T\u00fcrkiye\u2019nin en b\u00fcy\u00fck \u00e7at\u0131 \u00fczerine kurulu sistemi olmas\u0131 da bizim i\u00e7in ayr\u0131 bir gurur kayna\u011f\u0131. G\u00fcne\u015f enerjisi dahil olmak \u00fczere, t\u00fcm enerji yat\u0131r\u0131mlar\u0131m\u0131za h\u0131z kesmeden devam edece\u011fiz.\u201d<\/p>\n<p>Asunim taraf\u0131ndan 12.000m\u00b2\u2019lik bir alanda kurulumu tamamlanan g\u00fcne\u015f enerjisi santralinde, 3840 adet g\u00fcne\u015f paneli ve 40 adet Fronius marka solar inverter kullan\u0131l\u0131yor. 30 senelere varan \u00fcretim \u00f6mr\u00fc bulunan sistem, y\u0131lda 653.000kg\u2019l\u0131k karbondioksit gaz\u0131 sal\u0131n\u0131m\u0131n\u0131 \u00f6nleyerek \u00e7evreye katk\u0131da bulunacak. \u00c7evreye katk\u0131n\u0131n yan\u0131 s\u0131ra, sistem, 30 senelik kullan\u0131m \u00f6mr\u00fc boyunca yakla\u015f\u0131k \u20ac2.1 milyon euroluk da elektrik tasarrufu sa\u011flayacak.<\/p>\n<p><strong>GRUPO ASUNIM \u0130LE \u0130LG\u0130L\u0130:<\/strong><\/p>\n<p>Grupo Asunim farkl\u0131 pazarlarda g\u00fcne\u015f enerjisi alan\u0131nda faaliyet g\u00f6steren birden fazla \u015firketin birle\u015fmesi ile kurulmu\u015ftur. Asunim fotovoltaik g\u00fcne\u015f enerjisi alan\u0131nda uzman olup; 2005 y\u0131l\u0131ndan bu yana uluslararas\u0131 d\u00fczeyde EPC, (anahtar teslimi sistem kurulumu) proje geli\u015ftirme, dan\u0131\u015fmanl\u0131k ve distrib\u00fct\u00f6rl\u00fck hizmetleri vermektedir. Grupo Asunim Portekiz, \u0130spanya, \u0130ngiltere, T\u00fcrkiye ve \u015eili\u2019deki ofisleri ile yukar\u0131daki alanlarda hizmet vermektedir.<\/p>\n<p>D\u00fcnya \u00e7ap\u0131nda 150MW\u2019Lara varan referanslar\u0131 ve uluslararas\u0131 d\u00fczeyde sahip oldu\u011fu tecr\u00fcbeli kadro ile Asunim, g\u00fcncel ve gelecekte ortaya \u00e7\u0131kacak enerji ihtiyac\u0131n\u0131 g\u00fcne\u015f enerjisi ile en verimli \u015fekilde kar\u015f\u0131lamay\u0131 hedefler.<\/p>\n<p>Yay\u0131nc\u0131: <a href=\"https:\/\/www.enerjigazetesi.ist\" target=\"_blank\">Enerji Gazetesi<\/a><\/p>","protected":false},"excerpt":{"rendered":"<p>Sorry, this entry is only available in Turkish. For the sake of viewer convenience, the content is shown below in the alternative language. You may click the link to switch the active language.D\u00fcnya \u00e7ap\u0131nda 150MW\u2019a varan referansa sahip \u201cGrupo Asunim\u201d b\u00fcnyesinde, ge\u00e7ti\u011fimiz sene Ankara\u2019da faaliyetlerine ba\u015flayan Asunim T\u00fcrkiye; Adana\u2019n\u0131n Seyhan il\u00e7esinde 500kWp g\u00fcce sahip T\u00fcrkiye\u2019nin [&hellip;]<\/p>\n","protected":false},"author":1,"featured_media":12890,"comment_status":"open","ping_status":"open","sticky":false,"template":"","format":"standard","meta":[],"categories":[53,49],"tags":[3272,6742,6743,6746,19,63,67,165,2326,6741,227,13,1325,6745,6744],"views":1023,"_links":{"self":[{"href":"https:\/\/www.enerjigazetesi.ist\/en\/wp-json\/wp\/v2\/posts\/12889"}],"collection":[{"href":"https:\/\/www.enerjigazetesi.ist\/en\/wp-json\/wp\/v2\/posts"}],"about":[{"href":"https:\/\/www.enerjigazetesi.ist\/en\/wp-json\/wp\/v2\/types\/post"}],"author":[{"embeddable":true,"href":"https:\/\/www.enerjigazetesi.ist\/en\/wp-json\/wp\/v2\/users\/1"}],"replies":[{"embeddable":true,"href":"https:\/\/www.enerjigazetesi.ist\/en\/wp-json\/wp\/v2\/comments?post=12889"}],"version-history":[{"count":5,"href":"https:\/\/www.enerjigazetesi.ist\/en\/wp-json\/wp\/v2\/posts\/12889\/revisions"}],"predecessor-version":[{"id":12894,"href":"https:\/\/www.enerjigazetesi.ist\/en\/wp-json\/wp\/v2\/posts\/12889\/revisions\/12894"}],"wp:featuredmedia":[{"embeddable":true,"href":"https:\/\/www.enerjigazetesi.ist\/en\/wp-json\/wp\/v2\/media\/12890"}],"wp:attachment":[{"href":"https:\/\/www.enerjigazetesi.ist\/en\/wp-json\/wp\/v2\/media?parent=12889"}],"wp:term":[{"taxonomy":"category","embeddable":true,"href":"https:\/\/www.enerjigazetesi.ist\/en\/wp-json\/wp\/v2\/categories?post=12889"},{"taxonomy":"post_tag","embeddable":true,"href":"https:\/\/www.enerjigazetesi.ist\/en\/wp-json\/wp\/v2\/tags?post=12889"}],"curies":[{"name":"wp","href":"https:\/\/api.w.org\/{rel}","templated":true}]}}