{"id":128823,"date":"2021-02-07T14:31:57","date_gmt":"2021-02-07T11:31:57","guid":{"rendered":"https:\/\/www.enerjigazetesi.ist\/?p=128823"},"modified":"2021-02-07T14:32:43","modified_gmt":"2021-02-07T11:32:43","slug":"verbis-kaydi-hangi-firmalar-icin-zorunludur","status":"publish","type":"post","link":"https:\/\/www.enerjigazetesi.ist\/en\/verbis-kaydi-hangi-firmalar-icin-zorunludur\/","title":{"rendered":"(Turkish) Verbis Kayd\u0131 Hangi Firmalar \u0130\u00e7in Zorunludur?"},"content":{"rendered":"<p class=\"qtranxs-available-languages-message qtranxs-available-languages-message-en\">Sorry, this entry is only available in <a href=\"https:\/\/www.enerjigazetesi.ist\/tr\/wp-json\/wp\/v2\/posts\/128823\" class=\"qtranxs-available-language-link qtranxs-available-language-link-tr\" title=\"Turkish\">Turkish<\/a>. For the sake of viewer convenience, the content is shown below in the alternative language. You may click the link to switch the active language.<\/p><p><\/p>\n<h1>TBB Ki\u015fisel Verileri Koruma Hukuku Komisyonu Ba\u015fkan\u0131 Av. H\u00fcseyin K\u00f6pr\u00fcl\u00fc, End\u00fcstri Radyo\u2019da KVKK ve VERB\u0130S kay\u0131tlar\u0131yla ilgili bilgiler verdi. Son kay\u0131t tarihi ve hangi firmalar\u0131n zorunlu oldu\u011funu anlatan K\u00f6pr\u00fcl\u00fc bu kapsamdaki y\u00fck\u00fcml\u00fcl\u00fckleri a\u00e7\u0131klad\u0131.<\/h1>\n<p><strong>End\u00fcstri Radyo<\/strong>\u2019ya konu\u015fan <strong>T\u00fcrkiye Barolar Birli\u011fi Ki\u015fisel Verileri Koruma Hukuku Komisyonu<\/strong> Ba\u015fkan\u0131 <strong>Av. H\u00fcseyin K\u00f6pr\u00fcl\u00fc<\/strong>, firmalar\u0131n <strong>ki\u015fisel verilerin korunmas\u0131 kanunu<\/strong> kapsam\u0131ndaki y\u00fck\u00fcml\u00fcl\u00fckleri \u00fczerine bilgiler verdi.<\/p>\n<p><img loading=\"lazy\" class=\"alignright wp-image-128825\" src=\"https:\/\/www.enerjigazetesi.ist\/wp-content\/uploads\/2021\/02\/verbis-kaydi-hangi-firmalar-icin-zorunludur-1.jpg\" alt=\"verbis-kaydi-hangi-firmalar-icin-zorunludur\" width=\"340\" height=\"223\" srcset=\"https:\/\/www.enerjigazetesi.ist\/wp-content\/uploads\/2021\/02\/verbis-kaydi-hangi-firmalar-icin-zorunludur-1.jpg 539w, https:\/\/www.enerjigazetesi.ist\/wp-content\/uploads\/2021\/02\/verbis-kaydi-hangi-firmalar-icin-zorunludur-1-300x196.jpg 300w, https:\/\/www.enerjigazetesi.ist\/wp-content\/uploads\/2021\/02\/verbis-kaydi-hangi-firmalar-icin-zorunludur-1-500x327.jpg 500w, https:\/\/www.enerjigazetesi.ist\/wp-content\/uploads\/2021\/02\/verbis-kaydi-hangi-firmalar-icin-zorunludur-1-76x50.jpg 76w\" sizes=\"(max-width: 340px) 100vw, 340px\" \/><\/p>\n<h2>ANA FAAL\u0130YET ALANI: \u00d6ZEL N\u0130TEL\u0130KL\u0130 VER\u0130<\/h2>\n<p><strong>25 milyon<\/strong> mali bilan\u00e7onun \u00fcst\u00fc veya <strong>50<\/strong> ve <strong>daha fazla \u00e7al\u0131\u015fan\u0131<\/strong> olan \u015firketler i\u00e7in <strong>VERB\u0130S<\/strong> <strong>kay\u0131t zorunlulu\u011fu<\/strong> oldu\u011funu s\u00f6yleyen K\u00f6pr\u00fcl\u00fc, <strong>Ki\u015fisel Verileri Koruma Kurulu<\/strong>\u2019nun <strong>istisna tutmad\u0131\u011f\u0131 sa\u011fl\u0131k alan\u0131nda<\/strong> (eczane, hastane, psikolog, diyetisyen vb.) yani ana faaliyet alan\u0131 \u00f6zel nitelikli olan firmalar i\u00e7in ise<strong> 31 Mart 2021<\/strong>\u2019in kay\u0131t i\u00e7in<strong> son tarih<\/strong> oldu\u011funu belirtti.<\/p>\n<p><strong>End\u00fcstri Radyo<\/strong>\u2019ya \u00f6zel a\u00e7\u0131klamalarda bulunan K\u00f6pr\u00fcl\u00fc, <em>&#8220;Buradaki <strong>esas kriter<\/strong>, ana faaliyet alan\u0131n\u0131n<strong> \u00f6zel nitelikli veri<\/strong> olmas\u0131d\u0131r. Bunlar da, <strong>sa\u011fl\u0131k, cinsel hayat, biyometrik<\/strong> ve <strong>genetik veri<\/strong> gibi bilgilerin di\u011fer ki\u015filer taraf\u0131ndan duyulmas\u0131 konusunda <strong>ki\u015filerin zarar g\u00f6rmesi<\/strong> ya da ayr\u0131mc\u0131l\u0131\u011fa u\u011framas\u0131 gibi<strong> verilerin akla gelmesi<\/strong> gerekiyor.&#8221;<\/em>\u00a0dedi.<\/p>\n<h2>Y\u00dcK\u00dcML\u00dcL\u00dcKLER AYRILMIYOR<\/h2>\n<p><strong>Ki\u015fisel verilerin korunmas\u0131 kanunu<\/strong> kapsam\u0131nda y\u00fck\u00fcml\u00fcl\u00fckleri ay\u0131ram\u0131yoruz diyen K\u00f6pr\u00fcl\u00fc, bir organizasyonda veri i\u015fleniyorsa, bu bir veri kay\u0131t sisteminin par\u00e7as\u0131 olarak yani bir <strong>deftere, kameraya, bilgisayara<\/strong> kaydedilerek yap\u0131l\u0131yorsa <strong>kanun kapsam\u0131nda<\/strong> veri sorumlusunun yapmas\u0131 gerekenler oldu\u011funu s\u00f6yledi.<\/p>\n<p>K\u00f6pr\u00fcl\u00fc,<em> \u201c<strong>Hukuka uygun veri i\u015flemek, verilerin s\u00fcresi<\/strong> ge\u00e7tikten sonra ya da a\u00e7\u0131k r\u0131za ald\u0131ktan sonra silinmesini sa\u011flamak, hukuka ayk\u0131r\u0131 olarak <strong>aktar\u0131m yapmamak<\/strong> ya da <strong>hukuka ayk\u0131r\u0131<\/strong> olarak<strong> yurt d\u0131\u015f\u0131na aktarmamak<\/strong>, ilgili ki\u015filere<strong> ayd\u0131nlatma yapmak<\/strong> ve<strong> haklar\u0131n\u0131 kulland\u0131rmak<\/strong>, verinin korunmas\u0131 ile ilgili y\u00fck\u00fcml\u00fcl\u00fckleri yerine getirmek ve belli y\u00fck\u00fcml\u00fcl\u00fc\u011f\u00fcn \u00fcst\u00fcndeki veri sorumlular\u0131 i\u00e7in de <strong>VERB\u0130S kayd\u0131<\/strong> yapmak gerekiyor.\u201d<\/em> dedi.<\/p>\n<p>K\u00f6pr\u00fcl\u00fc, <strong>VERB\u0130S kayd\u0131n\u0131n<\/strong> baz\u0131 veri sorumlular\u0131 i\u00e7in<strong> y\u00fck\u00fcml\u00fcl\u00fck<\/strong> oldu\u011funu ancak di\u011fer y\u00fck\u00fcml\u00fcl\u00fcklerin hepsinin b\u00fct\u00fcn <strong>veri sorumlular\u0131<\/strong> i\u00e7in ge\u00e7erli oldu\u011funu belirterek <strong>bunlar i\u00e7in bir tarih<\/strong> olmad\u0131\u011f\u0131n\u0131 s\u00f6yledi.<\/p>\n<p>K\u00f6pr\u00fcl\u00fc, <strong>b\u00fct\u00fcn veri sorumlular\u0131n\u0131n kanuna<\/strong> uygun hareket etmesi gerekti\u011fini de s\u00f6zlerine ekledi.<\/p>","protected":false},"excerpt":{"rendered":"<p>Sorry, this entry is only available in Turkish. For the sake of viewer convenience, the content is shown below in the alternative language. You may click the link to switch the active language. TBB Ki\u015fisel Verileri Koruma Hukuku Komisyonu Ba\u015fkan\u0131 Av. H\u00fcseyin K\u00f6pr\u00fcl\u00fc, End\u00fcstri Radyo\u2019da KVKK ve VERB\u0130S kay\u0131tlar\u0131yla ilgili bilgiler verdi. Son kay\u0131t tarihi [&hellip;]<\/p>\n","protected":false},"author":1,"featured_media":128825,"comment_status":"open","ping_status":"open","sticky":false,"template":"","format":"standard","meta":[],"categories":[51,53,157],"tags":[86113,84673,56077,86114,86112,65918,86117,86116,86115],"views":213,"_links":{"self":[{"href":"https:\/\/www.enerjigazetesi.ist\/en\/wp-json\/wp\/v2\/posts\/128823"}],"collection":[{"href":"https:\/\/www.enerjigazetesi.ist\/en\/wp-json\/wp\/v2\/posts"}],"about":[{"href":"https:\/\/www.enerjigazetesi.ist\/en\/wp-json\/wp\/v2\/types\/post"}],"author":[{"embeddable":true,"href":"https:\/\/www.enerjigazetesi.ist\/en\/wp-json\/wp\/v2\/users\/1"}],"replies":[{"embeddable":true,"href":"https:\/\/www.enerjigazetesi.ist\/en\/wp-json\/wp\/v2\/comments?post=128823"}],"version-history":[{"count":0,"href":"https:\/\/www.enerjigazetesi.ist\/en\/wp-json\/wp\/v2\/posts\/128823\/revisions"}],"wp:featuredmedia":[{"embeddable":true,"href":"https:\/\/www.enerjigazetesi.ist\/en\/wp-json\/wp\/v2\/media\/128825"}],"wp:attachment":[{"href":"https:\/\/www.enerjigazetesi.ist\/en\/wp-json\/wp\/v2\/media?parent=128823"}],"wp:term":[{"taxonomy":"category","embeddable":true,"href":"https:\/\/www.enerjigazetesi.ist\/en\/wp-json\/wp\/v2\/categories?post=128823"},{"taxonomy":"post_tag","embeddable":true,"href":"https:\/\/www.enerjigazetesi.ist\/en\/wp-json\/wp\/v2\/tags?post=128823"}],"curies":[{"name":"wp","href":"https:\/\/api.w.org\/{rel}","templated":true}]}}