{"id":128736,"date":"2021-02-06T15:45:07","date_gmt":"2021-02-06T12:45:07","guid":{"rendered":"https:\/\/www.enerjigazetesi.ist\/?p=128736"},"modified":"2021-02-06T15:55:58","modified_gmt":"2021-02-06T12:55:58","slug":"arastirma-whatsapp-ve-google-ile-kisisel-bilgilerimiz-guvende-mi","status":"publish","type":"post","link":"https:\/\/www.enerjigazetesi.ist\/en\/arastirma-whatsapp-ve-google-ile-kisisel-bilgilerimiz-guvende-mi\/","title":{"rendered":"(Turkish) Ara\u015ft\u0131rma: WhatsApp ve Google ile Ki\u015fisel Bilgilerimiz G\u00fcvende mi?"},"content":{"rendered":"<p class=\"qtranxs-available-languages-message qtranxs-available-languages-message-en\">Sorry, this entry is only available in <a href=\"https:\/\/www.enerjigazetesi.ist\/tr\/wp-json\/wp\/v2\/posts\/128736\" class=\"qtranxs-available-language-link qtranxs-available-language-link-tr\" title=\"Turkish\">Turkish<\/a>. For the sake of viewer convenience, the content is shown below in the alternative language. You may click the link to switch the active language.<\/p><p><\/p>\n<h1><strong>NG Ara\u015ft\u0131rma<\/strong> taraf\u0131ndan yap\u0131lan kamuoyu ara\u015ft\u0131rmas\u0131, <strong>13 &#8211; 25 Ocak 2021<\/strong> tarihleri aras\u0131nda T\u00fcrkiye genelinde, <strong>15 ya\u015f<\/strong> \u00fczeri <strong>2022 ki\u015finin kat\u0131l\u0131m\u0131<\/strong> ile<strong> online ara\u015ft\u0131rma y\u00f6ntemi<\/strong> ile yap\u0131ld\u0131.<\/h1>\n<h2><strong>Verilerinin reklam kampanyalar\u0131nda kullan\u0131lmas\u0131na izin verir misin?<\/strong><\/h2>\n<p><strong>\u0130leti\u015fim kurmak, g\u00fcndemden haberdar olmak, payla\u015f\u0131m yapmak<\/strong> gibi ama\u00e7larla etkile\u015fimde oldu\u011fumuz<strong> sosyal medya<\/strong> ve<strong> uygulamalar<\/strong> hayat\u0131m\u0131zda b\u00fcy\u00fck bir yer kapl\u0131yor. Peki bilgilerimizi reklam ama\u00e7l\u0131 kullanmak isteyen \u015firketlere<strong> izin vermek istiyor muyuz?<\/strong><\/p>\n<p style=\"text-align: center;\"><img loading=\"lazy\" class=\"aligncenter wp-image-128743\" src=\"https:\/\/www.enerjigazetesi.ist\/wp-content\/uploads\/2021\/02\/1on.jpg\" alt=\"\" width=\"550\" height=\"231\" srcset=\"https:\/\/www.enerjigazetesi.ist\/wp-content\/uploads\/2021\/02\/1on.jpg 1024w, https:\/\/www.enerjigazetesi.ist\/wp-content\/uploads\/2021\/02\/1on-300x126.jpg 300w, https:\/\/www.enerjigazetesi.ist\/wp-content\/uploads\/2021\/02\/1on-768x323.jpg 768w, https:\/\/www.enerjigazetesi.ist\/wp-content\/uploads\/2021\/02\/1on-500x210.jpg 500w, https:\/\/www.enerjigazetesi.ist\/wp-content\/uploads\/2021\/02\/1on-80x34.jpg 80w\" sizes=\"(max-width: 550px) 100vw, 550px\" \/><\/p>\n<h2>WhatsApp uygulamas\u0131n\u0131 kullanmaya devam etme sebepleri neler?<\/h2>\n<p><strong>WhatsApp uygulamas\u0131<\/strong>n\u0131 her hal\u00fckarda kullanacak olan kat\u0131l\u0131mc\u0131lar\u0131m\u0131za bu uygulamadan <strong>vazge\u00e7ememe sebeplerini<\/strong> sorduk.\u00a0<strong>Gelin sonu\u00e7lar\u0131 birlikte inceleyelim!<\/strong><\/p>\n<p style=\"text-align: center;\"><img loading=\"lazy\" class=\"aligncenter wp-image-128738\" src=\"https:\/\/www.enerjigazetesi.ist\/wp-content\/uploads\/2021\/02\/03-1.jpg\" alt=\"\" width=\"550\" height=\"214\" srcset=\"https:\/\/www.enerjigazetesi.ist\/wp-content\/uploads\/2021\/02\/03-1.jpg 1024w, https:\/\/www.enerjigazetesi.ist\/wp-content\/uploads\/2021\/02\/03-1-300x117.jpg 300w, https:\/\/www.enerjigazetesi.ist\/wp-content\/uploads\/2021\/02\/03-1-768x299.jpg 768w, https:\/\/www.enerjigazetesi.ist\/wp-content\/uploads\/2021\/02\/03-1-500x195.jpg 500w, https:\/\/www.enerjigazetesi.ist\/wp-content\/uploads\/2021\/02\/03-1-80x31.jpg 80w\" sizes=\"(max-width: 550px) 100vw, 550px\" \/><\/p>\n<p><strong>%25<\/strong> oran ile insanlar en \u00e7ok al\u0131\u015fkanl\u0131k sebebiyle <strong>WhatsApp<\/strong>&#8216;\u0131 kullanmaya devam edeceklerini belirtti! <strong>Di\u011fer tercihler<\/strong> ise <span style=\"text-decoration: underline;\">\u015fu \u015fekilde s\u0131raland\u0131:<\/span><\/p>\n<table>\n<thead>\n<tr>\n<td>\n<h2><strong>WhatsApp&#8217;\u0131 Kullanmaya Devam Edenlerin Nedeni<\/strong><\/h2>\n<\/td>\n<td><strong>Oran <\/strong><\/td>\n<\/tr>\n<\/thead>\n<tbody>\n<tr>\n<td data-align=\"left\">Al\u0131\u015fkanl\u0131k<\/td>\n<td data-align=\"center\">25%<\/td>\n<\/tr>\n<tr>\n<td data-align=\"left\">Herkes WhatsApp kulland\u0131\u011f\u0131 i\u00e7in<\/td>\n<td data-align=\"center\">23%<\/td>\n<\/tr>\n<tr>\n<td data-align=\"left\">WhatsApp&#8217;\u0131 silmenin veri gizlili\u011finde \u00e7\u00f6z\u00fcm olaca\u011f\u0131n\u0131 d\u00fc\u015f\u00fcnm\u00fcyorum<\/td>\n<td data-align=\"center\">23%<\/td>\n<\/tr>\n<tr>\n<td data-align=\"left\">Alternatif uygulamalar\u0131 be\u011fenmiyorum<\/td>\n<td data-align=\"center\">13%<\/td>\n<\/tr>\n<tr>\n<td data-align=\"left\">\u0130\u015fim nedeniyle gerekli<\/td>\n<td data-align=\"center\">13%<\/td>\n<\/tr>\n<tr>\n<td data-align=\"left\">Verilerimi ilgili reklam\u0131 sunma d\u0131\u015f\u0131nda bir ama\u00e7la kullanaca\u011f\u0131n\u0131 d\u00fc\u015f\u00fcnm\u00fcyorum<\/td>\n<td data-align=\"center\">8%<\/td>\n<\/tr>\n<tr>\n<td data-align=\"left\">WhatsApp&#8217;a g\u00fcveniyorum<\/td>\n<td data-align=\"center\">7%<\/td>\n<\/tr>\n<tr>\n<td data-align=\"left\">Facebook kullan\u0131yorum<\/td>\n<td data-align=\"center\">7%<\/td>\n<\/tr>\n<tr>\n<td data-align=\"left\">Alternatif uygulamalara g\u00fcvenmiyorum<\/td>\n<td data-align=\"center\">6%<\/td>\n<\/tr>\n<tr>\n<td data-align=\"left\">Di\u011fer<\/td>\n<td data-align=\"center\">1%<\/td>\n<\/tr>\n<\/tbody>\n<\/table>\n<h2>WhatsApp kullanmay\u0131 b\u0131rakmanda ne etkili oldu?<\/h2>\n<p><strong>G\u00fcvenilirlik konusunda<\/strong> hassas olan veya<strong> gizlilik<\/strong> hakk\u0131na \u00f6nem veren insanlar, <strong>WhatsApp<\/strong>&#8216;\u0131n uygulayabilece\u011fi karardan sonra <strong>art\u0131k uygulamay\u0131 kullanmayaca\u011f\u0131n\u0131<\/strong> belirtti.<\/p>\n<p>Kat\u0131l\u0131mc\u0131lara WhatsApp uygulamas\u0131n\u0131 kullanmay\u0131 b\u0131rakmas\u0131nda etkili olan sebepleri sorduk. <strong>%65<\/strong> verilerini payla\u015fmak istemedi\u011fi i\u00e7in bu karardan sonra <strong>WhatsApp kullanmayaca\u011f\u0131n\u0131<\/strong> belirtti! <strong>%23<\/strong>&#8216;l\u00fck kesim ise <strong>Facebook<\/strong>&#8216;un <strong>WhatsApp arac\u0131l\u0131\u011f\u0131yla<\/strong> kendi verilerine eri\u015fmesini istemedikleri i\u00e7in bu uygulamay\u0131 kullanmay\u0131 b\u0131rakacaklar\u0131n\u0131 ifade etti. Kalanlar di\u011fer uygulamalar\u0131 <strong>g\u00fcvenli bulan ki\u015filerden<\/strong> olu\u015fuyor.<\/p>\n<h2>Google Kullanmaya Devam Edecek misin?<\/h2>\n<p>Ara\u015ft\u0131rmam\u0131zda <strong>%63<\/strong> oran\u0131nda kat\u0131l\u0131mc\u0131 ki\u015fisel verilerinin kullan\u0131lmas\u0131na ra\u011fmen <strong>Google arama motorunu<\/strong> kullanmaya devam edece\u011fini belirtti! <strong>%5<\/strong>&#8216;lik kesim ise art\u0131k <strong>Google arama motorunu<\/strong> kullanmayaca\u011f\u0131n\u0131 s\u00f6yledi. Yakla\u015f\u0131k olarak her <strong>3<\/strong> ki\u015fiden <strong>1&#8217;i<\/strong> bu konuda karars\u0131z oldu\u011funu ifade edenler.<\/p>\n<p style=\"text-align: center;\"><img loading=\"lazy\" class=\"aligncenter wp-image-128740\" src=\"https:\/\/www.enerjigazetesi.ist\/wp-content\/uploads\/2021\/02\/02.jpg\" alt=\"\" width=\"550\" height=\"247\" srcset=\"https:\/\/www.enerjigazetesi.ist\/wp-content\/uploads\/2021\/02\/02.jpg 1024w, https:\/\/www.enerjigazetesi.ist\/wp-content\/uploads\/2021\/02\/02-300x134.jpg 300w, https:\/\/www.enerjigazetesi.ist\/wp-content\/uploads\/2021\/02\/02-768x344.jpg 768w, https:\/\/www.enerjigazetesi.ist\/wp-content\/uploads\/2021\/02\/02-500x224.jpg 500w, https:\/\/www.enerjigazetesi.ist\/wp-content\/uploads\/2021\/02\/02-80x36.jpg 80w\" sizes=\"(max-width: 550px) 100vw, 550px\" \/><\/p>\n<p>Her ikisi de ki\u015fisel verileri kullanarak reklam g\u00f6stermesine ra\u011fmen <strong>Google<\/strong> ve<strong> WhatsApp<\/strong> kullanmaya devam etme oranlar\u0131 aras\u0131nda sonu\u00e7larda <strong>b\u00f6yle bir fark \u00e7\u0131kmas\u0131<\/strong> sizce neden kaynaklan\u0131yor?<\/p>\n<h2>Google kullanmaya devam etme sebebin nedir?<\/h2>\n<p><strong>Ki\u015fisel verilerin reklam g\u00f6sterimlerinde<\/strong> kullan\u0131lmas\u0131na ra\u011fmen neden <strong>Google arama motorunu<\/strong> kullanmaya devam edece\u011fini kat\u0131l\u0131mc\u0131lara sorduk. <strong>%46<\/strong> oran\u0131nda ki\u015fi arad\u0131klar\u0131n\u0131 kolayca bulduklar\u0131 i\u00e7in Google kullanmaya devam edece\u011fini s\u00f6yledi! <strong>%39<\/strong> sadece al\u0131\u015fkanl\u0131ktan kaynakl\u0131 olarak <strong>bu arama motorundan vazge\u00e7meyece\u011fini<\/strong> ifade ederken, di\u011fer se\u00e7enekler<span style=\"text-decoration: underline;\"> \u015fu \u015fekilde s\u0131raland\u0131:<\/span><\/p>\n<table>\n<thead>\n<tr>\n<td>\n<h2><strong>Google Arama Motorunu Kullanmaya Devam Edenlerin Nedeni <\/strong><\/h2>\n<\/td>\n<td><strong>Oran <\/strong><\/td>\n<\/tr>\n<\/thead>\n<tbody>\n<tr>\n<td data-align=\"left\">Arad\u0131\u011f\u0131m\u0131 kolayl\u0131kla buluyorum<\/td>\n<td data-align=\"center\">46%<\/td>\n<\/tr>\n<tr>\n<td data-align=\"left\">Al\u0131\u015fkanl\u0131k<\/td>\n<td data-align=\"center\">39%<\/td>\n<\/tr>\n<tr>\n<td data-align=\"left\">Taray\u0131c\u0131mda varsay\u0131lan arama motoru<\/td>\n<td data-align=\"center\">31%<\/td>\n<\/tr>\n<tr>\n<td data-align=\"left\">Google&#8217;a g\u00fcveniyorum<\/td>\n<td data-align=\"center\">18%<\/td>\n<\/tr>\n<tr>\n<td data-align=\"left\">Alternatif arama motorlar\u0131n\u0131 be\u011fenmiyorum<\/td>\n<td data-align=\"center\">15%<\/td>\n<\/tr>\n<tr>\n<td data-align=\"left\">Kullanmad\u0131\u011f\u0131mda veri gizlili\u011finde \u00e7\u00f6z\u00fcm olaca\u011f\u0131n\u0131 d\u00fc\u015f\u00fcnm\u00fcyorum<\/td>\n<td data-align=\"center\">14%<\/td>\n<\/tr>\n<tr>\n<td data-align=\"left\">Herkes kulland\u0131\u011f\u0131 i\u00e7in<\/td>\n<td data-align=\"center\">14%<\/td>\n<\/tr>\n<tr>\n<td data-align=\"left\">Alternatif arama motorlar\u0131na g\u00fcvenmiyorum<\/td>\n<td data-align=\"center\">10%<\/td>\n<\/tr>\n<tr>\n<td data-align=\"left\">Verilerimi reklam g\u00f6steriminde kullanmas\u0131nda sak\u0131nca g\u00f6rm\u00fcyorum<\/td>\n<td data-align=\"center\">9%<\/td>\n<\/tr>\n<tr>\n<td data-align=\"left\">\u0130\u015fim nedeniyle gerekli<\/td>\n<td data-align=\"center\">8%<\/td>\n<\/tr>\n<tr>\n<td data-align=\"left\">Di\u011fer<\/td>\n<td data-align=\"center\">1%<\/td>\n<\/tr>\n<\/tbody>\n<\/table>\n<h2>Alternatif arama motorlar\u0131ndan hangilerini biliyorsun?<\/h2>\n<p>Google t\u00fcm d\u00fcnyada en \u00e7ok bilinen ve kullan\u0131lan bir arama motoru olmas\u0131na ra\u011fmen <strong>bu uygulamaya bir\u00e7ok alternatifler<\/strong> de mevcut.<\/p>\n<p>\u0130nsanlara Google d\u0131\u015f\u0131nda bildikleri <strong>arama motorlar\u0131n\u0131<\/strong> sorduk. T\u00fcrkiye&#8217;de <strong>Google d\u0131\u015f\u0131nda<\/strong> en \u00e7ok bilinen arama motoru her <strong>10<\/strong> ki\u015fiden <strong>9<\/strong>&#8216;unun bildi\u011fi <strong>Yandex<\/strong> \u00e7\u0131kt\u0131! <strong>10<\/strong> ki\u015fiden<strong> 6<\/strong>&#8216;s\u0131 <strong>Yahoo<\/strong> uygulamas\u0131n\u0131 bildi\u011fini belitirken, <strong>4&#8242;<\/strong>\u00fc ise Yaani arama motoru hakk\u0131nda bilgi sahibi oldu\u011funu belirtti.<\/p>\n<p style=\"text-align: center;\"><img loading=\"lazy\" class=\"aligncenter wp-image-128739\" src=\"https:\/\/www.enerjigazetesi.ist\/wp-content\/uploads\/2021\/02\/01.jpg\" alt=\"\" width=\"550\" height=\"211\" srcset=\"https:\/\/www.enerjigazetesi.ist\/wp-content\/uploads\/2021\/02\/01.jpg 1024w, https:\/\/www.enerjigazetesi.ist\/wp-content\/uploads\/2021\/02\/01-300x115.jpg 300w, https:\/\/www.enerjigazetesi.ist\/wp-content\/uploads\/2021\/02\/01-768x294.jpg 768w, https:\/\/www.enerjigazetesi.ist\/wp-content\/uploads\/2021\/02\/01-500x191.jpg 500w, https:\/\/www.enerjigazetesi.ist\/wp-content\/uploads\/2021\/02\/01-80x31.jpg 80w\" sizes=\"(max-width: 550px) 100vw, 550px\" \/><\/p>\n<h2>Hangi arama motorunu kullan\u0131yorsun?<\/h2>\n<p>Google d\u0131\u015f\u0131ndaki <strong>di\u011fer arama motorlar\u0131n\u0131n kullan\u0131m oran\u0131n\u0131<\/strong> da analiz ettik.<\/p>\n<p>Ara\u015ft\u0131rmam\u0131zda Google kullanmayanlar aras\u0131ndan her <strong>10 ki\u015fiden<\/strong> yakla\u015f\u0131k<strong> 5<\/strong>&#8216;i <strong>Yandex arama motoru<\/strong>nu kulland\u0131\u011f\u0131n\u0131 belirtti. Arkas\u0131ndan ise yerli arama motoru <strong>Yaani<\/strong> geliyor. Kalanlar ise s\u0131ras\u0131yla <strong>Yahoo, Duckduckgo, Bing<\/strong> ve <strong>di\u011fer arama motorlar\u0131n\u0131<\/strong> kullanan ki\u015filerden olu\u015fuyor.<\/p>","protected":false},"excerpt":{"rendered":"<p>Sorry, this entry is only available in Turkish. For the sake of viewer convenience, the content is shown below in the alternative language. You may click the link to switch the active language. NG Ara\u015ft\u0131rma taraf\u0131ndan yap\u0131lan kamuoyu ara\u015ft\u0131rmas\u0131, 13 &#8211; 25 Ocak 2021 tarihleri aras\u0131nda T\u00fcrkiye genelinde, 15 ya\u015f \u00fczeri 2022 ki\u015finin kat\u0131l\u0131m\u0131 ile [&hellip;]<\/p>\n","protected":false},"author":1,"featured_media":128750,"comment_status":"open","ping_status":"open","sticky":false,"template":"","format":"standard","meta":[],"categories":[53,157],"tags":[52259,86057,86056,86058,65918,86060,84529,71185,86059],"views":77,"_links":{"self":[{"href":"https:\/\/www.enerjigazetesi.ist\/en\/wp-json\/wp\/v2\/posts\/128736"}],"collection":[{"href":"https:\/\/www.enerjigazetesi.ist\/en\/wp-json\/wp\/v2\/posts"}],"about":[{"href":"https:\/\/www.enerjigazetesi.ist\/en\/wp-json\/wp\/v2\/types\/post"}],"author":[{"embeddable":true,"href":"https:\/\/www.enerjigazetesi.ist\/en\/wp-json\/wp\/v2\/users\/1"}],"replies":[{"embeddable":true,"href":"https:\/\/www.enerjigazetesi.ist\/en\/wp-json\/wp\/v2\/comments?post=128736"}],"version-history":[{"count":0,"href":"https:\/\/www.enerjigazetesi.ist\/en\/wp-json\/wp\/v2\/posts\/128736\/revisions"}],"wp:featuredmedia":[{"embeddable":true,"href":"https:\/\/www.enerjigazetesi.ist\/en\/wp-json\/wp\/v2\/media\/128750"}],"wp:attachment":[{"href":"https:\/\/www.enerjigazetesi.ist\/en\/wp-json\/wp\/v2\/media?parent=128736"}],"wp:term":[{"taxonomy":"category","embeddable":true,"href":"https:\/\/www.enerjigazetesi.ist\/en\/wp-json\/wp\/v2\/categories?post=128736"},{"taxonomy":"post_tag","embeddable":true,"href":"https:\/\/www.enerjigazetesi.ist\/en\/wp-json\/wp\/v2\/tags?post=128736"}],"curies":[{"name":"wp","href":"https:\/\/api.w.org\/{rel}","templated":true}]}}