{"id":12871,"date":"2013-07-09T22:30:07","date_gmt":"2013-07-09T19:30:07","guid":{"rendered":"https:\/\/www.enerjigazetesi.ist\/?p=12871"},"modified":"2013-07-09T22:30:07","modified_gmt":"2013-07-09T19:30:07","slug":"turkiyenin-kurulu-en-buyuk-gunes-tarlasi","status":"publish","type":"post","link":"https:\/\/www.enerjigazetesi.ist\/en\/turkiyenin-kurulu-en-buyuk-gunes-tarlasi\/","title":{"rendered":"(Turkish) T\u00fcrkiye\u2019nin Kurulu En B\u00fcy\u00fck G\u00fcne\u015f Tarlas\u0131!"},"content":{"rendered":"<p class=\"qtranxs-available-languages-message qtranxs-available-languages-message-en\">Sorry, this entry is only available in <a href=\"https:\/\/www.enerjigazetesi.ist\/tr\/wp-json\/wp\/v2\/posts\/12871\" class=\"qtranxs-available-language-link qtranxs-available-language-link-tr\" title=\"Turkish\">Turkish<\/a>. For the sake of viewer convenience, the content is shown below in the alternative language. You may click the link to switch the active language.<\/p><p><strong>10 bin metrekarelik alana kurulan, bin 818 g\u00fcne\u015f panelinden olu\u015fan ve alan\u0131n\u0131n en b\u00fcy\u00fck santrali hizmete girdi. Ayaz k\u00f6y\u00fcnde tar\u0131ma elveri\u015fsiz alanda bin 818 g\u00fcne\u015f paneli kullan\u0131larak olu\u015fturulan 500 kWp g\u00fcce sahip santral, Denizli Valisi Abd\u00fclkadir Demir, Belediye Ba\u015fkan\u0131 Osman Zolan, Pamukkale \u00dcniversitesi (PA\u00dc) Rekt\u00f6r\u00fc Prof. Dr. H\u00fcseyin Ba\u011fc\u0131 ve Emniyet M\u00fcd\u00fcr\u00fc Zeki Bulut\u2019un kat\u0131ld\u0131\u011f\u0131 t\u00f6renle a\u00e7\u0131ld\u0131.<\/strong><\/p>\n<p>Vali Demir, t\u00f6rende yapt\u0131\u011f\u0131 konu\u015fmada, Denizli\u2019nin \u00e7al\u0131\u015fkan insan\u0131yla enerji alan\u0131nda da T\u00fcrkiye\u2019de s\u00f6z sahibi bir il durumunda oldu\u011funu s\u00f6yledi. Enerji alan\u0131ndaki hedeflerin art\u0131k daha b\u00fcy\u00fck, bu noktada en \u00e7a\u011fda\u015f kayna\u011f\u0131n g\u00fcne\u015f enerjisi oldu\u011funu ifade eden Demir, \u015funlar\u0131 kaydetti: \u201cB<a href=\"https:\/\/www.enerjigazetesi.ist\/wp-content\/uploads\/2013\/07\/turkiyenin-yerde-kurulu-en-buyuk-gunes-tarlasi.jpg\"><img loading=\"lazy\" class=\"alignleft size-medium wp-image-12872\" title=\"turkiyenin-yerde-kurulu-en-buyuk-gunes-tarlasi\" src=\"https:\/\/www.enerjigazetesi.ist\/wp-content\/uploads\/2013\/07\/turkiyenin-yerde-kurulu-en-buyuk-gunes-tarlasi-300x168.jpg\" alt=\"\" width=\"300\" height=\"168\" srcset=\"https:\/\/www.enerjigazetesi.ist\/wp-content\/uploads\/2013\/07\/turkiyenin-yerde-kurulu-en-buyuk-gunes-tarlasi-300x168.jpg 300w, https:\/\/www.enerjigazetesi.ist\/wp-content\/uploads\/2013\/07\/turkiyenin-yerde-kurulu-en-buyuk-gunes-tarlasi-500x281.jpg 500w, https:\/\/www.enerjigazetesi.ist\/wp-content\/uploads\/2013\/07\/turkiyenin-yerde-kurulu-en-buyuk-gunes-tarlasi-80x44.jpg 80w, https:\/\/www.enerjigazetesi.ist\/wp-content\/uploads\/2013\/07\/turkiyenin-yerde-kurulu-en-buyuk-gunes-tarlasi.jpg 505w\" sizes=\"(max-width: 300px) 100vw, 300px\" \/><\/a>urada Denizli ve T\u00fcrkiye a\u00e7\u0131s\u0131ndan tarihe tan\u0131kl\u0131k ediyoruz. G\u00fcne\u015f enerjisi konusunda ne kadar \u00e7ok ba\u015far\u0131l\u0131 olabilirsek, bu inan\u0131lmaz kayna\u011f\u0131 \u00e7ok daha iyi de\u011ferlendirmi\u015f olaca\u011f\u0131z fakat yapmam\u0131z gereken ve katetmemiz gereken \u00e7ok a\u015fama var. Bu, daha bir ba\u015flang\u0131\u00e7 bizim i\u00e7in. Denizli art\u0131k ileride bu g\u00fcne\u015f panellerini \u00fcretebilecek kent olacak. Tekstil, sanayi \u015fehri olan Denizli art\u0131k enerjide de T\u00fcrkiye\u2019nin en \u00f6nde \u015fehirlerinden birisi olacak.\u201d<\/p>\n<p>Santral yat\u0131r\u0131m\u0131n\u0131 yapan H\u00fcseyin Eriko\u011flu ise yenilenebilir enerji kaynaklar\u0131 aras\u0131nda yer alan g\u00fcne\u015f enerjisi santralini kurmak i\u00e7in 2005 y\u0131l\u0131ndan bu yana ara\u015ft\u0131rma yapt\u0131klar\u0131n\u0131 anlatt\u0131.<\/p>\n<p>Enerji Piyasas\u0131 D\u00fczenleme Kurumundan (EPDK) lisanss\u0131z 500 kWp\u2019lik yat\u0131r\u0131m i\u00e7in gerekli izni ald\u0131klar\u0131n\u0131 kaydeden Eriko\u011flu, Ayaz k\u00f6y\u00fcnde 20 bin metrekarelik alan\u0131n yar\u0131s\u0131n\u0131 kullanarak bin 818 g\u00fcne\u015f panelinden olu\u015fan sistemi ba\u015far\u0131yla kurduklar\u0131n\u0131 vurgulad\u0131.<\/p>\n<h2>Yerde kurulu en b\u00fcy\u00fck santrali<\/h2>\n<p>Santralin alan\u0131nda T\u00fcrkiye\u2019de yerde kurulu en b\u00fcy\u00fck tesis oldu\u011funu belirten Eriko\u011flu, \u201cT\u00fcrkiye, yenilenebilir enerji alan\u0131nda Avrupa \u00fclkelerinden daha iyi bir potansiyele sahip durumda. G\u00fcne\u015f enerjisi yenilenebilir enerjiler aras\u0131nda en gelece\u011fi oland\u0131r \u00e7\u00fcnk\u00fc bir noktadan sonra hem maliyeti hem de bak\u0131m\u0131 bedavaya yak\u0131n d\u00fczeyde bulunuyor\u201d ifadesini kulland\u0131. Santral, protokoldekilerin kurdele kesmesiyle hizmete a\u00e7\u0131ld\u0131.<\/p>\n<p>Kaynak: <a href=\"http:\/\/enerjienstitusu.com\/2013\/07\/09\/turkiyenin-yerde-kurulu-en-buyuk-gunes-tarlasi\/\" target=\"_blank\">Enerji Enstit\u00fcs\u00fc<\/a><\/p>","protected":false},"excerpt":{"rendered":"<p>Sorry, this entry is only available in Turkish. For the sake of viewer convenience, the content is shown below in the alternative language. You may click the link to switch the active language.10 bin metrekarelik alana kurulan, bin 818 g\u00fcne\u015f panelinden olu\u015fan ve alan\u0131n\u0131n en b\u00fcy\u00fck santrali hizmete girdi. Ayaz k\u00f6y\u00fcnde tar\u0131ma elveri\u015fsiz alanda bin [&hellip;]<\/p>\n","protected":false},"author":1,"featured_media":12872,"comment_status":"open","ping_status":"open","sticky":false,"template":"","format":"standard","meta":[],"categories":[53,49],"tags":[6730,6702,845,63,67,165,2326,227,13,2569],"views":1007,"_links":{"self":[{"href":"https:\/\/www.enerjigazetesi.ist\/en\/wp-json\/wp\/v2\/posts\/12871"}],"collection":[{"href":"https:\/\/www.enerjigazetesi.ist\/en\/wp-json\/wp\/v2\/posts"}],"about":[{"href":"https:\/\/www.enerjigazetesi.ist\/en\/wp-json\/wp\/v2\/types\/post"}],"author":[{"embeddable":true,"href":"https:\/\/www.enerjigazetesi.ist\/en\/wp-json\/wp\/v2\/users\/1"}],"replies":[{"embeddable":true,"href":"https:\/\/www.enerjigazetesi.ist\/en\/wp-json\/wp\/v2\/comments?post=12871"}],"version-history":[{"count":1,"href":"https:\/\/www.enerjigazetesi.ist\/en\/wp-json\/wp\/v2\/posts\/12871\/revisions"}],"predecessor-version":[{"id":12873,"href":"https:\/\/www.enerjigazetesi.ist\/en\/wp-json\/wp\/v2\/posts\/12871\/revisions\/12873"}],"wp:featuredmedia":[{"embeddable":true,"href":"https:\/\/www.enerjigazetesi.ist\/en\/wp-json\/wp\/v2\/media\/12872"}],"wp:attachment":[{"href":"https:\/\/www.enerjigazetesi.ist\/en\/wp-json\/wp\/v2\/media?parent=12871"}],"wp:term":[{"taxonomy":"category","embeddable":true,"href":"https:\/\/www.enerjigazetesi.ist\/en\/wp-json\/wp\/v2\/categories?post=12871"},{"taxonomy":"post_tag","embeddable":true,"href":"https:\/\/www.enerjigazetesi.ist\/en\/wp-json\/wp\/v2\/tags?post=12871"}],"curies":[{"name":"wp","href":"https:\/\/api.w.org\/{rel}","templated":true}]}}