{"id":128683,"date":"2021-02-05T19:50:29","date_gmt":"2021-02-05T16:50:29","guid":{"rendered":"https:\/\/www.enerjigazetesi.ist\/?p=128683"},"modified":"2021-02-05T20:27:33","modified_gmt":"2021-02-05T17:27:33","slug":"itu-ieee-pes-komitesi-enerjide-milli-guc-emg-etkinligi-13-subat-ta-basliyor","status":"publish","type":"post","link":"https:\/\/www.enerjigazetesi.ist\/en\/itu-ieee-pes-komitesi-enerjide-milli-guc-emg-etkinligi-13-subat-ta-basliyor\/","title":{"rendered":"(Turkish) \u0130T\u00dc IEEE Pes Komitesi &#8216;Enerjide Milli G\u00fc\u00e7 Etkinli\u011fi&#8217; 13 \u015eubat\u2019ta Ba\u015fl\u0131yor!"},"content":{"rendered":"<p class=\"qtranxs-available-languages-message qtranxs-available-languages-message-en\">Sorry, this entry is only available in <a href=\"https:\/\/www.enerjigazetesi.ist\/tr\/wp-json\/wp\/v2\/posts\/128683\" class=\"qtranxs-available-language-link qtranxs-available-language-link-tr\" title=\"Turkish\">Turkish<\/a>. For the sake of viewer convenience, the content is shown below in the alternative language. You may click the link to switch the active language.<\/p><p><\/p>\n<h1>\u0130T\u00dc\u2019deki en aktif \u00f6\u011frenci kul\u00fcplerinden olan IEEE \u00f6\u011frenci kul\u00fcb\u00fc, Power and Energy (PES) komitesi taraf\u0131ndan OTOKAR ana sponsorlu\u011funda organize edilen Enerji&#8217;de Milli G\u00fc\u00e7 etkinli\u011fi, 13-14-15 \u015eubat 2021&#8217;de online platformdan ger\u00e7ekle\u015fecek. Etkinli\u011fin 4 ana ba\u015fl\u0131\u011f\u0131 ise; Enerji, Savunma Sanayi, Otomotiv Sanayi ve Giri\u015fimciliktir.<\/h1>\n<p>1992&#8217;de kurulan <strong>IEEE \u0130T\u00dc \u00d6\u011frenci Kolu<\/strong>, <strong>5<\/strong> komitesi ve <strong>5<\/strong> ekibiyle <strong>28 y\u0131ld\u0131r<\/strong> \u00e7al\u0131\u015fmalar\u0131n\u0131 s\u00fcrd\u00fcren, T\u00fcrkiye\u2019nin ve<strong> \u0130T\u00dc<\/strong>\u2019n\u00fcn <strong>en aktif \u00f6\u011frenci kul\u00fcplerinden<\/strong> biridir. Her y\u0131l d\u00fczenlemekte oldu\u011fu <strong>kariyer<\/strong> ve <strong>salon etkinlikleri<\/strong> ile alan\u0131nda <strong>uzman akademisyenler<\/strong> ve <strong>\u015firketleri \u00f6\u011frenciler<\/strong> ile bulu\u015fturan <strong>IEEE \u0130T\u00dc, teknik e\u011fitimler, teknik projeler, teknik geziler, ki\u015fisel geli\u015fim <img loading=\"lazy\" class=\"alignright wp-image-128687\" src=\"https:\/\/www.enerjigazetesi.ist\/wp-content\/uploads\/2021\/02\/itu-ieee-pes-komitesi-enerjide-milli-guc-emg-etkinligi-13-subat-ta-basliyor-1.jpg\" alt=\"\" width=\"340\" height=\"425\" srcset=\"https:\/\/www.enerjigazetesi.ist\/wp-content\/uploads\/2021\/02\/itu-ieee-pes-komitesi-enerjide-milli-guc-emg-etkinligi-13-subat-ta-basliyor-1.jpg 550w, https:\/\/www.enerjigazetesi.ist\/wp-content\/uploads\/2021\/02\/itu-ieee-pes-komitesi-enerjide-milli-guc-emg-etkinligi-13-subat-ta-basliyor-1-240x300.jpg 240w, https:\/\/www.enerjigazetesi.ist\/wp-content\/uploads\/2021\/02\/itu-ieee-pes-komitesi-enerjide-milli-guc-emg-etkinligi-13-subat-ta-basliyor-1-320x400.jpg 320w, https:\/\/www.enerjigazetesi.ist\/wp-content\/uploads\/2021\/02\/itu-ieee-pes-komitesi-enerjide-milli-guc-emg-etkinligi-13-subat-ta-basliyor-1-40x50.jpg 40w, https:\/\/www.enerjigazetesi.ist\/wp-content\/uploads\/2021\/02\/itu-ieee-pes-komitesi-enerjide-milli-guc-emg-etkinligi-13-subat-ta-basliyor-1-500x625.jpg 500w\" sizes=\"(max-width: 340px) 100vw, 340px\" \/>e\u011fitimleri<\/strong> ve<strong> sosyal sorumluluk projeleri<\/strong> ile de <strong>\u00f6\u011frencilerin teknik<\/strong> ve<strong> ki\u015fisel geli\u015fimlerine katk\u0131<\/strong> sa\u011flamaktad\u0131r.<\/p>\n<p><strong>Power\u00a0and\u00a0Energy\u00a0Society\u00a0(PES)<\/strong>,\u00a0<strong>IEEE<\/strong>\u2019nin\u00a0en k\u00f6kl\u00fc\u00a0komitelerinden biridir. <strong>IEEE PES<\/strong> d\u00fcnya \u00e7ap\u0131nda <strong>100.000\u2019den fazla<\/strong> \u00fcyesiyle <strong>enerji sekt\u00f6r\u00fcne liderlik<\/strong> etmektedir.<\/p>\n<p><strong>Enerjide Milli G\u00fc\u00e7 (EMG) etkinli\u011fi<\/strong> ise bu y\u0131l ilk defa d\u00fczenlenecek olup amac\u0131 dinleyicilere, \u00fclkemizdeki <strong>yerli<\/strong> ve<strong> milli projeleri<\/strong> tan\u0131tmak; <strong>milli ba\u011f\u0131ms\u0131zl\u0131k<\/strong> ilkesinden hareketle \u00fclkemizi daha ileriye ta\u015f\u0131ma yolunda at\u0131lan ad\u0131mlar\u0131 ilk a\u011f\u0131zdan \u00f6\u011frenmelerini sa\u011flamak, \u00fclkemizde yap\u0131lanlar\u0131n ve yap\u0131labilecek olanlar\u0131n fark\u0131ndal\u0131\u011f\u0131n\u0131 yaratmakt\u0131r. Etkinlik <strong>4 ana ba\u015fl\u0131\u011fa ayr\u0131lm\u0131\u015f<\/strong> olup bunlar, <strong>Enerji, Savunma, Otomotiv<\/strong> ve <strong>Giri\u015fimcilik&#8217;tir<\/strong>. Bu konu ba\u015fl\u0131klar\u0131yla birlikte, dinleyicilere bu konular hakk\u0131nda verimli <strong>oturum<\/strong> ve <strong>paneller<\/strong> ger\u00e7ekle\u015ftirilmesi de hedefleniyor.<\/p>\n<p>Etkinlik <strong>13-14-15 \u015eubat 2021<\/strong>&#8216;de\u00a0<strong>\u0130stanbul Teknik \u00dcniversitesi<\/strong>&#8216;nde<strong> 1000\u2019den fazla<\/strong> aktif \u00fcyesi bulunan <strong>kul\u00fcp b\u00fcnyesiyle<\/strong> birlikte t\u00fcm T\u00fcrkiye\u2019deki <strong>t\u00fcm \u00f6\u011frencilerin<\/strong> ve <strong>ilgililerin<\/strong> kat\u0131l\u0131m\u0131na a\u00e7\u0131k bir \u015fekilde ger\u00e7ekle\u015ftirilecektir. Etkinlik <strong>tamamen \u00fccretsiz<\/strong> olup, <strong>IEEE \u0130T\u00dc<\/strong> internet sitesi olan <a href=\"https:\/\/www.ituieee.com\/emg\" target=\"_blank\" rel=\"nofollow noopener\">https:\/\/www.ituieee.com\/emg<\/a> adresinden canl\u0131 olarak yay\u0131nlanacakt\u0131r.<\/p>\n<p>Alan\u0131nda \u00f6nc\u00fc <strong>yerli<\/strong> ve<strong> milli kat\u0131l\u0131mc\u0131<\/strong> firmalar\u0131m\u0131z ve kurulu\u015flar\u0131m\u0131z ise<strong> konu ba\u015fl\u0131klar\u0131na<\/strong> g\u00f6re <span style=\"text-decoration: underline;\">\u015fu \u015fekilde s\u0131ralan\u0131yor:<\/span><\/p>\n<p><strong>Enerji alan\u0131nda:<\/strong> ASELSAN, EKOS\u0130NERJ\u0130, ASP\u0130LSAN, T\u00dcREB ve G\u00dcNDER<\/p>\n<p><strong>Savunma alan\u0131nda:<\/strong> OTOKAR,TUSA\u015e, FNSS ve PAVOTEK<\/p>\n<p><strong>Otomotiv alan\u0131nda:<\/strong> OTOKAR, KARSAN, E\u015eARJ ve TEHAD<\/p>\n<p>\u015eirketlerden <strong>tecr\u00fcbeli<\/strong> ve <strong>alanlar\u0131nda uzman<\/strong> isimlerin yan\u0131 s\u0131ra <strong>\u0130stanbul Teknik \u00dcniversitesi&#8217;<\/strong>nden de Dr. \u00d6\u011fr. G\u00f6revlisi <strong>Derya Ahmet Kocaba\u015f<\/strong> da etkinlikte konu\u015fmac\u0131 olarak yer alacak. <strong>Kapsaml\u0131<\/strong> ve <strong>g\u00fcncel konular\u0131<\/strong>yla, \u00fclkemizdeki <strong>millilik ad\u0131mlar\u0131n\u0131<\/strong> birinci a\u011f\u0131zdan dinlemek i\u00e7in etkinli\u011fe\u00a0<strong><a href=\"https:\/\/forms.gle\/TA8QP621X8jaqWU89\" target=\"_blank\" rel=\"nofollow noopener\">https:\/\/forms.gle\/TA8QP621X8jaqWU89<\/a><\/strong>\u00a0linkinden kaydolabilirsiniz.<\/p>\n<p><strong>Etkinlik Web Sitesi:<\/strong>\u00a0<a href=\"https:\/\/www.ituieee.com\/emg\" target=\"_blank\" rel=\"nofollow noopener\">https:\/\/www.ituieee.com\/emg<\/a><\/p>\n<p><strong>Instagram Adresi:<\/strong> <a href=\"https:\/\/www.instagram.com\/emgitu21\/\" target=\"_blank\" rel=\"nofollow noopener\">https:\/\/www.instagram.com\/emgitu21\/<\/a><\/p>\n<p><strong>Linkedin Adresi:<\/strong>\u00a0<a href=\"https:\/\/www.linkedin.com\/events\/enerj-dem-ll-g6753643027618766848\/\" target=\"_blank\" rel=\"nofollow noopener\">https:\/\/www.linkedin.com\/events\/enerj-dem-ll-g6753643027618766848\/<\/a><\/p>\n<p><strong>Kul\u00fcp Instagram Adresi:<\/strong>\u00a0<a href=\"https:\/\/www.instagram.com\/ieeeitu\/\" target=\"_blank\" rel=\"nofollow noopener\">https:\/\/www.instagram.com\/ieeeitu\/<\/a><\/p>","protected":false},"excerpt":{"rendered":"<p>Sorry, this entry is only available in Turkish. For the sake of viewer convenience, the content is shown below in the alternative language. You may click the link to switch the active language. \u0130T\u00dc\u2019deki en aktif \u00f6\u011frenci kul\u00fcplerinden olan IEEE \u00f6\u011frenci kul\u00fcb\u00fc, Power and Energy (PES) komitesi taraf\u0131ndan OTOKAR ana sponsorlu\u011funda organize edilen Enerji&#8217;de Milli [&hellip;]<\/p>\n","protected":false},"author":1,"featured_media":128687,"comment_status":"open","ping_status":"open","sticky":false,"template":"","format":"standard","meta":[],"categories":[51,53,52],"tags":[63,52259,86007,86014,5351,86012,45316,7728,86009,81780,2269,2271,86011,86006,86008,86013,26389,86010],"views":202,"_links":{"self":[{"href":"https:\/\/www.enerjigazetesi.ist\/en\/wp-json\/wp\/v2\/posts\/128683"}],"collection":[{"href":"https:\/\/www.enerjigazetesi.ist\/en\/wp-json\/wp\/v2\/posts"}],"about":[{"href":"https:\/\/www.enerjigazetesi.ist\/en\/wp-json\/wp\/v2\/types\/post"}],"author":[{"embeddable":true,"href":"https:\/\/www.enerjigazetesi.ist\/en\/wp-json\/wp\/v2\/users\/1"}],"replies":[{"embeddable":true,"href":"https:\/\/www.enerjigazetesi.ist\/en\/wp-json\/wp\/v2\/comments?post=128683"}],"version-history":[{"count":0,"href":"https:\/\/www.enerjigazetesi.ist\/en\/wp-json\/wp\/v2\/posts\/128683\/revisions"}],"wp:featuredmedia":[{"embeddable":true,"href":"https:\/\/www.enerjigazetesi.ist\/en\/wp-json\/wp\/v2\/media\/128687"}],"wp:attachment":[{"href":"https:\/\/www.enerjigazetesi.ist\/en\/wp-json\/wp\/v2\/media?parent=128683"}],"wp:term":[{"taxonomy":"category","embeddable":true,"href":"https:\/\/www.enerjigazetesi.ist\/en\/wp-json\/wp\/v2\/categories?post=128683"},{"taxonomy":"post_tag","embeddable":true,"href":"https:\/\/www.enerjigazetesi.ist\/en\/wp-json\/wp\/v2\/tags?post=128683"}],"curies":[{"name":"wp","href":"https:\/\/api.w.org\/{rel}","templated":true}]}}