{"id":128654,"date":"2021-02-05T11:14:18","date_gmt":"2021-02-05T08:14:18","guid":{"rendered":"https:\/\/www.enerjigazetesi.ist\/?p=128654"},"modified":"2021-02-05T11:15:13","modified_gmt":"2021-02-05T08:15:13","slug":"ruzgar-turbinleri-turkiye-kalkinma-ve-yatirim-bankasi-destegiyle-donuyor","status":"publish","type":"post","link":"https:\/\/www.enerjigazetesi.ist\/en\/ruzgar-turbinleri-turkiye-kalkinma-ve-yatirim-bankasi-destegiyle-donuyor\/","title":{"rendered":"(Turkish) R\u00fczgar T\u00fcrbinleri T\u00fcrkiye Kalk\u0131nma ve Yat\u0131r\u0131m Bankas\u0131 Deste\u011fiyle D\u00f6n\u00fcyor"},"content":{"rendered":"<p class=\"qtranxs-available-languages-message qtranxs-available-languages-message-en\">Sorry, this entry is only available in <a href=\"https:\/\/www.enerjigazetesi.ist\/tr\/wp-json\/wp\/v2\/posts\/128654\" class=\"qtranxs-available-language-link qtranxs-available-language-link-tr\" title=\"Turkish\">Turkish<\/a>. For the sake of viewer convenience, the content is shown below in the alternative language. You may click the link to switch the active language.<\/p><p><\/p>\n<h1><strong>Yenilenebilir enerjiye verdi\u011fi deste\u011fi h\u0131z kesmeden s\u00fcrd\u00fcren T\u00fcrkiye Kalk\u0131nma ve Yat\u0131r\u0131m Bankas\u0131, Bursa\u2019da kurulacak olan ve y\u0131ll\u0131k \u00fcretim kapasitesi 353.000.000 kWh olan G\u00fcri\u015f Ulu RES projesine finansman kredisi sa\u011flad\u0131.<\/strong><\/h1>\n<p><strong>T\u00fcrkiye Kalk\u0131nma ve Yat\u0131r\u0131m Bankas\u0131<\/strong>, <strong>G\u00fcri\u015f Grubu<\/strong> taraf\u0131ndan, Bursa\u2019n\u0131n <strong>Keles<\/strong> ve <strong>\u0130neg\u00f6l<\/strong> il\u00e7e s\u0131n\u0131rlar\u0131 i\u00e7erisinde in\u015fa edilmekte olan<strong> 120,4 MW<\/strong>\u2019l\u0131k kurulu g\u00fcce sahip <strong>Ulu R\u00fczgar Enerjisi Santrali<\/strong>\u2019ne <strong>12 y\u0131l vadeli finansman deste\u011fi<\/strong> sa\u011flad\u0131. Yerli enerji kaynaklar\u0131n\u0131n ekonomiye kazand\u0131r\u0131lmas\u0131nda \u00f6nemli rol oynayacak olan santralde y\u0131ll\u0131k<strong> 353.000.000 kWh<\/strong> elektrik \u00fcretimi <img loading=\"lazy\" class=\"alignright wp-image-128656\" src=\"https:\/\/www.enerjigazetesi.ist\/wp-content\/uploads\/2021\/02\/ruzgar-turbinleri-turkiye-kalkinma-ve-yatirim-bankasi-destegiyle-donuyor.jpg\" alt=\"\" width=\"320\" height=\"229\" srcset=\"https:\/\/www.enerjigazetesi.ist\/wp-content\/uploads\/2021\/02\/ruzgar-turbinleri-turkiye-kalkinma-ve-yatirim-bankasi-destegiyle-donuyor.jpg 550w, https:\/\/www.enerjigazetesi.ist\/wp-content\/uploads\/2021\/02\/ruzgar-turbinleri-turkiye-kalkinma-ve-yatirim-bankasi-destegiyle-donuyor-300x214.jpg 300w, https:\/\/www.enerjigazetesi.ist\/wp-content\/uploads\/2021\/02\/ruzgar-turbinleri-turkiye-kalkinma-ve-yatirim-bankasi-destegiyle-donuyor-500x357.jpg 500w, https:\/\/www.enerjigazetesi.ist\/wp-content\/uploads\/2021\/02\/ruzgar-turbinleri-turkiye-kalkinma-ve-yatirim-bankasi-destegiyle-donuyor-70x50.jpg 70w\" sizes=\"(max-width: 320px) 100vw, 320px\" \/>\u00f6ng\u00f6r\u00fclmektedir.<\/p>\n<p><strong>K\u00fcresel iklim de\u011fi\u015fikli\u011fiyle m\u00fccadele<\/strong>de yenilenebilir enerji kaynaklar\u0131n\u0131n ve <strong>r\u00fczgar enerjisi<\/strong> yat\u0131r\u0131mlar\u0131n\u0131n \u00f6nemine dikkat \u00e7eken <strong>T\u00fcrkiye Kalk\u0131nma ve Yat\u0131r\u0131m Bankas\u0131<\/strong> Genel M\u00fcd\u00fcr\u00fc <strong>\u0130brahim \u00d6ztop<\/strong>, <em>\u201cFinanse etmi\u015f oldu\u011fumuz <strong>RES yat\u0131r\u0131mlar\u0131<\/strong>n\u0131n, \u00e7evresel ve sosyal etkilerini her y\u00f6n\u00fcyle inceliyor ve titizlikle de\u011ferlendiriyoruz. Bankam\u0131z i\u00e7in <strong>temiz<\/strong> ve <strong>yenilenebilir enerji yat\u0131r\u0131mlar\u0131<\/strong>n\u0131 yurt d\u0131\u015f\u0131 kaynaklarla bulu\u015fturmak, s\u00f6z konusu sekt\u00f6rlerin geli\u015fmesini sa\u011flamak,<strong> yerli<\/strong> ve <strong>milli projeler<\/strong> geli\u015ftirerek istihdam olu\u015fmas\u0131n\u0131 desteklemek \u00f6nem arz ediyor. <strong>D\u00fc\u015f\u00fck karbonlu<\/strong> bir gelecek i\u00e7in <strong>yenilenebilir enerji yat\u0131r\u0131mlar\u0131n\u0131<\/strong> destekliyoruz. Kredi deste\u011fi verdi\u011fimiz enerji projeleri aras\u0131nda <strong>r\u00fczgar enerjisi santralleri<\/strong>nin pay\u0131 <strong>% 31<\/strong>. Bu oran, bize gelecek y\u0131llarda bu alana y\u00f6nelik finansmanlar\u0131n daha da g\u00fc\u00e7lenece\u011fini g\u00f6steriyor\u201d<\/em> dedi.<\/p>\n<p>\u00d6ztop, <strong>T\u00fcrkiye Kalk\u0131nma ve Yat\u0131r\u0131m Bankas\u0131<\/strong> taraf\u0131ndan finanse edilmi\u015f ve \u00fcretime ge\u00e7mi\u015f RES tesislerinden y\u0131ll\u0131k ortalama <strong>850 milyon kWh<\/strong> temiz ve yenilenebilir enerji elde edildi\u011fini ve b\u00f6ylece yakla\u015f\u0131k <strong>285 bin hanenin<\/strong> y\u0131ll\u0131k enerji ihtiyac\u0131na denk \u00fcretim ger\u00e7ekle\u015ftirdi\u011fini ifade etti. \u00d6ztop\u2019un verdi\u011fi bilgilere g\u00f6re <strong>T\u00fcrkiye Kalk\u0131nma ve Yat\u0131r\u0131m Bankas\u0131<\/strong>, bug\u00fcne kadar<strong> 1.397 MW<\/strong> kurulu g\u00fc\u00e7te <strong>38 RES tesisi<\/strong>nin projelerini de\u011ferlendirdi. Bankan\u0131n yenilenebilir enerji portf\u00f6y\u00fcn\u00fcn <strong>% 31<\/strong>\u2019ini olu\u015fturan<strong> RES projeleri<\/strong>nden, toplam kurulu g\u00fcc\u00fc <strong>322 MW<\/strong>\u2019a tekab\u00fcl eden <strong>21 santral<\/strong> \u00fcretime ba\u015flad\u0131.<\/p>\n<p><strong>45 y\u0131ld\u0131r<\/strong> T\u00fcrkiye\u2019nin kalk\u0131nma hedeflerine ula\u015fmas\u0131nda \u00f6nemli bir misyona sahip olan<strong> T\u00fcrkiye Kalk\u0131nma ve Yat\u0131r\u0131m Bankas\u0131<\/strong>\u2019n\u0131n portf\u00f6y\u00fcn\u00fcn<strong> %49<\/strong>\u2019u <strong>yenilenebilir enerji<\/strong> ve <strong>enerji verimlili\u011fi projeleri<\/strong>nden meydana geliyor. Bankan\u0131n <strong>s\u00fcrd\u00fcr\u00fclebilir kalk\u0131nma<\/strong> amac\u0131yla destekledi\u011fi ve<strong> ye\u015fil enerji<\/strong> i\u00e7in \u00f6nemli bir kaynak olan <strong>r\u00fczgar santrallerine<\/strong> sa\u011flanan kaynaklar\u0131n portf\u00f6ydeki pay\u0131n\u0131 art\u0131rmaya devam etmesi bekleniyor.<\/p>","protected":false},"excerpt":{"rendered":"<p>Sorry, this entry is only available in Turkish. For the sake of viewer convenience, the content is shown below in the alternative language. You may click the link to switch the active language. Yenilenebilir enerjiye verdi\u011fi deste\u011fi h\u0131z kesmeden s\u00fcrd\u00fcren T\u00fcrkiye Kalk\u0131nma ve Yat\u0131r\u0131m Bankas\u0131, Bursa\u2019da kurulacak olan ve y\u0131ll\u0131k \u00fcretim kapasitesi 353.000.000 kWh olan [&hellip;]<\/p>\n","protected":false},"author":1,"featured_media":128657,"comment_status":"open","ping_status":"open","sticky":false,"template":"","format":"standard","meta":[],"categories":[51,53,50],"tags":[82459,52259,85987,85985,63404,85988,47022,35002,14208,53282,52998,54979,80382,85986],"views":102,"_links":{"self":[{"href":"https:\/\/www.enerjigazetesi.ist\/en\/wp-json\/wp\/v2\/posts\/128654"}],"collection":[{"href":"https:\/\/www.enerjigazetesi.ist\/en\/wp-json\/wp\/v2\/posts"}],"about":[{"href":"https:\/\/www.enerjigazetesi.ist\/en\/wp-json\/wp\/v2\/types\/post"}],"author":[{"embeddable":true,"href":"https:\/\/www.enerjigazetesi.ist\/en\/wp-json\/wp\/v2\/users\/1"}],"replies":[{"embeddable":true,"href":"https:\/\/www.enerjigazetesi.ist\/en\/wp-json\/wp\/v2\/comments?post=128654"}],"version-history":[{"count":0,"href":"https:\/\/www.enerjigazetesi.ist\/en\/wp-json\/wp\/v2\/posts\/128654\/revisions"}],"wp:featuredmedia":[{"embeddable":true,"href":"https:\/\/www.enerjigazetesi.ist\/en\/wp-json\/wp\/v2\/media\/128657"}],"wp:attachment":[{"href":"https:\/\/www.enerjigazetesi.ist\/en\/wp-json\/wp\/v2\/media?parent=128654"}],"wp:term":[{"taxonomy":"category","embeddable":true,"href":"https:\/\/www.enerjigazetesi.ist\/en\/wp-json\/wp\/v2\/categories?post=128654"},{"taxonomy":"post_tag","embeddable":true,"href":"https:\/\/www.enerjigazetesi.ist\/en\/wp-json\/wp\/v2\/tags?post=128654"}],"curies":[{"name":"wp","href":"https:\/\/api.w.org\/{rel}","templated":true}]}}