{"id":128626,"date":"2021-02-04T21:22:38","date_gmt":"2021-02-04T18:22:38","guid":{"rendered":"https:\/\/www.enerjigazetesi.ist\/?p=128626"},"modified":"2021-02-04T22:20:09","modified_gmt":"2021-02-04T19:20:09","slug":"komurlu-termik-santrallerden-dolayi-her-gun-13-kisi-yasamini-yitiriyor","status":"publish","type":"post","link":"https:\/\/www.enerjigazetesi.ist\/en\/komurlu-termik-santrallerden-dolayi-her-gun-13-kisi-yasamini-yitiriyor\/","title":{"rendered":"(Turkish) K\u00f6m\u00fcrl\u00fc Termik Santrallerden Dolay\u0131 Her G\u00fcn 13 Ki\u015fi \u00d6l\u00fcyor&#8230;"},"content":{"rendered":"<p class=\"qtranxs-available-languages-message qtranxs-available-languages-message-en\">Sorry, this entry is only available in <a href=\"https:\/\/www.enerjigazetesi.ist\/tr\/wp-json\/wp\/v2\/posts\/128626\" class=\"qtranxs-available-language-link qtranxs-available-language-link-tr\" title=\"Turkish\">Turkish<\/a>. For the sake of viewer convenience, the content is shown below in the alternative language. You may click the link to switch the active language.<\/p><p><\/p>\n<h1>04 \u015eubat\u00a0<strong>D\u00fcnya Kanser G\u00fcn\u00fcnde de<\/strong>\u00a0k\u00f6m\u00fcrl\u00fc termik santraller sa\u011fl\u0131\u011f\u0131m\u0131z\u0131 tehdit etmeyi s\u00fcrd\u00fcr\u00fcyor.<\/h1>\n<p>A\u00e7\u0131klanan <strong>Sa\u011fl\u0131k ve \u00c7evre Birli\u011fi HEAL<\/strong>\u2019in \u2018<strong><a href=\"https:\/\/www.env-health.org\/wp-content\/uploads\/2021\/02\/Chronic-Coal-Pollution-Turkey-TR.pdf\" target=\"_blank\" rel=\"nofollow noopener\">T\u00fcrkiye\u2019de Kronik K\u00f6m\u00fcr Kirlili\u011fi<\/a><\/strong>\u2019 raporuna <img loading=\"lazy\" class=\"alignright wp-image-128628\" src=\"https:\/\/www.enerjigazetesi.ist\/wp-content\/uploads\/2021\/02\/komurlu-termik-santrallerden-dolayi-her-gun-13-kisi-yasamini-yitiriyor.jpg\" alt=\"\" width=\"340\" height=\"191\" srcset=\"https:\/\/www.enerjigazetesi.ist\/wp-content\/uploads\/2021\/02\/komurlu-termik-santrallerden-dolayi-her-gun-13-kisi-yasamini-yitiriyor.jpg 800w, https:\/\/www.enerjigazetesi.ist\/wp-content\/uploads\/2021\/02\/komurlu-termik-santrallerden-dolayi-her-gun-13-kisi-yasamini-yitiriyor-300x169.jpg 300w, https:\/\/www.enerjigazetesi.ist\/wp-content\/uploads\/2021\/02\/komurlu-termik-santrallerden-dolayi-her-gun-13-kisi-yasamini-yitiriyor-768x432.jpg 768w, https:\/\/www.enerjigazetesi.ist\/wp-content\/uploads\/2021\/02\/komurlu-termik-santrallerden-dolayi-her-gun-13-kisi-yasamini-yitiriyor-500x281.jpg 500w, https:\/\/www.enerjigazetesi.ist\/wp-content\/uploads\/2021\/02\/komurlu-termik-santrallerden-dolayi-her-gun-13-kisi-yasamini-yitiriyor-80x45.jpg 80w\" sizes=\"(max-width: 340px) 100vw, 340px\" \/>g\u00f6re, <strong>k\u00f6m\u00fcrl\u00fc termik santraller<\/strong> pek \u00e7ok <strong>kronik<\/strong> ve <strong>akut<\/strong> <strong>hastal\u0131\u011f\u0131n\u0131n da<\/strong>\u00a0bir nedeni oluyor.<\/p>\n<p><strong>2019 y\u0131l\u0131nda<\/strong> bu santraller\u00a0<strong>T\u00fcrkiye\u2019de 26 bin 500 \u00e7ocuk bron\u015fit vakas\u0131, 3 bin erken do\u011fum, 3 bin 230 yeti\u015fkin bron\u015fit vakas\u0131<\/strong>na neden olurken <strong>D\u00fcnya Sa\u011fl\u0131k \u00d6rg\u00fct\u00fc<\/strong> verilerine g\u00f6re ise, <strong>akci\u011fer kanseri \u00f6l\u00fcmleri<\/strong>nin <strong>%36<\/strong>\u2019s\u0131n\u0131n nedeni <strong>hava kirlili\u011fi.<\/strong><\/p>\n<p>Adana&#8217;daki <strong>\u0130sken termik santrali<\/strong> T\u00fcrkiye&#8217;nin<strong> en kirli termik santralleri<\/strong> aras\u0131nda yer al\u0131rken Buna ra\u011fmen, hemen yan\u0131 ba\u015f\u0131na ise <strong>2&#8217;inci bir santral in\u015fa<\/strong> ediliyor.<\/p>\n<p><strong>Adana<\/strong>\u2019da yeni bir <strong>k\u00f6m\u00fcrl\u00fc termik santral<\/strong>\u00a0daha istenmezken\u00a0<strong>change.org<\/strong> \u00fczerinden ilgili kampanyay\u0131 sende imzalayarak<strong>\u00a0<a href=\"https:\/\/www.change.org\/p\/iklim-krizi-%C3%A7a%C4%9F%C4%B1nda-k%C3%B6m%C3%BCrl%C3%BC-termik-santrali-finanse-etmek-kabul-edilemez-icbcyatirim-hunutlu-yu-kirli-yat%C4%B1r%C4%B1mlar%C4%B1-destekleme-adanaya%C3%B6l%C3%BCyat%C4%B1r%C4%B1m-tcenerji-fatih-donmez\/psf\/promote_or_share?source_location=petition_update\" target=\"_blank\" rel=\"nofollow noopener\">B\u00fcy\u00fctmeye Devam Edebilirsin &gt;&gt;&gt;<\/a><\/strong><\/p>","protected":false},"excerpt":{"rendered":"<p>Sorry, this entry is only available in Turkish. For the sake of viewer convenience, the content is shown below in the alternative language. You may click the link to switch the active language. 04 \u015eubat\u00a0D\u00fcnya Kanser G\u00fcn\u00fcnde de\u00a0k\u00f6m\u00fcrl\u00fc termik santraller sa\u011fl\u0131\u011f\u0131m\u0131z\u0131 tehdit etmeyi s\u00fcrd\u00fcr\u00fcyor. A\u00e7\u0131klanan Sa\u011fl\u0131k ve \u00c7evre Birli\u011fi HEAL\u2019in \u2018T\u00fcrkiye\u2019de Kronik K\u00f6m\u00fcr Kirlili\u011fi\u2019 raporuna [&hellip;]<\/p>\n","protected":false},"author":1,"featured_media":128628,"comment_status":"open","ping_status":"open","sticky":false,"template":"","format":"standard","meta":[],"categories":[51,53,24649],"tags":[80750,85966,52259,73800,52415,38917,85963,85964,85965],"views":186,"_links":{"self":[{"href":"https:\/\/www.enerjigazetesi.ist\/en\/wp-json\/wp\/v2\/posts\/128626"}],"collection":[{"href":"https:\/\/www.enerjigazetesi.ist\/en\/wp-json\/wp\/v2\/posts"}],"about":[{"href":"https:\/\/www.enerjigazetesi.ist\/en\/wp-json\/wp\/v2\/types\/post"}],"author":[{"embeddable":true,"href":"https:\/\/www.enerjigazetesi.ist\/en\/wp-json\/wp\/v2\/users\/1"}],"replies":[{"embeddable":true,"href":"https:\/\/www.enerjigazetesi.ist\/en\/wp-json\/wp\/v2\/comments?post=128626"}],"version-history":[{"count":0,"href":"https:\/\/www.enerjigazetesi.ist\/en\/wp-json\/wp\/v2\/posts\/128626\/revisions"}],"wp:featuredmedia":[{"embeddable":true,"href":"https:\/\/www.enerjigazetesi.ist\/en\/wp-json\/wp\/v2\/media\/128628"}],"wp:attachment":[{"href":"https:\/\/www.enerjigazetesi.ist\/en\/wp-json\/wp\/v2\/media?parent=128626"}],"wp:term":[{"taxonomy":"category","embeddable":true,"href":"https:\/\/www.enerjigazetesi.ist\/en\/wp-json\/wp\/v2\/categories?post=128626"},{"taxonomy":"post_tag","embeddable":true,"href":"https:\/\/www.enerjigazetesi.ist\/en\/wp-json\/wp\/v2\/tags?post=128626"}],"curies":[{"name":"wp","href":"https:\/\/api.w.org\/{rel}","templated":true}]}}