{"id":128498,"date":"2021-02-02T17:45:36","date_gmt":"2021-02-02T14:45:36","guid":{"rendered":"https:\/\/www.enerjigazetesi.ist\/?p=128498"},"modified":"2021-02-02T18:45:39","modified_gmt":"2021-02-02T15:45:39","slug":"saglik-solunum-hekimlerinin-50-yillik-tarihcesi-kitaba-donustu","status":"publish","type":"post","link":"https:\/\/www.enerjigazetesi.ist\/en\/saglik-solunum-hekimlerinin-50-yillik-tarihcesi-kitaba-donustu\/","title":{"rendered":"(Turkish) Sa\u011fl\u0131k: &#8216;Solunum Hekimleri&#8217;nin 50 Y\u0131ll\u0131k Tarih\u00e7esi Kitaba D\u00f6n\u00fc\u015ft\u00fc"},"content":{"rendered":"<p class=\"qtranxs-available-languages-message qtranxs-available-languages-message-en\">Sorry, this entry is only available in <a href=\"https:\/\/www.enerjigazetesi.ist\/tr\/wp-json\/wp\/v2\/posts\/128498\" class=\"qtranxs-available-language-link qtranxs-available-language-link-tr\" title=\"Turkish\">Turkish<\/a>. For the sake of viewer convenience, the content is shown below in the alternative language. You may click the link to switch the active language.<\/p><p><\/p>\n<h1>T\u00fcrkiye\u2019de solunum hekimli\u011finin\u00a0<strong>50 y\u0131ll\u0131k hikayesi: Bir Solukta!<\/strong><\/h1>\n<h2><strong>Alan\u0131n\u0131n en k\u00f6kl\u00fc STK\u2019s\u0131 olan T\u00fcrkiye Solunum Ara\u015ft\u0131rmalar\u0131 Derne\u011fi T\u00dcSAD\u2019\u0131n, yar\u0131m as\u0131rl\u0131k ser\u00fcveni \u201cBir Solukta\u201d ad\u0131yla kitaba d\u00f6n\u00fc\u015ft\u00fc. Nilg\u00fcn Karata\u015f taraf\u0131ndan kaleme al\u0131nan kitapta, derne\u011fin tarih\u00e7esi Kurucu Ba\u015fkan\u0131 Prof. Dr. Meliha Terzio\u011flu\u2019nun hikayesi ile ba\u015flayarak g\u00fcn\u00fcm\u00fcze kadar uzan\u0131yor. Kitap, okurlar\u0131na bir yandan derne\u011fin ge\u00e7mi\u015fini aktar\u0131rken di\u011fer yandan T\u00fcrkiye\u2019de solunum hekimli\u011finin geli\u015fimine de tan\u0131kl\u0131k ediyor.<\/strong><\/h2>\n<p>T\u00fcrkiye gibi hen\u00fcz <strong>100\u2019\u00fcnc\u00fc<\/strong> y\u0131l\u0131n\u0131 kutlamaya haz\u0131rlanan bir \u00fclkede,<strong> 50 y\u0131ll\u0131k<\/strong> bir kurum olarak sa\u011fl\u0131k alan\u0131nda \u00e7ok \u00f6nemli geli\u015fmelere \u00f6nc\u00fcl\u00fck eden<strong> T\u00dcSAD<\/strong>\u2019\u0131n (T\u00fcrkiye Solunum Ara\u015ft\u0131rmalar\u0131 Derne\u011fi) tarih\u00e7esi, \u201cBir Solukta\u201d ad\u0131yla kitap oldu. <strong>Pandemi s\u00fcrecinde<\/strong> en <strong>\u00f6n cephede<\/strong> yer alan<strong> solunum hekimleri<\/strong>nin<strong> 22 Ocak 1970<\/strong> tarihinde ba\u015flayan <strong>dernekle\u015fme s\u00fcreci<\/strong>nden <strong>uluslararas\u0131 literat\u00fcre<\/strong> giren \u00e7al\u0131\u015fmalara kadar <strong>50 y\u0131ll\u0131k<\/strong> bir d\u00f6nemi konu alan kitap,<strong> T\u00fcrkiye\u2019nin yak\u0131n tarihine<\/strong> <img loading=\"lazy\" class=\"alignright wp-image-128501\" src=\"https:\/\/www.enerjigazetesi.ist\/wp-content\/uploads\/2021\/02\/saglik-solunum-hekimlerinin-50-yillik-tarihcesi-kitaba-donustu-1.jpg\" alt=\"\" width=\"320\" height=\"208\" srcset=\"https:\/\/www.enerjigazetesi.ist\/wp-content\/uploads\/2021\/02\/saglik-solunum-hekimlerinin-50-yillik-tarihcesi-kitaba-donustu-1.jpg 550w, https:\/\/www.enerjigazetesi.ist\/wp-content\/uploads\/2021\/02\/saglik-solunum-hekimlerinin-50-yillik-tarihcesi-kitaba-donustu-1-300x195.jpg 300w, https:\/\/www.enerjigazetesi.ist\/wp-content\/uploads\/2021\/02\/saglik-solunum-hekimlerinin-50-yillik-tarihcesi-kitaba-donustu-1-500x325.jpg 500w, https:\/\/www.enerjigazetesi.ist\/wp-content\/uploads\/2021\/02\/saglik-solunum-hekimlerinin-50-yillik-tarihcesi-kitaba-donustu-1-77x50.jpg 77w\" sizes=\"(max-width: 320px) 100vw, 320px\" \/>de tan\u0131kl\u0131k ediyor.<\/p>\n<p><strong>\u201cBir Cumhuriyet k\u0131z\u0131n\u0131n \u00f6yk\u00fcs\u00fc ile ba\u015flad\u0131 her \u015fey\u201d<\/strong> ba\u015fl\u0131\u011f\u0131 ile<strong> T\u00dcSAD<\/strong>\u2019\u0131n Kurucu Ba\u015fkan\u0131 <strong>Prof. Dr. Meliha Terzio\u011flu<\/strong>\u2019nun hikayesi ile yola \u00e7\u0131kan kitap,<strong> 70\u2019lerin T\u00fcrkiyesi<\/strong>\u2019nde bir avu\u00e7 idealist hekimin \u00e7abalar\u0131n\u0131n bug\u00fcn ula\u015ft\u0131\u011f\u0131 noktay\u0131 g\u00f6steriyor. <strong>\u201cT\u00fckenmeyen Nefesle Ge\u00e7en 50 Y\u0131l &#8211; Bir Solukta\u201d<\/strong> kitab\u0131, \u00f6ncelikle, fikir babas\u0131n\u0131n <strong>Prof. Dr. Cem\u2019i Demiro\u011flu<\/strong> oldu\u011fu <strong>T\u00dcSAD<\/strong>\u2019\u0131n T\u00fcrkiye genelindeki solunum hekimlerini \u00e7at\u0131s\u0131 alt\u0131nda bulu\u015ftururken ya\u015fad\u0131\u011f\u0131 s\u00fcreci aktar\u0131yor. <strong>Kitap, maddi<\/strong> ve <strong>fiziki<\/strong> olanaks\u0131zlarla faaliyet g\u00f6stermeye ba\u015flayan bir derne\u011fin, binlerce hekimin kat\u0131ld\u0131\u011f\u0131 ve alan\u0131nda ilk olan bir dijital kongreyi d\u00fczenleyecek yap\u0131ya, <strong>9 kurucu<\/strong> \u00fcyeden yakla\u015f\u0131k <strong>4.500 \u00fcyeli<\/strong> bir <strong>STK<\/strong>\u2019ya (Sivil Toplum Kurulu\u015fu) nas\u0131l d\u00f6n\u00fc\u015ft\u00fc\u011f\u00fcn\u00fc g\u00f6zler \u00f6n\u00fcne seriyor.<\/p>\n<p>T\u00dcSAD Ba\u015fkan\u0131 <strong>Prof. Dr. \u00dclk\u00fc Y\u0131lmaz<\/strong>, kitab\u0131n \u00f6ns\u00f6z\u00fcnde \u015fu a\u00e7\u0131klamay\u0131 yap\u0131yor: <em>\u201c<strong>T\u00dcSAD<\/strong>\u2019da 50 y\u0131ld\u0131r her \u015fey kay\u0131t alt\u0131ndad\u0131r. Yap\u0131lan t\u00fcm i\u015fler, hayata ge\u00e7irilen ilkler. Biz de istedik ki; bu ar\u015fivi tarayal\u0131m, elimizdeki bilgileri bir kitaba <strong>aktaral\u0131m<\/strong> ve<strong> \u00fcyelerimize<\/strong>, \u00f6zellikle de gen\u00e7lerimize sunal\u0131m. Derne\u011fimize hen\u00fcz <strong>yeni \u00fcye olan<\/strong> ya da gelecekte olmay\u0131<strong> d\u00fc\u015f\u00fcnen meslekta\u015flar\u0131m\u0131z<\/strong> \u00f6nceki ku\u015faklar\u0131n ve bizlerin neler ya\u015fad\u0131\u011f\u0131n\u0131, hangi ko\u015fullarda neler yapt\u0131\u011f\u0131n\u0131 anlayabilsin diye. \u0130nan\u0131yorum ki, bu kitab\u0131 okuduklar\u0131nda nas\u0131l bir miras devrald\u0131klar\u0131n\u0131 anlayacak ve bizimle ayn\u0131 duygular\u0131 y\u00fcreklerinde hissedeceklerdir. <strong>50 y\u0131ll\u0131k<\/strong> tarihimizle <strong>gen\u00e7lere ilham<\/strong> verebilir, <strong>onlar\u0131 cesaretlendirebilir, birlik<\/strong> ve <strong>beraberli\u011fin \u00f6nemini<\/strong> g\u00f6sterebilirsek ne mutlu bize.\u201d<\/em><\/p>\n<p><strong>\u201cBir Solukta\u201d kitab\u0131<\/strong>n\u0131n yazar\u0131 <strong>Nilg\u00fcn Karata\u015f<\/strong> ise, sunu\u015f yaz\u0131s\u0131nda \u015funlar\u0131 aktar\u0131yor:<em> \u201cT\u00fcrkiye gibi gen\u00e7 bir Cumhuriyet\u2019te<strong> 50 y\u0131ll\u0131k<\/strong> kurumlar\u0131n say\u0131s\u0131 zaten azken, <strong>T\u00dcSAD<\/strong> gibi <strong>g\u00f6\u011f\u00fcs hastal\u0131klar\u0131<\/strong> alan\u0131nda<strong> t\u0131p bilimine<\/strong> ve<strong> toplum sa\u011fl\u0131\u011f\u0131na<\/strong> \u00f6nemli katk\u0131lar\u0131 bulunan bir <strong>derne\u011fin hikayesini<\/strong> <strong>yazmak<\/strong> ve<strong> payla\u015fmak<\/strong> \u00e7ok \u00f6nemli bir \u00e7al\u0131\u015fmayd\u0131. Bu kitab\u0131 haz\u0131rlarken bir tarih\u00e7e, an\u0131 kitab\u0131 olmas\u0131ndan daha \u00e7ok <strong>T\u00dcSAD<\/strong> gibi yar\u0131m as\u0131rl\u0131k bir derne\u011fin ge\u00e7mi\u015fine \u0131\u015f\u0131k tutmay\u0131, \u00f6zellikle<strong> gen\u00e7 okurlara<\/strong> bir kaynak olu\u015fturmay\u0131 ama\u00e7lad\u0131k. Umar\u0131z bu amaca ula\u015fm\u0131\u015f\u0131zd\u0131r.\u201d<\/em><\/p>\n<p><strong>\u0130lgili Kitaba Online Olarak Ula\u015fmak \u0130\u00e7in:<\/strong>\u00a0<a href=\"https:\/\/www.solunum.org.tr\/TusadData\/userfiles\/file\/Bir_Solukta_Kitap_10Ocak.pdf\" target=\"_blank\" rel=\"nofollow noopener\">https:\/\/www.solunum.org.tr\/TusadData\/userfiles\/file\/Bir_Solukta_Kitap_10Ocak.pdf<\/a> adresini ziyaret edebilirsiniz.<\/p>","protected":false},"excerpt":{"rendered":"<p>Sorry, this entry is only available in Turkish. For the sake of viewer convenience, the content is shown below in the alternative language. You may click the link to switch the active language. T\u00fcrkiye\u2019de solunum hekimli\u011finin\u00a050 y\u0131ll\u0131k hikayesi: Bir Solukta! Alan\u0131n\u0131n en k\u00f6kl\u00fc STK\u2019s\u0131 olan T\u00fcrkiye Solunum Ara\u015ft\u0131rmalar\u0131 Derne\u011fi T\u00dcSAD\u2019\u0131n, yar\u0131m as\u0131rl\u0131k ser\u00fcveni \u201cBir Solukta\u201d [&hellip;]<\/p>\n","protected":false},"author":1,"featured_media":128501,"comment_status":"open","ping_status":"open","sticky":false,"template":"","format":"standard","meta":[],"categories":[51,53,52],"tags":[52259,85882,85885,85881,85884,85880,85883],"views":80,"_links":{"self":[{"href":"https:\/\/www.enerjigazetesi.ist\/en\/wp-json\/wp\/v2\/posts\/128498"}],"collection":[{"href":"https:\/\/www.enerjigazetesi.ist\/en\/wp-json\/wp\/v2\/posts"}],"about":[{"href":"https:\/\/www.enerjigazetesi.ist\/en\/wp-json\/wp\/v2\/types\/post"}],"author":[{"embeddable":true,"href":"https:\/\/www.enerjigazetesi.ist\/en\/wp-json\/wp\/v2\/users\/1"}],"replies":[{"embeddable":true,"href":"https:\/\/www.enerjigazetesi.ist\/en\/wp-json\/wp\/v2\/comments?post=128498"}],"version-history":[{"count":0,"href":"https:\/\/www.enerjigazetesi.ist\/en\/wp-json\/wp\/v2\/posts\/128498\/revisions"}],"wp:featuredmedia":[{"embeddable":true,"href":"https:\/\/www.enerjigazetesi.ist\/en\/wp-json\/wp\/v2\/media\/128501"}],"wp:attachment":[{"href":"https:\/\/www.enerjigazetesi.ist\/en\/wp-json\/wp\/v2\/media?parent=128498"}],"wp:term":[{"taxonomy":"category","embeddable":true,"href":"https:\/\/www.enerjigazetesi.ist\/en\/wp-json\/wp\/v2\/categories?post=128498"},{"taxonomy":"post_tag","embeddable":true,"href":"https:\/\/www.enerjigazetesi.ist\/en\/wp-json\/wp\/v2\/tags?post=128498"}],"curies":[{"name":"wp","href":"https:\/\/api.w.org\/{rel}","templated":true}]}}