{"id":128488,"date":"2021-02-02T17:26:17","date_gmt":"2021-02-02T14:26:17","guid":{"rendered":"https:\/\/www.enerjigazetesi.ist\/?p=128488"},"modified":"2021-02-02T17:26:17","modified_gmt":"2021-02-02T14:26:17","slug":"platin-dergisi-nin-dijital-sohbetleri-de-basladi","status":"publish","type":"post","link":"https:\/\/www.enerjigazetesi.ist\/en\/platin-dergisi-nin-dijital-sohbetleri-de-basladi\/","title":{"rendered":"(Turkish) Platin Dergisi&#8217;nin &#8216;Dijital Sohbetler&#8217;ide Ba\u015flad\u0131!"},"content":{"rendered":"<p class=\"qtranxs-available-languages-message qtranxs-available-languages-message-en\">Sorry, this entry is only available in <a href=\"https:\/\/www.enerjigazetesi.ist\/tr\/wp-json\/wp\/v2\/posts\/128488\" class=\"qtranxs-available-language-link qtranxs-available-language-link-tr\" title=\"Turkish\">Turkish<\/a>. For the sake of viewer convenience, the content is shown below in the alternative language. You may click the link to switch the active language.<\/p><p><\/p>\n<h1>T\u00fcrkiye\u2019nin En Dinamik Ayl\u0131k Ekonomi ve \u0130\u015f D\u00fcnyas\u0131 Dergisi\u2019 mottosuyla 23 y\u0131l\u0131 ba\u015far\u0131yla geride b\u0131rakan Platin, online mecralarda da T\u00fcrkiye\u2019nin en b\u00fcy\u00fck \u015firketlerinin y\u00f6neticileri ile \u00a0\u2018dijitalle\u015fme sohbetleri\u201d ne ba\u015flad\u0131.<\/h1>\n<p>Platin web edit\u00f6r\u00fc <strong>Umut \u00c7elik<\/strong>\u2019in ilk konuklar\u0131 Teknoser Genel M\u00fcd\u00fcr\u00fc <strong>Ozan \u0130nan<\/strong> olurken, s\u0131ras\u0131yla <img loading=\"lazy\" class=\"alignright wp-image-128492\" src=\"https:\/\/www.enerjigazetesi.ist\/wp-content\/uploads\/2021\/02\/platin-dergisi-nin-dijital-sohbetleri-de-basladi.jpg\" alt=\"\" width=\"340\" height=\"240\" srcset=\"https:\/\/www.enerjigazetesi.ist\/wp-content\/uploads\/2021\/02\/platin-dergisi-nin-dijital-sohbetleri-de-basladi.jpg 720w, https:\/\/www.enerjigazetesi.ist\/wp-content\/uploads\/2021\/02\/platin-dergisi-nin-dijital-sohbetleri-de-basladi-300x212.jpg 300w, https:\/\/www.enerjigazetesi.ist\/wp-content\/uploads\/2021\/02\/platin-dergisi-nin-dijital-sohbetleri-de-basladi-500x353.jpg 500w, https:\/\/www.enerjigazetesi.ist\/wp-content\/uploads\/2021\/02\/platin-dergisi-nin-dijital-sohbetleri-de-basladi-71x50.jpg 71w\" sizes=\"(max-width: 340px) 100vw, 340px\" \/>takip eden isimler DenizBank Dijital Ku\u015fak Bankac\u0131l\u0131\u011f\u0131 ve Deniz Akvaryum \u0130novasyon &amp; Giri\u015fimcilik Merkezi Grup M\u00fcd\u00fcr\u00fc <strong>G\u00fcrhan \u00c7am<\/strong>, Albaraka T\u00fcrk Genel M\u00fcd\u00fcr\u00fc <strong>Melik\u015fah Utku<\/strong>, Etiya CEO\u2019su <strong>Aslan Do\u011fan<\/strong>, Ko\u00e7Sistem Genel M\u00fcd\u00fcr\u00fc Mehmet <strong>Ali Akarca<\/strong>, Index Grup Y\u00f6netim Kurulu Ba\u015fkan\u0131 <strong>Erol Bilecik<\/strong>, Oppo T\u00fcrkiye Genel M\u00fcd\u00fcr\u00fc <strong>Weijian Zhou<\/strong> ve Siemens T\u00fcrkiye Y\u00f6netim Kurulu Ba\u015fkan\u0131 <strong>H\u00fcseyin Gelis<\/strong> oldu.<\/p>\n<p>Platin\u2019den her hafta T\u00fcrkiye\u2019nin <strong>\u00f6nde gelen isimleri ile r\u00f6portajlar\u0131na<\/strong> devam edecek.<\/p>\n<h2><strong>&#8220;YERL\u0130 VE M\u0130LL\u0130 BAZI PROJELERE YATIRIMLARDA BULUNDUK&#8221;<\/strong><\/h2>\n<p>Teknoser Genel M\u00fcd\u00fcr\u00fc <strong>Ozan \u0130nan<\/strong> \u201c<strong>CRM<\/strong> ve<strong> ERP<\/strong> taraflar\u0131na daha optimize olacak \u015fekilde baz\u0131 yat\u0131r\u0131mlarda bulunduk. \u00d6zellikle <strong>yerli<\/strong> ve <strong>milli<\/strong> baz\u0131 projelere yat\u0131r\u0131mlarda bulunduk. Rekabet i\u00e7erisinde oldu\u011fumuz baz\u0131 firmalar\u0131n yasaklanmalar\u0131ndan kaynakl\u0131 onlar\u0131n i\u015f birli\u011fi konusuna ayr\u0131ca yaz\u0131l\u0131m noktas\u0131nda yat\u0131r\u0131mlar yapt\u0131k. <strong>Pandemi d\u00f6neminde<\/strong> teknolojinin insanlar\u0131n hizmetinde olmas\u0131 i\u00e7in ne gerekiyorsa onu yapt\u0131k. Bug\u00fcn <strong>X<\/strong> bankas\u0131, <strong>W<\/strong> havayolu uzaktan \u00e7al\u0131\u015fabiliyorsa bizim sahada daha verimli \u00e7al\u0131\u015fmam\u0131z sayesindedir. Bug\u00fcn \u00fclkede <strong>home-office<\/strong> \u00e7al\u0131\u015f\u0131labiliyorsa bizim gibi <strong>1.000 tane<\/strong> \u00e7al\u0131\u015fan\u0131yla <strong>76<\/strong> yerde hizmete devam eden firmalar\u0131n varl\u0131\u011f\u0131 b\u00fcy\u00fck de\u011fer sayesinde oldu\u201d dedi.<\/p>\n<h2><strong>&#8220;BUG\u00dcN\u00dcN GEN\u00c7LER\u0130N\u0130N GELECEKTE YAPACAKLARI MESLEKLER HEN\u00dcZ KE\u015eFED\u0130LMED\u0130&#8221;<\/strong><\/h2>\n<p>DenizBank Dijital Ku\u015fak Bankac\u0131l\u0131\u011f\u0131 ve Deniz Akvaryum \u0130novasyon &amp; Giri\u015fimcilik Merkezi Grup M\u00fcd\u00fcr\u00fc <strong>G\u00fcrhan \u00c7am<\/strong> <em>\u201cDeniz Akvaryum ile bankam\u0131z\u0131 yar\u0131nlara ta\u015f\u0131rken de teknolojide ve i\u015f modellerindeki de\u011fi\u015fimin i\u015f g\u00fcc\u00fcn\u00fcn gelece\u011finde yarataca\u011f\u0131 farkl\u0131l\u0131klar\u0131 da g\u00f6z ard\u0131 etmiyoruz. Bu de\u011fi\u015fim y\u0131llard\u0131r ger\u00e7ekle\u015fiyor, bundan 10 y\u0131l \u00f6nce bir bankac\u0131n\u0131n SQL\u2019e hakim olmas\u0131 beklenmezken, art\u0131k bir zorunluluk olmaya ba\u015flad\u0131. Bu gidi\u015fat bize g\u00f6steriyor ki bug\u00fcn\u00fcn gen\u00e7lerinin gelecekte yapacaklar\u0131 meslekler hen\u00fcz ke\u015ffedilmedi. Art\u0131k belirli bir alana odaklanan uzmanl\u0131klar ve meslekler gelecekte ne \u015firketlerin ne de i\u015fg\u00fcc\u00fcne kat\u0131lan ki\u015filerin ihtiya\u00e7lar\u0131n\u0131 kar\u015f\u0131lamaya yetmeyecek. Bu noktada tek konuda uzman de\u011fil, i\u015flerinin gerektirdi\u011fi her konuda yetkin olan ki\u015filerin gelece\u011fin i\u015f g\u00fcc\u00fcnde ba\u015far\u0131l\u0131 olaca\u011f\u0131n\u0131 \u00f6ng\u00f6r\u00fcyoruz\u201d<\/em> dedi.<\/p>\n<h2><strong>&#8220;FINTECHLER VE F\u0130RMALAR \u0130LE \u0130L\u0130\u015eK\u0130M\u0130Z ARTACAK&#8221;<\/strong><\/h2>\n<p>Albaraka T\u00fcrk Genel M\u00fcd\u00fcr\u00fc <strong>Melik\u015fah Utku<\/strong> <em>\u201cOrtak Karekod projesi ile Albaraka Mobil ile ba\u015fka banka ATM\u2019lerinden Karekod (QR Code) ile para \u00e7ekebiliyoruz. Birka\u00e7 banka ile ba\u015flatt\u0131\u011f\u0131m\u0131z bu s\u00fcre\u00e7, di\u011fer bankalar\u0131n sisteme dahil olmas\u0131 ile t\u00fcm bankalar\u0131 kapsayacak ve vatanda\u015f\u0131m\u0131z\u0131n nakit ihtiyac\u0131n\u0131 kolay ve hijyenik bir \u015fekilde kar\u015f\u0131layacakt\u0131r. Ayr\u0131ca Karekod Y\u00f6nlendirme Projesi ile Albaraka POS\u2019lar\u0131ndan karakod ile al\u0131\u015fveri\u015f yap\u0131labilir hale gelecek. Bu da m\u00fc\u015fterilerimizin kart ta\u015f\u0131mak yerine cep telefonu ile kolay bir \u015fekilde al\u0131\u015f veri\u015f yapmas\u0131n\u0131 sa\u011flayacakt\u0131r. Karekod kullan\u0131m\u0131 sadece ATM ve POS\u2019larda de\u011fil internet al\u0131\u015fveri\u015flerinde de kullan\u0131labilir hale gelecek. Son olarak veri payla\u015f\u0131m sistemi ile Fintechler ve firmalarla ili\u015fkimiz artacak ve de\u011ferli projelerin olu\u015fmas\u0131 sa\u011flanacakt\u0131r. Bu projelerle m\u00fc\u015fterilerimize yeni projeler sunmam\u0131z daha kolay hale gelecektir\u201d<\/em> dedi.<\/p>\n<h2><strong>\u201cGEN\u00c7LER\u0130 N\u0130TEL\u0130KL\u0130 \u0130\u015e G\u00dcC\u00dc P\u0130YASASINA KAZANDIRAB\u0130L\u0130RSEK, T\u00dcRK\u0130YE\u2019N\u0130N B\u0130L\u0130\u015e\u0130M ALANINDA S\u00dcPER G\u00dc\u00c7 OLMAMASI \u0130\u00c7\u0130N H\u0130\u00c7B\u0130R NEDEN KALMAZ\u201d<\/strong><\/h2>\n<p><strong>Etiya<\/strong> Kurucu Orta\u011f\u0131 ve CEO\u2019su <strong>Aslan Do\u011fan<\/strong> <em>\u201cT\u00dcB\u0130SAD verilerine g\u00f6re, yaz\u0131l\u0131m sekt\u00f6r\u00fc i\u00e7in insan kayna\u011f\u0131 te\u015fkil edebilecek 15-24 ya\u015f grubundaki gen\u00e7lerin n\u00fcfusu 2018 sonu itibariyle yakla\u015f\u0131k 13 milyona ula\u015f\u0131yor. Bu rakam, \u00fclke n\u00fcfusunun yakla\u015f\u0131k y\u00fczde 15,8\u2019ine denk geliyor. Teknoloji alan\u0131nda e\u011fitebilece\u011fimiz hazine de\u011ferinde gen\u00e7lerimiz var. Gen\u00e7lerimizi sadece y\u00fczde 10\u2019luk bir k\u0131sm\u0131n\u0131 bile bulut teknolojisi, yapay zek\u00e2, b\u00fcy\u00fck veri gibi teknolojiler konusunda e\u011fitebilir ve nitelikli i\u015f g\u00fcc\u00fc piyasas\u0131na kazand\u0131rabilirsek, T\u00fcrkiye\u2019nin bili\u015fim alan\u0131nda s\u00fcper g\u00fc\u00e7 olmamas\u0131 i\u00e7in hi\u00e7bir neden kalmaz\u201d<\/em> dedi.<\/p>\n<h2><strong>\u201c\u00dcLKECE D\u0130J\u0130TAL D\u00d6N\u00dc\u015e\u00dcM\u00dc \u00c7OK HIZLI YAKALAYAB\u0130L\u0130R\u0130Z\u201d<\/strong><\/h2>\n<p>Ko\u00e7Sistem Genel M\u00fcd\u00fcr\u00fc Mehmet <strong>Ali Akarca<\/strong> \u201cBa\u015fta b\u00fcy\u00fck veri ve ileri analitik ile nesnelerin interneti teknolojilerini kullanarak \u00fclkece dijital d\u00f6n\u00fc\u015f\u00fcm\u00fc \u00e7ok h\u0131zl\u0131 yakalayabiliriz. Ko\u00e7Sistem olarak \u00f6zellikle veri bilimi ve ileri analitiklerin yaratt\u0131\u011f\u0131 f\u0131rsatlar\u0131 son derece \u00f6nemsiyoruz. Veri bilimi e\u015fittir ekonominin geli\u015fimi diyoruz ve bu konuyu \u00e7ok \u00f6nemsiyoruz. \u00c7e\u015fitli sekt\u00f6rlerde veri biliminin sundu\u011fu a\u00e7\u0131l\u0131mlar inan\u0131lmaz boyutta. Ko\u00e7Digital\u2019i de iki y\u0131l \u00f6nce tam da bu ama\u00e7la kurmu\u015ftuk. Hi\u00e7 ku\u015fkusuz verinin \u00f6ne \u00e7\u0131kmas\u0131yla veri analisti, yapay zeka uzman\u0131, siber g\u00fcvenlik uzman\u0131 gibi \u201cnitelikli insan g\u00fcc\u00fc\u201dne olan ihtiyac\u0131m\u0131z daha da artacak. Bu nedenle Ko\u00e7Digital Akademi\u2019de hem kendi \u00e7al\u0131\u015fanlar\u0131m\u0131z\u0131 hem de di\u011fer kurumlar\u0131n \u00e7al\u0131\u015fanlar\u0131n\u0131 veribilimi alan\u0131ndaki geli\u015fimleri i\u00e7in destekliyoruz\u201d dedi.<\/p>\n<h2><strong>\u201c2020\u2019DE D\u0130J\u0130TALLE\u015eMEYE ZAMANINDA YATIRIM YAPMANIN KAR\u015eILI\u011eINI ALDIK\u201d<\/strong><\/h2>\n<p>Index Grup Y\u00f6netim Kurulu Ba\u015fkan\u0131 <strong>Erol Bilecik<\/strong> \u201cPandemi s\u00fcrecinin hemen ba\u015f\u0131nda da \u00e7al\u0131\u015fma d\u00fczenimiz i\u00e7in uzaktan eri\u015fim altyap\u0131s\u0131n\u0131 h\u0131zl\u0131ca g\u00fc\u00e7lendirdik. Dolay\u0131s\u0131yla, 2020\u2019de dijitalle\u015fmeye zaman\u0131nda yat\u0131r\u0131m yapman\u0131n kar\u015f\u0131l\u0131\u011f\u0131n\u0131 ald\u0131\u011f\u0131m\u0131z\u0131 s\u00f6yleyebilirim. 2020 d\u00fcnya ve \u00fclkemiz i\u00e7in zor bir y\u0131l oldu. Zorluklar\u0131 a\u015fman\u0131n en iyi yolu, yeni giri\u015fimlerde bulunmakt\u0131r. Biz de t\u00fcm zorluklara ra\u011fmen pandeminin beraberinde getirdi\u011fi f\u0131rsatlar\u0131 de\u011ferlendirerek yeni giri\u015fimlerde bulunduk. Pandemi ile birlikte d\u00fcnya genelinde pay\u0131n\u0131 artt\u0131ran e-ticaret, t\u00fcm sekt\u00f6rlere farkl\u0131 i\u015f modelleri ve i\u015fbirlikleri f\u0131rsat\u0131n\u0131 getirdi. Index Grup olarak biz de hem kendi e-ticaret altyap\u0131lar\u0131m\u0131z\u0131 g\u00fc\u00e7lendirmek, hem de b\u00fcy\u00fck e-ticaret platformlar\u0131yla yeni i\u015fbirlikleri olu\u015fturmak \u00fczere altyap\u0131 yenileme ve online entegrasyon kabiliyetlerimizi geli\u015ftirme yat\u0131r\u0131mlar\u0131m\u0131z\u0131 ba\u015flatt\u0131k. Dolay\u0131s\u0131yla 2020\u2019de zorluklar yerine f\u0131rsatlara odaklanarak dijital hedeflerimizi ve ad\u0131mlar\u0131m\u0131z\u0131 b\u00fcy\u00fctt\u00fc\u011f\u00fcm\u00fcz\u00fc s\u00f6yleyebilirim\u201d dedi.<\/p>\n<h2><strong>&#8220;YAPAY ZEKA \u0130LE G\u00dc\u00c7LEND\u0130R\u0130LM\u0130\u015e AKILLI SENS\u00d6R KULLANIYORUZ&#8221;<\/strong><\/h2>\n<p>OPPO T\u00fcrkiye CEO\u2019su <strong>Weijian Zhou<\/strong> <em>\u201cG\u00fcnl\u00fck hayatta \u00f6yle durumlar oluyor ki, \u00e7ok kritik bilgileri istemeden de olsa a\u00e7\u0131kta b\u0131rakabiliyoruz. \u00d6rne\u011fin \u00f6zel mesajlar\u0131n\u0131z veya i\u015finizle ilgili gizli kalmas\u0131 gereken diyaloglar\u0131n\u0131z ba\u015fka insanlar taraf\u0131ndan telefon ekran\u0131n\u0131zda g\u00f6r\u00fclebiliyor. <strong>OPPO<\/strong>, sosyal etkile\u015fimin arac\u0131 olan ak\u0131ll\u0131 telefonlar\u0131n bir tehdit de\u011fil, \u00f6zel bilgilerin koruyucusu olmas\u0131 gerekti\u011fine inan\u0131yor. Biz OPPO olarak <strong>Reno4 modelimizde<\/strong> <strong>yapay zeka<\/strong> ile g\u00fc\u00e7lendirilmi\u015f <strong>ak\u0131ll\u0131 sens\u00f6r<\/strong> kullan\u0131yoruz. Bu teknolojimiz sayesinde mesaj geldi\u011finde <strong>yapay zeka destekli sens\u00f6r<\/strong>, kullan\u0131c\u0131n\u0131n yan\u0131nda veya arkas\u0131nda ekrana bakan ba\u015fkalar\u0131 olup olmad\u0131\u011f\u0131n\u0131 tespit edebiliyor. B\u00f6yle bir durum varsa, kullan\u0131c\u0131n\u0131n ki\u015fisel bilgilerini korumak i\u00e7in mesaj\u0131n i\u00e7eri\u011fi gizleniyor\u201d<\/em> dedi.<\/p>\n<h2><strong>\u201cT\u00dcM \u00c7ALI\u015eMALARIMIZ, AR-GE ODA\u011eIMIZLA \u015eEK\u0130LLEN\u0130YOR\u201d<\/strong><\/h2>\n<p>Siemens T\u00fcrkiye Y\u00f6netim Kurulu Ba\u015fkan\u0131 ve CEO\u2019su<strong> H\u00fcseyin Gelis<\/strong> <em>\u201c<strong>Ar-Ge<\/strong> deneyimimiz ve yat\u0131r\u0131mlar\u0131m\u0131z sayesinde m\u00fc\u015fterilerimiz ve sekt\u00f6r\u00fcn ihtiya\u00e7lar\u0131na uygun i\u015f birlikleri ile \u00fclkemizin dijitalle\u015fme yolculu\u011funa hizmet ediyoruz. T\u00fcm \u00e7al\u0131\u015fmalar\u0131m\u0131z, <strong>Ar-Ge oda\u011f\u0131m\u0131zla<\/strong> \u015fekilleniyor.<strong> Ar-Ge ve \u0130novasyon Merkezleri<\/strong>mizde yakla\u015f\u0131k <strong>700 m\u00fchendisimizle<\/strong> hem ara\u015ft\u0131rma-geli\u015ftirme faaliyetlerini y\u00fcr\u00fct\u00fcyor hem de T\u00fcrkiye\u2019nin inovasyon \u00e7al\u0131\u015fmalar\u0131na katk\u0131da bulunuyoruz. Siemens T\u00fcrkiye olarak Ar-Ge\u2019ye T\u00fcrkiye ortalamas\u0131n\u0131n yakla\u015f\u0131k iki kat\u0131 yat\u0131r\u0131m yap\u0131yoruz ve <strong>2023<\/strong>\u2019te <strong>Ar-Ge \u00e7al\u0131\u015fanlar\u0131<\/strong>m\u0131z\u0131n e\u011fitimlerine <strong>2,8 milyon TL<\/strong> kaynak ay\u0131rmay\u0131 hedefliyoruz. <strong>2021 projelerimiz<\/strong> de bu oda\u011f\u0131m\u0131z do\u011frultusunda \u015fekillenecek\u201d<\/em> dedi.<\/p>","protected":false},"excerpt":{"rendered":"<p>Sorry, this entry is only available in Turkish. For the sake of viewer convenience, the content is shown below in the alternative language. You may click the link to switch the active language. T\u00fcrkiye\u2019nin En Dinamik Ayl\u0131k Ekonomi ve \u0130\u015f D\u00fcnyas\u0131 Dergisi\u2019 mottosuyla 23 y\u0131l\u0131 ba\u015far\u0131yla geride b\u0131rakan Platin, online mecralarda da T\u00fcrkiye\u2019nin en b\u00fcy\u00fck [&hellip;]<\/p>\n","protected":false},"author":1,"featured_media":128492,"comment_status":"open","ping_status":"open","sticky":false,"template":"","format":"standard","meta":[],"categories":[51,53,157],"tags":[84206,85877,85876,85878,17917,36111],"views":207,"_links":{"self":[{"href":"https:\/\/www.enerjigazetesi.ist\/en\/wp-json\/wp\/v2\/posts\/128488"}],"collection":[{"href":"https:\/\/www.enerjigazetesi.ist\/en\/wp-json\/wp\/v2\/posts"}],"about":[{"href":"https:\/\/www.enerjigazetesi.ist\/en\/wp-json\/wp\/v2\/types\/post"}],"author":[{"embeddable":true,"href":"https:\/\/www.enerjigazetesi.ist\/en\/wp-json\/wp\/v2\/users\/1"}],"replies":[{"embeddable":true,"href":"https:\/\/www.enerjigazetesi.ist\/en\/wp-json\/wp\/v2\/comments?post=128488"}],"version-history":[{"count":0,"href":"https:\/\/www.enerjigazetesi.ist\/en\/wp-json\/wp\/v2\/posts\/128488\/revisions"}],"wp:featuredmedia":[{"embeddable":true,"href":"https:\/\/www.enerjigazetesi.ist\/en\/wp-json\/wp\/v2\/media\/128492"}],"wp:attachment":[{"href":"https:\/\/www.enerjigazetesi.ist\/en\/wp-json\/wp\/v2\/media?parent=128488"}],"wp:term":[{"taxonomy":"category","embeddable":true,"href":"https:\/\/www.enerjigazetesi.ist\/en\/wp-json\/wp\/v2\/categories?post=128488"},{"taxonomy":"post_tag","embeddable":true,"href":"https:\/\/www.enerjigazetesi.ist\/en\/wp-json\/wp\/v2\/tags?post=128488"}],"curies":[{"name":"wp","href":"https:\/\/api.w.org\/{rel}","templated":true}]}}