{"id":128335,"date":"2021-01-31T22:08:54","date_gmt":"2021-01-31T19:08:54","guid":{"rendered":"https:\/\/www.enerjigazetesi.ist\/?p=128335"},"modified":"2021-01-31T22:30:11","modified_gmt":"2021-01-31T19:30:11","slug":"alisveris-ptt-avm-kuruldugu-ndan-bu-yana-uygun-fiyatla-hizmet-veriyor","status":"publish","type":"post","link":"https:\/\/www.enerjigazetesi.ist\/en\/alisveris-ptt-avm-kuruldugu-ndan-bu-yana-uygun-fiyatla-hizmet-veriyor\/","title":{"rendered":"(Turkish) &#8221;PttAVM, Kuruldu\u011fundan Bu Yana Uygun Fiyatla Hizmet Veriyor&#8221;"},"content":{"rendered":"<p class=\"qtranxs-available-languages-message qtranxs-available-languages-message-en\">Sorry, this entry is only available in <a href=\"https:\/\/www.enerjigazetesi.ist\/tr\/wp-json\/wp\/v2\/posts\/128335\" class=\"qtranxs-available-language-link qtranxs-available-language-link-tr\" title=\"Turkish\">Turkish<\/a>. For the sake of viewer convenience, the content is shown below in the alternative language. You may click the link to switch the active language.<\/p><p><\/p>\n<h1>G\u0131da fiyatlar\u0131nda ya\u015fanan art\u0131\u015f\u0131 durdurmak amac\u0131yla PttAVM taraf\u0131ndan uygun fiyata g\u0131da \u00fcr\u00fcnleri sat\u0131\u015f\u0131n\u0131n duyurulmas\u0131 ile ya\u015fanan tart\u0131\u015fmalara ili\u015fkin PTT A\u015e\u2019den a\u00e7\u0131klama geldi. PTT A\u015e Genel M\u00fcd\u00fcr\u00fc Hakan G\u00fclten taraf\u0131ndan yap\u0131lan a\u00e7\u0131klamada, PttAVM\u2019nin sadece bug\u00fcn de\u011fil, kuruldu\u011fundan bu yana vatanda\u015flar\u0131m\u0131za \u00fcr\u00fcn se\u00e7eneklerinin uygun fiyat politikas\u0131 ile sunuldu\u011fu vurguland\u0131.<\/h1>\n<p>A\u00e7\u0131klamada, <strong>PttAVM<\/strong>\u2019nin yakla\u015f\u0131k<strong> 2 y\u0131ld\u0131r<\/strong> g\u0131da dahil bir\u00e7ok<strong> temel ihtiya\u00e7 maddesinin<\/strong> <strong>pttavm.com<\/strong> \u00fczerinden vatanda\u015flara <strong>uygun fiyat politikas\u0131yla<\/strong> \u00fcr\u00fcn alma imkan\u0131 sa\u011flayan bir platform olarak g\u00f6rev yapmay\u0131 s\u00fcrd\u00fc\u011f\u00fc ifade edildi.<\/p>\n<p><img loading=\"lazy\" class=\"alignright wp-image-128339\" src=\"https:\/\/www.enerjigazetesi.ist\/wp-content\/uploads\/2021\/01\/alisveris-ptt-avm-kuruldugu-ndan-bu-yana-uygun-fiyatla-hizmet-veriyor-1.jpg\" alt=\"\" width=\"340\" height=\"227\" srcset=\"https:\/\/www.enerjigazetesi.ist\/wp-content\/uploads\/2021\/01\/alisveris-ptt-avm-kuruldugu-ndan-bu-yana-uygun-fiyatla-hizmet-veriyor-1.jpg 550w, https:\/\/www.enerjigazetesi.ist\/wp-content\/uploads\/2021\/01\/alisveris-ptt-avm-kuruldugu-ndan-bu-yana-uygun-fiyatla-hizmet-veriyor-1-300x200.jpg 300w, https:\/\/www.enerjigazetesi.ist\/wp-content\/uploads\/2021\/01\/alisveris-ptt-avm-kuruldugu-ndan-bu-yana-uygun-fiyatla-hizmet-veriyor-1-500x334.jpg 500w, https:\/\/www.enerjigazetesi.ist\/wp-content\/uploads\/2021\/01\/alisveris-ptt-avm-kuruldugu-ndan-bu-yana-uygun-fiyatla-hizmet-veriyor-1-75x50.jpg 75w, https:\/\/www.enerjigazetesi.ist\/wp-content\/uploads\/2021\/01\/alisveris-ptt-avm-kuruldugu-ndan-bu-yana-uygun-fiyatla-hizmet-veriyor-1-450x300.jpg 450w\" sizes=\"(max-width: 340px) 100vw, 340px\" \/>PTT A\u015e Genel M\u00fcd\u00fcr\u00fc <strong>Hakan G\u00fclten<\/strong>, a\u015f\u0131r\u0131 artan g\u0131da fiyatlar\u0131na kar\u015f\u0131 vatanda\u015flar\u0131m\u0131z\u0131 korumak i\u00e7in <strong>PttAVM<\/strong>\u2019den sunulan \u00fcr\u00fcnlerin \u00e7e\u015fitlili\u011finin art\u0131r\u0131ld\u0131\u011f\u0131n\u0131 belirterek, <em>\u201cSay\u0131n Cumhurba\u015fkan\u0131m\u0131z\u0131n talimatlar\u0131, Say\u0131n Ula\u015ft\u0131rma ve Altyap\u0131 Bakan\u0131m\u0131z\u0131n deste\u011fi ile \u00fclkemiz i\u00e7in sorumlulu\u011fumuzu yerine getirece\u011fiz\u201d<\/em> dedi. PTT A\u015e Genel M\u00fcd\u00fcr\u00fc <strong>Hakan G\u00fclten<\/strong> a\u00e7\u0131klamada <span style=\"text-decoration: underline;\">\u015fu ifadeleri kulland\u0131:\u00a0<\/span><\/p>\n<p><em>\u201cT\u00fcrkiye\u2019nin <strong>yerli<\/strong> ve<strong> mill\u00ee<\/strong> E-Ticaret Platformu<strong> PttAVM<\/strong> olarak kuruldu\u011fumuz ilk g\u00fcnden bu yana vatanda\u015flar\u0131m\u0131z\u0131n ihtiya\u00e7lar\u0131n\u0131, <strong>ekonomik fiyatlarla kar\u015f\u0131lamalar\u0131<\/strong> ad\u0131na var g\u00fcc\u00fcm\u00fczle \u00e7al\u0131\u015fmaktay\u0131z ve bu durumu \u00fclkemizin ekonomisine katk\u0131 sa\u011flamaya y\u00f6nelik<strong> g\u00f6rev<\/strong> ve <strong>sorumluluk<\/strong> olarak kabul etmekteyiz. \u00d6zellikle<strong> temel g\u0131da ihtiya\u00e7lar\u0131n\u0131n kar\u015f\u0131lanmas\u0131<\/strong> i\u00e7in <strong>Tar\u0131m Kredi Kooperatifleri, Toprak Mahsulleri Ofisi<\/strong> ve <strong>Atat\u00fcrk Orman \u00c7iftli\u011fi \u00fcr\u00fcnlerini<\/strong> her zaman oldu\u011fu gibi<strong> indirimli fiyatlarla<\/strong> halk\u0131m\u0131zla bulu\u015fturmaktay\u0131z. Halk\u0131m\u0131z\u0131n <strong>artan g\u0131da fiyatlar\u0131<\/strong>na kar\u015f\u0131 korunmas\u0131 amac\u0131yla d\u00fcn oldu\u011fu gibi bug\u00fcn de \u00fczerimize d\u00fc\u015fen g\u00f6revimizi yapt\u0131\u011f\u0131m\u0131z\u0131 ve bizlere verilecek sorumluluklarda da<strong> t\u00fcm gayretimizle \u00e7al\u0131\u015faca\u011f\u0131m\u0131z\u0131<\/strong> belirtmek isteriz. Kamuoyuna sayg\u0131yla duyurulur.\u201d<\/em><\/p>\n<h2><strong>PttAVM NASIL \u00c7ALI\u015eIYOR?<\/strong><\/h2>\n<p><strong>PttAVM<\/strong>, g\u0131da dahil <strong>bir\u00e7ok temel ihtiya\u00e7 maddesi<\/strong>ni<strong> pttavm.com<\/strong> \u00fczerinden vatanda\u015flara <strong>uygun fiyat politikas\u0131yla<\/strong> \u00fcr\u00fcn alma imkan\u0131 sa\u011flayan bir platform olarak g\u00f6rev yapmay\u0131 s\u00fcrd\u00fcr\u00fcyor. Ayr\u0131ca PTT, pandeminin ilk g\u00fcnlerinde <strong>maskenin \u00fccretsiz da\u011f\u0131t\u0131m\u0131<\/strong>nda da g\u00f6rev al\u0131rken,<strong> tanzim sat\u0131\u015f organizasyonu<\/strong>nda da <strong>taze sebze, meyve<\/strong> gibi g\u0131da \u00fcr\u00fcnleri <strong>PttAVM<\/strong> \u00fczerinden vatanda\u015flara sundu.<\/p>\n<p><strong>PttAVM<\/strong> web sitesinde <strong>PTT<\/strong>\u2019nin \u00fcretip satt\u0131\u011f\u0131 bir \u00fcr\u00fcn bulunmuyor. <strong>Tar\u0131m Kredi Kooperatifleri<\/strong>, <strong>Toprak Mahsulleri Ofisi<\/strong> ve <strong>Atat\u00fcrk Orman \u00c7iftli\u011fi \u00fcr\u00fcnleri<\/strong> arac\u0131s\u0131z, yani do\u011frudan sat\u0131l\u0131yor. <strong>Di\u011fer \u00fcr\u00fcnlerin<\/strong> ise <strong>firmalar\u0131n<\/strong> kendi olu\u015fturdu\u011fu <strong>sanal ma\u011faza<\/strong> \u00fczerinden t\u00fcketiciye <strong>uygun fiyatla sunulmas\u0131 \u015fart\u0131<\/strong> ile sat\u0131\u015f\u0131 yap\u0131l\u0131yor. <strong>PttAVM<\/strong>, bu fiyatlar\u0131 denetliyor ve <strong>\u00fcr\u00fcn fiyat\u0131 piyasa fiyat\u0131ndan fazla<\/strong> ise uyar\u0131da bulunuyor, <strong>sat\u0131\u015f\u0131na onay<\/strong> verilmiyor.<\/p>","protected":false},"excerpt":{"rendered":"<p>Sorry, this entry is only available in Turkish. For the sake of viewer convenience, the content is shown below in the alternative language. You may click the link to switch the active language. G\u0131da fiyatlar\u0131nda ya\u015fanan art\u0131\u015f\u0131 durdurmak amac\u0131yla PttAVM taraf\u0131ndan uygun fiyata g\u0131da \u00fcr\u00fcnleri sat\u0131\u015f\u0131n\u0131n duyurulmas\u0131 ile ya\u015fanan tart\u0131\u015fmalara ili\u015fkin PTT A\u015e\u2019den a\u00e7\u0131klama geldi. [&hellip;]<\/p>\n","protected":false},"author":1,"featured_media":128340,"comment_status":"open","ping_status":"open","sticky":false,"template":"","format":"standard","meta":[],"categories":[53,157],"tags":[78300,85755,66620,85757,84651,85758,85754,85759,85756],"views":60,"_links":{"self":[{"href":"https:\/\/www.enerjigazetesi.ist\/en\/wp-json\/wp\/v2\/posts\/128335"}],"collection":[{"href":"https:\/\/www.enerjigazetesi.ist\/en\/wp-json\/wp\/v2\/posts"}],"about":[{"href":"https:\/\/www.enerjigazetesi.ist\/en\/wp-json\/wp\/v2\/types\/post"}],"author":[{"embeddable":true,"href":"https:\/\/www.enerjigazetesi.ist\/en\/wp-json\/wp\/v2\/users\/1"}],"replies":[{"embeddable":true,"href":"https:\/\/www.enerjigazetesi.ist\/en\/wp-json\/wp\/v2\/comments?post=128335"}],"version-history":[{"count":0,"href":"https:\/\/www.enerjigazetesi.ist\/en\/wp-json\/wp\/v2\/posts\/128335\/revisions"}],"wp:featuredmedia":[{"embeddable":true,"href":"https:\/\/www.enerjigazetesi.ist\/en\/wp-json\/wp\/v2\/media\/128340"}],"wp:attachment":[{"href":"https:\/\/www.enerjigazetesi.ist\/en\/wp-json\/wp\/v2\/media?parent=128335"}],"wp:term":[{"taxonomy":"category","embeddable":true,"href":"https:\/\/www.enerjigazetesi.ist\/en\/wp-json\/wp\/v2\/categories?post=128335"},{"taxonomy":"post_tag","embeddable":true,"href":"https:\/\/www.enerjigazetesi.ist\/en\/wp-json\/wp\/v2\/tags?post=128335"}],"curies":[{"name":"wp","href":"https:\/\/api.w.org\/{rel}","templated":true}]}}