{"id":128328,"date":"2021-01-31T21:41:11","date_gmt":"2021-01-31T18:41:11","guid":{"rendered":"https:\/\/www.enerjigazetesi.ist\/?p=128328"},"modified":"2021-01-31T21:51:50","modified_gmt":"2021-01-31T18:51:50","slug":"yesil-cocuk-festivali-ile-cocuklar-ve-buyukler-dunya-ile-bir-araya-geliyor","status":"publish","type":"post","link":"https:\/\/www.enerjigazetesi.ist\/en\/yesil-cocuk-festivali-ile-cocuklar-ve-buyukler-dunya-ile-bir-araya-geliyor\/","title":{"rendered":"(Turkish) &#8217;Ye\u015fil \u00c7ocuk Festivali&#8217; ile \u00c7ocuklar ve B\u00fcy\u00fckler D\u00fcnya ile Bir Araya Geliyor!"},"content":{"rendered":"<p class=\"qtranxs-available-languages-message qtranxs-available-languages-message-en\">Sorry, this entry is only available in <a href=\"https:\/\/www.enerjigazetesi.ist\/tr\/wp-json\/wp\/v2\/posts\/128328\" class=\"qtranxs-available-language-link qtranxs-available-language-link-tr\" title=\"Turkish\">Turkish<\/a>. For the sake of viewer convenience, the content is shown below in the alternative language. You may click the link to switch the active language.<\/p><p><\/p>\n<h1>Do\u011fada ya\u015fam, sa\u011fl\u0131k, beslenme, enerji, d\u00f6n\u00fc\u015f\u00fcm konular\u0131nda online etkinlikler ile Ye\u015fil \u00c7ocuk Festivali 5-6-7 \u015eubat 2012\u2019de de\u011fi\u015fimi yaratmaya \u00e7a\u011f\u0131r\u0131yor.<\/h1>\n<p><strong>Ye\u015fil \u00c7ocuk Festivali<\/strong> ile\u00a0<strong>\u00e7ocuklar<\/strong>, sa\u011fl\u0131kl\u0131 ya\u015fam i\u00e7in <strong>do\u011fadaki dengenin \u00f6nemi<\/strong>ni <strong>m\u00fczikli <img loading=\"lazy\" class=\"alignright wp-image-128331\" src=\"https:\/\/www.enerjigazetesi.ist\/wp-content\/uploads\/2021\/01\/yesil-cocuk-festivali-ile-cocuklar-ve-buyukler-dunya-ile-bir-araya-geliyor-2.jpg\" alt=\"\" width=\"340\" height=\"201\" srcset=\"https:\/\/www.enerjigazetesi.ist\/wp-content\/uploads\/2021\/01\/yesil-cocuk-festivali-ile-cocuklar-ve-buyukler-dunya-ile-bir-araya-geliyor-2.jpg 680w, https:\/\/www.enerjigazetesi.ist\/wp-content\/uploads\/2021\/01\/yesil-cocuk-festivali-ile-cocuklar-ve-buyukler-dunya-ile-bir-araya-geliyor-2-300x177.jpg 300w, https:\/\/www.enerjigazetesi.ist\/wp-content\/uploads\/2021\/01\/yesil-cocuk-festivali-ile-cocuklar-ve-buyukler-dunya-ile-bir-araya-geliyor-2-500x295.jpg 500w, https:\/\/www.enerjigazetesi.ist\/wp-content\/uploads\/2021\/01\/yesil-cocuk-festivali-ile-cocuklar-ve-buyukler-dunya-ile-bir-araya-geliyor-2-80x47.jpg 80w\" sizes=\"(max-width: 340px) 100vw, 340px\" \/>yarat\u0131c\u0131 drama, masal, yoga<\/strong> ve<strong> karikat\u00fcr at\u00f6lyeleri<\/strong> ile e\u011flenerek \u00f6\u011freniyor.\u00a0<strong>Ebeveynler<\/strong>\u00a0ise, <strong>interaktif webinar<\/strong>\u2019lar ile <strong>de\u011fi\u015fim d\u00f6neminde<\/strong> yeni bilgiler ediniyor.<\/p>\n<p>Evde bulu\u015ftu\u011fumuz bu s\u00f6mestr tatilinde, <strong>Ye\u015fil \u00c7ocuk Festivali<\/strong> bizi <strong>d\u00fcnyam\u0131z\u0131n sa\u011fl\u0131\u011f\u0131 i\u00e7in d\u00fc\u015f\u00fcnmeye<\/strong> ve <strong>harekete ge\u00e7meye<\/strong> davet ediyor.<\/p>\n<p><strong>\u201cHer \u00c7ocuk Bir Kahraman\u201d<\/strong>\u00a0mesaj\u0131 ile festivaldeki <strong>online canl\u0131 etkinlikler<\/strong>, tek bir ad\u0131m\u0131n <strong>de\u011ferini<\/strong> ve<strong> etkisini<\/strong> anlat\u0131yor.<\/p>\n<h2><strong>\u00c7ocuklar ne\u015feli etkinlikler ile de\u011fi\u015fimi yarat\u0131yor<\/strong><\/h2>\n<p><strong>Ye\u015fil \u00c7ocuk Festivali<\/strong> &#8220;daha iyi bir d\u00fcnya i\u00e7in, <strong>de\u011fi\u015fim bir ki\u015fi<\/strong> ile ba\u015flayabilir ve<strong> o ki\u015fi sen olabilirsin<\/strong>&#8221; d\u00fc\u015f\u00fcncesinden yola \u00e7\u0131k\u0131yor.<\/p>\n<p>Uzman e\u011fitmenler\u00a0<strong>\u201cdo\u011fada ya\u015fam, enerji, d\u00f6n\u00fc\u015f\u00fcm, beslenme, sa\u011fl\u0131k\u201d<\/strong>\u00a0temalar\u0131nda yarat\u0131c\u0131l\u0131klar\u0131n\u0131 geli\u015ftirmeleri i\u00e7in \u00e7ocuklar\u0131 esinlendiriyor.<\/p>\n<p>\u00c7ocuklar <strong>3 g\u00fcn<\/strong> boyunca\u00a0<strong>evde yap at\u00f6lyeleri, m\u00fczikli yarat\u0131c\u0131 drama, masal, yoga, zumba ve karikat\u00fcr \u00e7izimi<\/strong>\u00a0ile e\u011flenerek \u00f6\u011freniyor.<\/p>\n<p>5-6-7 \u015eubat 2021 tarihlerinde<strong> Cuma, Cumartesi, Pazar<\/strong> g\u00fcnleri saat <strong>11.00<\/strong>\u2019de ba\u015flayan <strong>5 ya\u015f ve \u00fcst\u00fc<\/strong> \u00e7ocuk aktiviteleri saat<strong> 17.30\u2019a<\/strong> kadar s\u00fcr\u00fcyor.<\/p>\n<h2>Sa\u011fl\u0131kl\u0131 Ya\u015fam \u0130\u00e7in Karikat\u00fcr At\u00f6lyesi<\/h2>\n<p>\u00c7ocuklar Karikat\u00fcrist <strong>Emre Y\u0131lmaz<\/strong> ile birlikte, mizah\u0131n e\u011flenceli d\u00fcnyas\u0131nda<strong> \u201csa\u011fl\u0131kl\u0131 ya\u015fam\u201d<\/strong> konusunda \u00e7izimler yap\u0131yorlar.<\/p>\n<p><strong>\u00c7ocuk<\/strong> ve<strong> yeti\u015fkin<\/strong> birlikte kat\u0131labilir. <strong>Sa\u011fl\u0131kl\u0131 ya\u015fam<\/strong> i\u00e7in <strong>ekolojik tar\u0131m<\/strong> ve <strong>beslenmenin \u00f6nemi<\/strong>ni konu\u015furken, mizah\u0131n etkileyici g\u00fcc\u00fc ile \u00e7izerek \u00f6\u011freniyoruz.\u00a0Pratik zekam\u0131z\u0131 ortaya \u00e7\u0131kar\u0131yoruz. Keyif alarak \u00f6\u011frenmenin ve g\u00f6rsel kodlaman\u0131n \u00f6nemini deneyimliyoruz.<\/p>\n<p>Malzemeler: <strong>A4 ka\u011f\u0131t, kur\u015fun kalem, silgi, kalemtra\u015f, ke\u00e7e u\u00e7lu<\/strong> ya da<strong> m\u00fcrekkepli kalem.<\/strong><\/p>\n<h2><strong>Sevdal\u0131 Bulut Masal\u0131 ile Bah\u00e7e Tasar\u0131m\u0131 At\u00f6lyesi<\/strong><\/h2>\n<p>Masal at\u00f6lyesinde, dayan\u0131\u015fmay\u0131 ve arkada\u015fl\u0131\u011f\u0131 bir bah\u00e7ede bulu\u015fturan Sevdal\u0131 Bulut \u00e7ocuklara yol g\u00f6steriyor.<\/p>\n<p>Masal Anas\u0131 <strong>Deniz Soruklu Evren<\/strong> ile masaldan esinlenerek <strong>\u00e7ocuklar evdeki at\u0131k malzemelerden<\/strong> kendi bah\u00e7elerini tasarl\u0131yor.<\/p>\n<p><em>\u201cAy\u015fe k\u0131z buluta bir \u00f6p\u00fcc\u00fck att\u0131 ve bulut b\u00fcy\u00fck bir g\u00fcl bi\u00e7imini aldi. G\u00f6ky\u00fcz\u00fc g\u00f6ky\u00fcz\u00fc olal\u0131 b\u00f6yle bir g\u00fcl a\u00e7mad\u0131.\u201d<\/em><\/p>\n<p><strong>Masal anlatmak<\/strong>, okumaktan iyidir demi\u015f<strong>\u00a0N\u00e2z\u0131m Hikmet<\/strong>.\u00a0Sen de bu masalla kendi bah\u00e7eni tasarla.\u00a0Evdeki at\u0131k malzemelerle g\u00f6nl\u00fcn\u00fcn g\u00fczelli\u011fini yans\u0131t bah\u00e7endekilere.<\/p>\n<p><strong>Bah\u00e7e de neler var? \u00c7i\u00e7ekler, a\u011fa\u00e7lar, ev, tav\u015fan, g\u00fcvercin, da\u011flar, dere.<\/strong><\/p>\n<p><strong>Bunun i\u00e7in ne mi laz\u0131m? \u00a0Masal \u201cSevdal\u0131 Bulut\u201d<\/strong>, <em>hayal g\u00fcc\u00fc, karton,boya, makas, yap\u0131\u015ft\u0131r\u0131c\u0131<\/em>.\u00a0Evdeki pl\u00e2stik malzemeler (buray\u0131 senin se\u00e7icili\u011fine b\u0131rak\u0131yorum)\u00a0kuma\u015f, renkli ipler , d\u00fc\u011fme.<\/p>\n<h2><strong>Renkli M\u00fczik Drama Do\u011fada Ya\u015fam At\u00f6lyesi<\/strong><\/h2>\n<p><strong>Drama \u00d6\u011fretmeni<\/strong> ve <strong>Pedagojik \u00c7ocuk \u015eark\u0131lar\u0131<\/strong> yazar\u0131 <strong>TUDU \u00d6\u011fretmen<\/strong> <strong>Tu\u011f\u00e7e \u015eim\u015fek<\/strong> e\u015fli\u011finde<strong> \u00e7ocuklar, m\u00fczikli drama<\/strong> ile do\u011fada gezerek \u015fark\u0131 s\u00f6yl\u00fcyorlar.<\/p>\n<p><strong>Malzemeler:<\/strong> Boya kalemleri,<strong> 1-2 adet<\/strong> beyaz<strong> A4<\/strong> ka\u011f\u0131t.<\/p>\n<h2><strong>Orman Okulu Oyun At\u00f6lyesi<\/strong><\/h2>\n<p><strong>Ye\u015fil Orman Okulu<\/strong> Oyun Ka\u015fifi Ay\u015fe G\u00fcm\u00fc\u015f, <strong>\u00e7ay taba\u011f\u0131, oyun ta\u015f\u0131<\/strong> ve<strong> bakliyat kullanarak<\/strong> orman\u0131 ke\u015ffe \u00e7a\u011f\u0131r\u0131yor.<\/p>\n<p><strong>Malzemeler:<\/strong>\u00a06 adet \u00e7ay taba\u011f\u0131 ve oyun ta\u015f\u0131 i\u00e7in 24 adet (fasulye, nohut, f\u0131nd\u0131k ya da ceviz..vb)<\/p>\n<p><a href=\"https:\/\/www.yesilcocuk.com\/etiket\/yesil-cocuk-festivali\/\" target=\"_blank\" rel=\"nofollow noopener\"><strong>Ye\u015fil \u00c7ocuk Festivali<\/strong>\u00a0<\/a>5-6-7 \u015eubat 2021 Cuma, Cumartesi, Pazar t\u00fcm g\u00fcn\u00a0<strong>Zoom<\/strong>\u00a0\u00fczerinden ger\u00e7ekle\u015fiyor.<\/p>\n<p><strong>&#8211; Kay\u0131t i\u00e7in:<\/strong>\u00a0Tek kay\u0131t ile <strong>3 g\u00fcn<\/strong> t\u00fcm \u00e7ocuk ve yeti\u015fkin etkinliklerine kat\u0131labiliyorsunuz.<\/p>\n<p>&#8211; <strong>3 G\u00fcn<\/strong> Kat\u0131l\u0131m i\u00e7in Toplam <strong>100 TL<\/strong>\u00a0<strong><a href=\"http:\/\/bit.ly\/2YflpK8\" target=\"_blank\" rel=\"nofollow noopener\">Kay\u0131t Formu \u0130\u00e7in T\u0131klay\u0131n &gt;&gt;&gt;\u00a0<\/a><\/strong><\/p>\n<h2><strong>S\u00d6MESTR YE\u015e\u0130L \u00c7OCUK FEST\u0130VAL\u0130 PROGRAMI<br \/>\n<\/strong><\/h2>\n<p><strong>5-6-7 \u015eubat 2021 (Cuma-Cumartesi-Pazar)<\/strong><\/p>\n<p>&#8211; 11.00\u00a0<strong>Sa\u011fl\u0131kl\u0131 Ya\u015fam i\u00e7in Karikat\u00fcr At\u00f6lyesi<\/strong><\/p>\n<p>&#8211; 12.00\u00a0<strong>\u00c7ocuk Yogas\u0131 ile \u0130klim Yolculu\u011fu<\/strong><\/p>\n<p>&#8211; 13.00\u00a0<strong>Orman Okulu Oyun At\u00f6lyes<\/strong>i<\/p>\n<p>&#8211; 14.00\u00a0<strong>Renkli M\u00fczik Drama Do\u011fada Ya\u015fam<\/strong><\/p>\n<p>&#8211; 15.00\u00a0<strong>Enerji Kahraman\u0131 Oluyoruz At\u00f6lyesi<\/strong><\/p>\n<p>&#8211; 16.30\u00a0<strong>Sevdal\u0131 Bulut Masal\u0131 ile Bah\u00e7e Tasar\u0131m\u0131<\/strong><\/p>\n<p>&#8211; 21.00\u00a0<strong>Yeti\u015fkin i\u00e7in Webinar<\/strong><\/p>\n<p>&#8211; 5 \u015eubat:\u00a0<strong>De\u011fi\u015fim D\u00f6neminde Okul Se\u00e7imi<br \/>\n<\/strong>E\u011fitimci Emine \u00c7a\u015fkurlu<\/p>\n<p>&#8211; 6 \u015eubat:\u00a0<strong>Orman Okulu\u2019nun \u00d6nemi<br \/>\n<\/strong>Ye\u015fil Orman Okulu E\u011fitmeni Mustafa \u00c7etin<\/p>\n<p>&#8211; 7 \u015eubat:\u00a0<strong>Ba\u011f\u0131\u015f\u0131kl\u0131k Sistemi i\u00e7in Cilt Bak\u0131m\u0131<br \/>\n<\/strong>Tamamlay\u0131c\u0131 T\u0131p Uzman\u0131 Dr Didem G\u00fclmez<\/p>\n<p><strong>Daha Detayl\u0131 Bilgi \u0130\u00e7in:\u00a0<\/strong><a href=\"https:\/\/www.yesilcocuk.com\/somestr-yesil-cocuk-festivali-ile-cocuklar-ve-buyukler-dunyamiz-icin-bulusuyor\/\" target=\"_blank\" rel=\"nofollow noopener\">https:\/\/www.yesilcocuk.com\/somestr-yesil-cocuk-festivali-ile-cocuklar-ve-buyukler-dunyamiz-icin-bulusuyor\/<\/a> adresini ziyaret edebilirsiniz.<\/p>","protected":false},"excerpt":{"rendered":"<p>Sorry, this entry is only available in Turkish. For the sake of viewer convenience, the content is shown below in the alternative language. You may click the link to switch the active language. Do\u011fada ya\u015fam, sa\u011fl\u0131k, beslenme, enerji, d\u00f6n\u00fc\u015f\u00fcm konular\u0131nda online etkinlikler ile Ye\u015fil \u00c7ocuk Festivali 5-6-7 \u015eubat 2012\u2019de de\u011fi\u015fimi yaratmaya \u00e7a\u011f\u0131r\u0131yor. Ye\u015fil \u00c7ocuk Festivali [&hellip;]<\/p>\n","protected":false},"author":1,"featured_media":128332,"comment_status":"open","ping_status":"open","sticky":false,"template":"","format":"standard","meta":[],"categories":[51,53,52],"tags":[85750,85749,2736,85745,63,52259,85740,85747,85744,85742,85741,85748,85746,3265,85751,57125,85739,85753,85752,69413,85743],"views":88,"_links":{"self":[{"href":"https:\/\/www.enerjigazetesi.ist\/en\/wp-json\/wp\/v2\/posts\/128328"}],"collection":[{"href":"https:\/\/www.enerjigazetesi.ist\/en\/wp-json\/wp\/v2\/posts"}],"about":[{"href":"https:\/\/www.enerjigazetesi.ist\/en\/wp-json\/wp\/v2\/types\/post"}],"author":[{"embeddable":true,"href":"https:\/\/www.enerjigazetesi.ist\/en\/wp-json\/wp\/v2\/users\/1"}],"replies":[{"embeddable":true,"href":"https:\/\/www.enerjigazetesi.ist\/en\/wp-json\/wp\/v2\/comments?post=128328"}],"version-history":[{"count":0,"href":"https:\/\/www.enerjigazetesi.ist\/en\/wp-json\/wp\/v2\/posts\/128328\/revisions"}],"wp:featuredmedia":[{"embeddable":true,"href":"https:\/\/www.enerjigazetesi.ist\/en\/wp-json\/wp\/v2\/media\/128332"}],"wp:attachment":[{"href":"https:\/\/www.enerjigazetesi.ist\/en\/wp-json\/wp\/v2\/media?parent=128328"}],"wp:term":[{"taxonomy":"category","embeddable":true,"href":"https:\/\/www.enerjigazetesi.ist\/en\/wp-json\/wp\/v2\/categories?post=128328"},{"taxonomy":"post_tag","embeddable":true,"href":"https:\/\/www.enerjigazetesi.ist\/en\/wp-json\/wp\/v2\/tags?post=128328"}],"curies":[{"name":"wp","href":"https:\/\/api.w.org\/{rel}","templated":true}]}}