{"id":128298,"date":"2021-01-30T15:52:09","date_gmt":"2021-01-30T12:52:09","guid":{"rendered":"https:\/\/www.enerjigazetesi.ist\/?p=128298"},"modified":"2021-01-30T15:53:16","modified_gmt":"2021-01-30T12:53:16","slug":"the-valuable-500e-turkiyeden-katilim-saglayan-ilk-banka-akbank-oldu","status":"publish","type":"post","link":"https:\/\/www.enerjigazetesi.ist\/en\/the-valuable-500e-turkiyeden-katilim-saglayan-ilk-banka-akbank-oldu\/","title":{"rendered":"(Turkish) &#8217;The Valuable 500&#8217;e T\u00fcrkiye&#8217;den Kat\u0131lan \u0130lk Banka &#8216;Akbank&#8217; Oldu"},"content":{"rendered":"<p class=\"qtranxs-available-languages-message qtranxs-available-languages-message-en\">Sorry, this entry is only available in <a href=\"https:\/\/www.enerjigazetesi.ist\/tr\/wp-json\/wp\/v2\/posts\/128298\" class=\"qtranxs-available-language-link qtranxs-available-language-link-tr\" title=\"Turkish\">Turkish<\/a>. For the sake of viewer convenience, the content is shown below in the alternative language. You may click the link to switch the active language.<\/p><p><\/p>\n<h1><strong>Akbank, kapsay\u0131c\u0131l\u0131k ve \u00e7e\u015fitlilik ilkeleri do\u011frultusunda engelli bireylerin \u00e7al\u0131\u015fma hayat\u0131na kat\u0131l\u0131m\u0131n\u0131 desteklemeye y\u00f6nelik k\u00fcresel bir giri\u015fim olarak kurulan The Valuable 500\u2019\u00fcn imzac\u0131s\u0131 oldu!<\/strong><\/h1>\n<p><strong>Engelli bireylerin i\u015f hayat\u0131na kat\u0131l\u0131mlar\u0131<\/strong>n\u0131 desteklemek ve yaratacaklar\u0131 de\u011fer konusunda fark\u0131ndal\u0131k olu\u015fturmak ad\u0131na kurulan <strong>The Valuable 500<\/strong>\u2019e Akbank da kat\u0131ld\u0131. S\u00fcrd\u00fcr\u00fclebilirlik alan\u0131nda T\u00fcrkiye\u2019de \u00f6nc\u00fc \u00e7al\u0131\u015fmalara imza atan <strong>Akbank<\/strong>, giri\u015fime T\u00fcrkiye\u2019den kat\u0131lan <strong>ilk banka<\/strong> ve <img loading=\"lazy\" class=\"alignright wp-image-128300\" src=\"https:\/\/www.enerjigazetesi.ist\/wp-content\/uploads\/2021\/01\/the-valuable-500e-turkiyeden-katilim-saglayan-ilk-banka-akbank-oldu-2.jpg\" alt=\"\" width=\"320\" height=\"394\" srcset=\"https:\/\/www.enerjigazetesi.ist\/wp-content\/uploads\/2021\/01\/the-valuable-500e-turkiyeden-katilim-saglayan-ilk-banka-akbank-oldu-2.jpg 550w, https:\/\/www.enerjigazetesi.ist\/wp-content\/uploads\/2021\/01\/the-valuable-500e-turkiyeden-katilim-saglayan-ilk-banka-akbank-oldu-2-243x300.jpg 243w, https:\/\/www.enerjigazetesi.ist\/wp-content\/uploads\/2021\/01\/the-valuable-500e-turkiyeden-katilim-saglayan-ilk-banka-akbank-oldu-2-324x400.jpg 324w, https:\/\/www.enerjigazetesi.ist\/wp-content\/uploads\/2021\/01\/the-valuable-500e-turkiyeden-katilim-saglayan-ilk-banka-akbank-oldu-2-41x50.jpg 41w, https:\/\/www.enerjigazetesi.ist\/wp-content\/uploads\/2021\/01\/the-valuable-500e-turkiyeden-katilim-saglayan-ilk-banka-akbank-oldu-2-500x616.jpg 500w\" sizes=\"(max-width: 320px) 100vw, 320px\" \/>kurum oldu.<\/p>\n<p>2021 y\u0131l\u0131 i\u00e7erisinde <strong>engelli bireylerin<\/strong> i\u015f d\u00fcnyas\u0131na kat\u0131l\u0131m\u0131n\u0131 <strong>desteklemek<\/strong> ad\u0131na taahh\u00fctte bulunaca\u011f\u0131n\u0131 a\u00e7\u0131klayan <strong>Akbank<\/strong>, 29 Ocak 2021&#8217;de yap\u0131lan uluslararas\u0131 bas\u0131n a\u00e7\u0131klamas\u0131 ile giri\u015fimin bir \u00fcyesi ilan edilerek bu konuda <strong>d\u00fcnyan\u0131n \u00f6nc\u00fcleri<\/strong> aras\u0131ndaki yerini ald\u0131.<\/p>\n<p>Konuya ili\u015fkin a\u00e7\u0131klamalarda bulunan Akbank Genel M\u00fcd\u00fcr\u00fc <strong>Hakan Binba\u015fgil<\/strong>, <em>\u201cS\u00fcrd\u00fcr\u00fclebilirlik alan\u0131nda d\u00fcnyaya ve \u00fclkemize fayda sa\u011flayacak her t\u00fcrl\u00fc giri\u015fimin destek\u00e7isi olmaya \u00e7al\u0131\u015f\u0131yoruz. \u0130\u015f stratejimizin \u00f6nemli bir par\u00e7as\u0131 olarak g\u00f6rd\u00fc\u011f\u00fcm\u00fcz s\u00fcrd\u00fcr\u00fclebilirlik konusunda yak\u0131n zamanda a\u00e7\u0131klad\u0131\u011f\u0131m\u0131z <strong>stratejimiz<\/strong> ve<strong> somut hedeflerimizle<\/strong> yepyeni bir d\u00f6nemi ba\u015flatt\u0131k. Bu ba\u011flamda, <strong>The Valuable 500<\/strong>\u2019e kat\u0131lan<strong> ilk T\u00fcrk bankas\u0131<\/strong> ve kurumu olmaktan gurur duyuyoruz. <strong>Kapsay\u0131c\u0131l\u0131k<\/strong> ve <strong>\u00e7e\u015fitlili\u011fi k\u00fclt\u00fcr\u00fcm\u00fcz\u00fcn<\/strong> \u00f6nemli bir par\u00e7as\u0131 olarak g\u00f6r\u00fcyoruz. Gelece\u011fin T\u00fcrkiye\u2019si i\u00e7in \u00e7al\u0131\u015f\u0131rken herkesin yeteneklerinden, d\u00fc\u015f\u00fcncelerinden faydalanman\u0131n \u00f6nemine inan\u0131yor, bunu yarat\u0131c\u0131l\u0131\u011f\u0131 da tetikleyecek b\u00fcy\u00fck bir de\u011fer olarak kabul ediyoruz. \u00a0Bu nedenle <strong>The Valuable 500<\/strong>\u2019e kat\u0131larak, <strong>hem engelli bireyler<\/strong> i\u00e7in daha kapsay\u0131c\u0131 <strong>bir i\u015f d\u00fcnyas\u0131 yaratmadaki<\/strong> rol\u00fcm\u00fczden\u00a0hem de bu konuda fark\u0131ndal\u0131k olu\u015fturmaktan <strong>b\u00fcy\u00fck bir mutluluk<\/strong> duyuyoruz\u201d<\/em><\/p>\n<p><strong>Ocak 2019&#8217;da<\/strong> <strong>D\u00fcnya Ekonomik Forumu Davos<\/strong>\u2019taki <strong>Y\u0131ll\u0131k Toplant\u0131s\u0131<\/strong>&#8216;nda ba\u015flat\u0131lan <strong>The Valuable 500<\/strong> b\u00fct\u00fcn tedarik zincirindeki i\u015f sistemini<strong> engelli bireylerin yarar\u0131na d\u00f6n\u00fc\u015ft\u00fcrmeyi<\/strong> hedefleyen tek k\u00fcresel CEO toplulu\u011fudur. Giri\u015fime <strong>2<\/strong> y\u0131lda <strong>35<\/strong> \u00fclkeden <strong>400&#8217;\u00fcn<\/strong> \u00fczerinde <strong>CEO<\/strong> kat\u0131lm\u0131\u015ft\u0131r.<\/p>","protected":false},"excerpt":{"rendered":"<p>Sorry, this entry is only available in Turkish. For the sake of viewer convenience, the content is shown below in the alternative language. You may click the link to switch the active language. Akbank, kapsay\u0131c\u0131l\u0131k ve \u00e7e\u015fitlilik ilkeleri do\u011frultusunda engelli bireylerin \u00e7al\u0131\u015fma hayat\u0131na kat\u0131l\u0131m\u0131n\u0131 desteklemeye y\u00f6nelik k\u00fcresel bir giri\u015fim olarak kurulan The Valuable 500\u2019\u00fcn imzac\u0131s\u0131 [&hellip;]<\/p>\n","protected":false},"author":1,"featured_media":128301,"comment_status":"open","ping_status":"open","sticky":false,"template":"","format":"standard","meta":[],"categories":[51,53],"tags":[85729,85730,85728,85732,52259,85733,85731,57125,37032,85727],"views":106,"_links":{"self":[{"href":"https:\/\/www.enerjigazetesi.ist\/en\/wp-json\/wp\/v2\/posts\/128298"}],"collection":[{"href":"https:\/\/www.enerjigazetesi.ist\/en\/wp-json\/wp\/v2\/posts"}],"about":[{"href":"https:\/\/www.enerjigazetesi.ist\/en\/wp-json\/wp\/v2\/types\/post"}],"author":[{"embeddable":true,"href":"https:\/\/www.enerjigazetesi.ist\/en\/wp-json\/wp\/v2\/users\/1"}],"replies":[{"embeddable":true,"href":"https:\/\/www.enerjigazetesi.ist\/en\/wp-json\/wp\/v2\/comments?post=128298"}],"version-history":[{"count":0,"href":"https:\/\/www.enerjigazetesi.ist\/en\/wp-json\/wp\/v2\/posts\/128298\/revisions"}],"wp:featuredmedia":[{"embeddable":true,"href":"https:\/\/www.enerjigazetesi.ist\/en\/wp-json\/wp\/v2\/media\/128301"}],"wp:attachment":[{"href":"https:\/\/www.enerjigazetesi.ist\/en\/wp-json\/wp\/v2\/media?parent=128298"}],"wp:term":[{"taxonomy":"category","embeddable":true,"href":"https:\/\/www.enerjigazetesi.ist\/en\/wp-json\/wp\/v2\/categories?post=128298"},{"taxonomy":"post_tag","embeddable":true,"href":"https:\/\/www.enerjigazetesi.ist\/en\/wp-json\/wp\/v2\/tags?post=128298"}],"curies":[{"name":"wp","href":"https:\/\/api.w.org\/{rel}","templated":true}]}}