{"id":128242,"date":"2021-01-29T21:52:41","date_gmt":"2021-01-29T18:52:41","guid":{"rendered":"https:\/\/www.enerjigazetesi.ist\/?p=128242"},"modified":"2021-01-29T21:52:41","modified_gmt":"2021-01-29T18:52:41","slug":"yasam-kadikoy-insani-gelismislikte-turkiye-1-incisi-oldu","status":"publish","type":"post","link":"https:\/\/www.enerjigazetesi.ist\/en\/yasam-kadikoy-insani-gelismislikte-turkiye-1-incisi-oldu\/","title":{"rendered":"(Turkish) Ya\u015fam: Kad\u0131k\u00f6y \u0130nsani Geli\u015fmi\u015flikte T\u00fcrkiye 1&#8217;incisi Oldu!"},"content":{"rendered":"<p class=\"qtranxs-available-languages-message qtranxs-available-languages-message-en\">Sorry, this entry is only available in <a href=\"https:\/\/www.enerjigazetesi.ist\/tr\/wp-json\/wp\/v2\/posts\/128242\" class=\"qtranxs-available-language-link qtranxs-available-language-link-tr\" title=\"Turkish\">Turkish<\/a>. For the sake of viewer convenience, the content is shown below in the alternative language. You may click the link to switch the active language.<\/p><p><\/p>\n<h1><strong>Kad\u0131k\u00f6y Belediyesi, T\u00fcrkiye\u2019deki 188 il\u00e7enin uzun, sa\u011fl\u0131kl\u0131 ve yarat\u0131c\u0131 bir hayat ya\u015famak; bilgi ve e\u011fitim alabilme imkan\u0131na sahip olmak ve insana yara\u015f\u0131r bir hayat i\u00e7in gerekli kaynaklara ula\u015fmak gibi kriterler g\u00f6z \u00f6n\u00fcne al\u0131narak belirlenen &#8220;\u0130nsani Geli\u015fme Endeksi&#8221; s\u0131ralamas\u0131nda 1&#8217;inci oldu.<\/strong><\/h1>\n<p><strong>\u0130nsani Geli\u015fme Vakf\u0131 (\u0130NGEV)<\/strong> taraf\u0131ndan T\u00fcrkiye\u2019de n\u00fcfusu <strong>150 binin \u00fcst\u00fcnde<\/strong> olan il\u00e7e belediyeleri ile \u00fc\u00e7 b\u00fcy\u00fck ilin b\u00fct\u00fcn il\u00e7elerini kapsayan <strong>188 il\u00e7enin de\u011ferlendirildi\u011fi<\/strong> <em>\u0130nsani Geli\u015fme Endeksi (\u0130GE-\u0130 2020) \u00e7al\u0131\u015fmas\u0131<\/em>n\u0131n sonu\u00e7lar\u0131 a\u00e7\u0131kland\u0131. <strong>Kad\u0131k\u00f6y Belediyesi \u0130nsani Geli\u015fme <img loading=\"lazy\" class=\"alignright wp-image-128244\" src=\"https:\/\/www.enerjigazetesi.ist\/wp-content\/uploads\/2021\/01\/yasam-kadikoy-insani-gelismislikte-turkiye-1-incisi-oldu.jpg\" alt=\"\" width=\"340\" height=\"227\" srcset=\"https:\/\/www.enerjigazetesi.ist\/wp-content\/uploads\/2021\/01\/yasam-kadikoy-insani-gelismislikte-turkiye-1-incisi-oldu.jpg 448w, https:\/\/www.enerjigazetesi.ist\/wp-content\/uploads\/2021\/01\/yasam-kadikoy-insani-gelismislikte-turkiye-1-incisi-oldu-300x200.jpg 300w, https:\/\/www.enerjigazetesi.ist\/wp-content\/uploads\/2021\/01\/yasam-kadikoy-insani-gelismislikte-turkiye-1-incisi-oldu-75x50.jpg 75w\" sizes=\"(max-width: 340px) 100vw, 340px\" \/>Endeksi 2020 sonu\u00e7lar\u0131<\/strong>na g\u00f6re <strong>\u201c\u00c7ok Y\u00fcksek \u0130nsani Geli\u015fme\u201d<\/strong> s\u0131ralamas\u0131nda <strong>1&#8217;inci<\/strong> oldu. Kad\u0131k\u00f6y Belediyesi <strong>sosyal kapsama, sa\u011fl\u0131k, sosyal ya\u015fam, \u00e7evresel performans, ula\u015f\u0131m<\/strong> ve <strong>eri\u015filebilirlik endekslerinde<\/strong><em> 1&#8217;inci s\u0131rada<\/em> yer ald\u0131. Ayn\u0131 s\u0131ralamada<strong> Be\u015fikta\u015f Belediyesi<\/strong> <strong>2&#8217;inci<\/strong> olurken, 3&#8217;\u00fcnc\u00fc s\u0131rada<strong> \u00c7ankaya Belediyesi<\/strong> yer ald\u0131. Pandemi nedeniyle <strong>online<\/strong> olarak d\u00fczenlenen <strong>&#8220;\u0130l\u00e7eler \u0130nsani Geli\u015fme \u00d6d\u00fclleri&#8221;<\/strong> t\u00f6reninde a\u00e7\u0131l\u0131\u015f konu\u015fmas\u0131n\u0131<strong> \u0130NGEV<\/strong> Ba\u015fkan\u0131 <strong>Vural \u00c7ak\u0131r<\/strong> yapt\u0131. <strong>UNDP T\u00fcrkiye<\/strong> Temsilci Yard\u0131mc\u0131s\u0131 <strong>Seher Alacac\u0131 Ar\u0131ner<\/strong> ve<strong> \u0130stanbul Politikalar Merkezi (\u0130PM)<\/strong> Direkt\u00f6r\u00fc <strong>Prof. Dr. Fuat Keyman<\/strong> ise belediyelerin yeni yerelle\u015fmedeki kritik rol\u00fcne de\u011finilen panelde konu\u015ftu. Belediyelerin karnesi olarak nitelenebilecek \u00e7al\u0131\u015fma<strong> 9<\/strong> alt endeks,<strong> 81<\/strong> g\u00f6sterge, <strong>128<\/strong> <strong>de\u011fi\u015fken<\/strong> ve<strong> \u201cgizli vatanda\u015f\u201d<\/strong> \u00e7al\u0131\u015fmas\u0131 ile belediyelere yap\u0131lan 3 binin \u00fczerinde ba\u015fvurunun sonu\u00e7lar\u0131ndan olu\u015fuyor.<\/p>\n<h2><strong>KADIK\u00d6Y BELED\u0130YE BA\u015eKANI ODABA\u015eI: \u00d6D\u00dcL\u00dc DAHA DA \u0130LER\u0130 TA\u015eIYACA\u011eIZ\u00a0<\/strong><\/h2>\n<p><strong>INGEV<\/strong>\u2019in <strong>online<\/strong> olarak d\u00fczenledi\u011fi t\u00f6rene kat\u0131lan <strong>Kad\u0131k\u00f6y Belediye<\/strong> Ba\u015fkan\u0131 <strong>\u015eerdil Dara Odaba\u015f\u0131<\/strong>, <em>\u201cB\u00f6yle bir \u00f6d\u00fcl ald\u0131\u011f\u0131m\u0131z i\u00e7in heyecanland\u0131m, mutluyum, bu \u00f6d\u00fcle lay\u0131k g\u00f6r\u00fclmek Kad\u0131k\u00f6y i\u00e7in gurur verici. Bu raporun olu\u015fmas\u0131nda eme\u011fi ge\u00e7en <strong>INGEV<\/strong>\u2019e te\u015fekk\u00fcr ediyorum. Bu \u00f6d\u00fcl\u00fc almam\u0131z\u0131 sa\u011flayan kriterlerdeki ba\u015far\u0131m\u0131z\u0131 daha da ileri ta\u015f\u0131yaca\u011f\u0131z, \u00f6n\u00fcm\u00fczdeki d\u00f6nemde bu \u00f6d\u00fcl\u00fcn gere\u011fini yerine getirip, daha farkl\u0131 alanlarda da <strong>Kad\u0131k\u00f6yl\u00fc<\/strong>\u2019ye hizmet etmeye devam edece\u011fiz.\u201d<\/em> dedi.<\/p>\n<p><strong>\u0130nsani Geli\u015fme Endeksi<\/strong>, <strong>y\u00f6neti\u015fim<\/strong> ve <strong>saydaml\u0131k, sosyal kapsama, ekonomik durum e\u011fitim, sa\u011fl\u0131k, sosyal ya\u015fam, \u00e7evresel performans, ula\u015f\u0131m<\/strong> ve<strong> eri\u015filebilirlik, toplumsal cinsiyet e\u015fitli\u011fi kriterleri<\/strong> dikkate al\u0131narak hesaplan\u0131yor. <strong>\u0130nsani Geli\u015fme Endeksi<\/strong>, <strong>Birle\u015fmi\u015f Milletler Kalk\u0131nma Program\u0131 (UNDP)<\/strong> taraf\u0131ndan <strong>1990 y\u0131l\u0131ndan beri<\/strong> \u00fclkeler d\u00fczeyinde yay\u0131mlan\u0131yor.<strong> \u0130NGEV<\/strong> ise yerel d\u00fczeyde insani geli\u015fmenin \u00f6l\u00e7\u00fcmlenmesi i\u00e7in haz\u0131rlad\u0131\u011f\u0131<strong> \u0130nsani Geli\u015fme Endeksi-\u0130l\u00e7eler (\u0130GE-\u0130) \u00e7al\u0131\u015fmas\u0131<\/strong>n\u0131 2017 y\u0131l\u0131ndan g\u00fcn\u00fcm\u00fcze s\u00fcr\u00fcyor. <strong>Kad\u0131k\u00f6y Belediyesi<\/strong> ayn\u0131 \u00e7al\u0131\u015fmada <strong>2018<\/strong> y\u0131l\u0131nda <strong>2&#8217;inci<\/strong> s\u0131rada yer alm\u0131\u015ft\u0131.<\/p>","protected":false},"excerpt":{"rendered":"<p>Sorry, this entry is only available in Turkish. For the sake of viewer convenience, the content is shown below in the alternative language. You may click the link to switch the active language. Kad\u0131k\u00f6y Belediyesi, T\u00fcrkiye\u2019deki 188 il\u00e7enin uzun, sa\u011fl\u0131kl\u0131 ve yarat\u0131c\u0131 bir hayat ya\u015famak; bilgi ve e\u011fitim alabilme imkan\u0131na sahip olmak ve insana yara\u015f\u0131r [&hellip;]<\/p>\n","protected":false},"author":1,"featured_media":128244,"comment_status":"open","ping_status":"open","sticky":false,"template":"","format":"standard","meta":[],"categories":[53],"tags":[85677,85676,85678,85675,77017,60540,57125],"views":71,"_links":{"self":[{"href":"https:\/\/www.enerjigazetesi.ist\/en\/wp-json\/wp\/v2\/posts\/128242"}],"collection":[{"href":"https:\/\/www.enerjigazetesi.ist\/en\/wp-json\/wp\/v2\/posts"}],"about":[{"href":"https:\/\/www.enerjigazetesi.ist\/en\/wp-json\/wp\/v2\/types\/post"}],"author":[{"embeddable":true,"href":"https:\/\/www.enerjigazetesi.ist\/en\/wp-json\/wp\/v2\/users\/1"}],"replies":[{"embeddable":true,"href":"https:\/\/www.enerjigazetesi.ist\/en\/wp-json\/wp\/v2\/comments?post=128242"}],"version-history":[{"count":0,"href":"https:\/\/www.enerjigazetesi.ist\/en\/wp-json\/wp\/v2\/posts\/128242\/revisions"}],"wp:featuredmedia":[{"embeddable":true,"href":"https:\/\/www.enerjigazetesi.ist\/en\/wp-json\/wp\/v2\/media\/128244"}],"wp:attachment":[{"href":"https:\/\/www.enerjigazetesi.ist\/en\/wp-json\/wp\/v2\/media?parent=128242"}],"wp:term":[{"taxonomy":"category","embeddable":true,"href":"https:\/\/www.enerjigazetesi.ist\/en\/wp-json\/wp\/v2\/categories?post=128242"},{"taxonomy":"post_tag","embeddable":true,"href":"https:\/\/www.enerjigazetesi.ist\/en\/wp-json\/wp\/v2\/tags?post=128242"}],"curies":[{"name":"wp","href":"https:\/\/api.w.org\/{rel}","templated":true}]}}