{"id":128213,"date":"2021-01-29T16:04:55","date_gmt":"2021-01-29T13:04:55","guid":{"rendered":"https:\/\/www.enerjigazetesi.ist\/?p=128213"},"modified":"2021-01-29T16:21:11","modified_gmt":"2021-01-29T13:21:11","slug":"jeotermal-enerji-dernegi-nin-genel-koordinatoru-elif-ferdal-karakas-oldu","status":"publish","type":"post","link":"https:\/\/www.enerjigazetesi.ist\/en\/jeotermal-enerji-dernegi-nin-genel-koordinatoru-elif-ferdal-karakas-oldu\/","title":{"rendered":"(Turkish) &#8217;Jeotermal Derne\u011fi\u2019nin Genel Koordinat\u00f6r\u00fc &#8216;Elif Ferdal Karaka\u015f&#8217; Oldu"},"content":{"rendered":"<p class=\"qtranxs-available-languages-message qtranxs-available-languages-message-en\">Sorry, this entry is only available in <a href=\"https:\/\/www.enerjigazetesi.ist\/tr\/wp-json\/wp\/v2\/posts\/128213\" class=\"qtranxs-available-language-link qtranxs-available-language-link-tr\" title=\"Turkish\">Turkish<\/a>. For the sake of viewer convenience, the content is shown below in the alternative language. You may click the link to switch the active language.<\/p><p><\/p>\n<h1><strong>Jeotermal enerjinin \u00fclkemizdeki geli\u015fimi ve s\u00fcrd\u00fcr\u00fclebilirli\u011fi ad\u0131na \u00e7al\u0131\u015fmalar yapmak ve sekt\u00f6r\u00fcn gelece\u011fine y\u00f6n vermek amac\u0131yla<img loading=\"lazy\" class=\"alignright wp-image-128215\" src=\"https:\/\/www.enerjigazetesi.ist\/wp-content\/uploads\/2021\/01\/jeotermal-enerji-dernegi-nin-genel-koordinatoru-elif-ferdal-karakas-oldu.jpg\" alt=\"\" width=\"320\" height=\"490\" srcset=\"https:\/\/www.enerjigazetesi.ist\/wp-content\/uploads\/2021\/01\/jeotermal-enerji-dernegi-nin-genel-koordinatoru-elif-ferdal-karakas-oldu.jpg 550w, https:\/\/www.enerjigazetesi.ist\/wp-content\/uploads\/2021\/01\/jeotermal-enerji-dernegi-nin-genel-koordinatoru-elif-ferdal-karakas-oldu-196x300.jpg 196w, https:\/\/www.enerjigazetesi.ist\/wp-content\/uploads\/2021\/01\/jeotermal-enerji-dernegi-nin-genel-koordinatoru-elif-ferdal-karakas-oldu-261x400.jpg 261w, https:\/\/www.enerjigazetesi.ist\/wp-content\/uploads\/2021\/01\/jeotermal-enerji-dernegi-nin-genel-koordinatoru-elif-ferdal-karakas-oldu-33x50.jpg 33w, https:\/\/www.enerjigazetesi.ist\/wp-content\/uploads\/2021\/01\/jeotermal-enerji-dernegi-nin-genel-koordinatoru-elif-ferdal-karakas-oldu-500x766.jpg 500w\" sizes=\"(max-width: 320px) 100vw, 320px\" \/> 2020 y\u0131l\u0131n\u0131n Temmuz ay\u0131nda faaliyetlerine ba\u015flayan Jeotermal Enerji Derne\u011fi\u2019nin Genel Koordinat\u00f6rl\u00fc\u011f\u00fcne Avukat Elif Ferdal Karaka\u015f getirildi.<\/strong><\/h1>\n<p>Jeotermal kayaklar\u0131n <strong>s\u00fcrd\u00fcr\u00fclebilir, \u00e7evreci<\/strong> ve <strong>elveri\u015fli ko\u015fullarda<\/strong> kullan\u0131m\u0131n\u0131n sa\u011flanmas\u0131n\u0131 amac\u0131yla <strong>Temmuz 2020<\/strong>&#8216;de faaliyete ba\u015flayan <strong>Jeotermal Enerji Derne\u011fi<\/strong>&#8216;nin <strong>(JED)\u00a0<\/strong>Genel Koordinat\u00f6rl\u00fck pozisyonuna enerji sekt\u00f6r\u00fcnde deneyimli bir y\u00f6netici olan\u00a0<strong>Elif Ferdal Karaka\u015f<\/strong> getirildi. Karaka\u015f ayn\u0131 zamanda <strong>derne\u011fin y\u00f6netim kurulu<\/strong>nda<strong> Onursal \u00dcye<\/strong> olarak da yer alacak.<\/p>\n<p><strong>2002 y\u0131l\u0131nda<\/strong>, enerji piyasas\u0131nda ger\u00e7ekle\u015ftirilen <strong>reform \u00e7al\u0131\u015fmalar\u0131<\/strong> s\u00fcrecinde aktif rol oynayan Karaka\u015f, <strong>Enerji Piyasas\u0131 D\u00fczenleme Kurumu<\/strong>\u2019nun<strong> \u201cKurucu Personeli\u201d<\/strong> aras\u0131nda yer alarak,\u00a02019 y\u0131l\u0131na dek bu kurumda g\u00f6rev alm\u0131\u015ft\u0131r. <strong>2019 y\u0131l\u0131ndan<\/strong> bu yana kariyerine<strong> hukuk dan\u0131\u015fmanl\u0131\u011f\u0131<\/strong> ve <strong>serbest avukat<\/strong> olarak devam eden Karaka\u015f, <strong>enerji hukuku<\/strong> alan\u0131nda <strong>e\u011fitmenlik<\/strong> yaparak ve bir\u00e7ok <strong>\u00e7al\u0131\u015ftay<\/strong> ile <strong>kongreye<\/strong> kat\u0131larak sekt\u00f6r\u00fcn geli\u015fimine katk\u0131da bulunmu\u015ftur.<\/p>\n<p>Karaka\u015f, <strong>Enerji Uzmanlar\u0131 Derne\u011fi<\/strong> ve <strong>D\u00fcnya Enerji Konseyi T\u00fcrk Milli Komitesi<\/strong> \u00fcyesidir.<\/p>","protected":false},"excerpt":{"rendered":"<p>Sorry, this entry is only available in Turkish. For the sake of viewer convenience, the content is shown below in the alternative language. You may click the link to switch the active language. Jeotermal enerjinin \u00fclkemizdeki geli\u015fimi ve s\u00fcrd\u00fcr\u00fclebilirli\u011fi ad\u0131na \u00e7al\u0131\u015fmalar yapmak ve sekt\u00f6r\u00fcn gelece\u011fine y\u00f6n vermek amac\u0131yla 2020 y\u0131l\u0131n\u0131n Temmuz ay\u0131nda faaliyetlerine ba\u015flayan Jeotermal [&hellip;]<\/p>\n","protected":false},"author":1,"featured_media":128220,"comment_status":"open","ping_status":"open","sticky":false,"template":"","format":"standard","meta":[],"categories":[51,53,48],"tags":[936,5774,85652,52259,1916,85653,16077,36184,4033,1147],"views":185,"_links":{"self":[{"href":"https:\/\/www.enerjigazetesi.ist\/en\/wp-json\/wp\/v2\/posts\/128213"}],"collection":[{"href":"https:\/\/www.enerjigazetesi.ist\/en\/wp-json\/wp\/v2\/posts"}],"about":[{"href":"https:\/\/www.enerjigazetesi.ist\/en\/wp-json\/wp\/v2\/types\/post"}],"author":[{"embeddable":true,"href":"https:\/\/www.enerjigazetesi.ist\/en\/wp-json\/wp\/v2\/users\/1"}],"replies":[{"embeddable":true,"href":"https:\/\/www.enerjigazetesi.ist\/en\/wp-json\/wp\/v2\/comments?post=128213"}],"version-history":[{"count":0,"href":"https:\/\/www.enerjigazetesi.ist\/en\/wp-json\/wp\/v2\/posts\/128213\/revisions"}],"wp:featuredmedia":[{"embeddable":true,"href":"https:\/\/www.enerjigazetesi.ist\/en\/wp-json\/wp\/v2\/media\/128220"}],"wp:attachment":[{"href":"https:\/\/www.enerjigazetesi.ist\/en\/wp-json\/wp\/v2\/media?parent=128213"}],"wp:term":[{"taxonomy":"category","embeddable":true,"href":"https:\/\/www.enerjigazetesi.ist\/en\/wp-json\/wp\/v2\/categories?post=128213"},{"taxonomy":"post_tag","embeddable":true,"href":"https:\/\/www.enerjigazetesi.ist\/en\/wp-json\/wp\/v2\/tags?post=128213"}],"curies":[{"name":"wp","href":"https:\/\/api.w.org\/{rel}","templated":true}]}}