{"id":12815,"date":"2013-07-08T11:09:19","date_gmt":"2013-07-08T08:09:19","guid":{"rendered":"https:\/\/www.enerjigazetesi.ist\/?p=12815"},"modified":"2013-07-08T11:13:01","modified_gmt":"2013-07-08T08:13:01","slug":"ucuz-dogalgaz-icin-2-formul","status":"publish","type":"post","link":"https:\/\/www.enerjigazetesi.ist\/en\/ucuz-dogalgaz-icin-2-formul\/","title":{"rendered":"(Turkish) Ucuz Do\u011falgaz \u0130\u00e7in 2 Form\u00fcl&#8230;"},"content":{"rendered":"<p class=\"qtranxs-available-languages-message qtranxs-available-languages-message-en\">Sorry, this entry is only available in <a href=\"https:\/\/www.enerjigazetesi.ist\/tr\/wp-json\/wp\/v2\/posts\/12815\" class=\"qtranxs-available-language-link qtranxs-available-language-link-tr\" title=\"Turkish\">Turkish<\/a>. For the sake of viewer convenience, the content is shown below in the alternative language. You may click the link to switch the active language.<\/p><p><strong>Enerji Bakan\u0131 Taner Y\u0131ld\u0131z, faturalar\u0131 d\u00fc\u015f\u00fcrecek, elektrik ve do\u011falgaz\u0131 daha ucuz kullanmam\u0131z\u0131 sa\u011flayacak 2 konuyu a\u00e7\u0131klad\u0131\u2026<\/strong><\/p>\n<p>Aile ve Sosyal Politikalar Bakanl\u0131\u011f\u0131 ile Enerji ve Tabii Kaynaklar Bakanl\u0131\u011f\u0131\u2019n\u0131n ortak \u00e7al\u0131\u015fmas\u0131 olan ve Enerji Verimlili\u011fi Derne\u011fi\u2019nin uygulad\u0131\u011f\u0131 \u2018Enerji Han\u0131m\u2019 projesi ile b\u00fct\u00fcn T\u00fcrkiye\u2019de kad\u0131nlara enerji tasarrufu anlat\u0131l\u0131yor. B\u00fcy\u00fck ilgi g\u00f6ren proje vesilesiyle, Enerji ve Tabii Kaynaklar Bakan\u0131 Taner Y\u0131ld\u0131z ile sohbet imkan\u0131 buluyoruz. Bize, Enerji Verimlili\u011fi Derne\u011fi Ba\u015fkan Yard\u0131mc\u0131s\u0131 Adnan Ersoy Uluba\u015f da kat\u0131l\u0131yor. Bakan Y\u0131ld\u0131z, uzun sohbette, Kuzey Irak petrol\u00fcnden Nabucco\u2019ya kadar bir\u00e7ok konuda g\u00f6r\u00fc\u015flerini payla\u015f\u0131yor. Bu b\u00f6l\u00fcmleri ba\u015fka bir yaz\u0131ya b\u0131rakarak, bug\u00fcn faturalarla ilgili konuyu aktarmak istiyorum.<\/p>\n<h2>Do\u011falgaz konusu\u2026<\/h2>\n<p><a href=\"https:\/\/www.enerjigazetesi.ist\/wp-content\/uploads\/2013\/05\/dogalgaz-santrali-HI-434119.jpg\"><img loading=\"lazy\" class=\"alignleft size-medium wp-image-10816\" title=\"ucuz-do\u011falgaz-i\u00e7in-2-form\u00fcl\" src=\"https:\/\/www.enerjigazetesi.ist\/wp-content\/uploads\/2013\/05\/dogalgaz-santrali-HI-434119-300x200.jpg\" alt=\"\" width=\"300\" height=\"200\" srcset=\"https:\/\/www.enerjigazetesi.ist\/wp-content\/uploads\/2013\/05\/dogalgaz-santrali-HI-434119-300x200.jpg 300w, https:\/\/www.enerjigazetesi.ist\/wp-content\/uploads\/2013\/05\/dogalgaz-santrali-HI-434119-500x333.jpg 500w, https:\/\/www.enerjigazetesi.ist\/wp-content\/uploads\/2013\/05\/dogalgaz-santrali-HI-434119-74x50.jpg 74w, https:\/\/www.enerjigazetesi.ist\/wp-content\/uploads\/2013\/05\/dogalgaz-santrali-HI-434119.jpg 553w\" sizes=\"(max-width: 300px) 100vw, 300px\" \/><\/a>Bakan Y\u0131ld\u0131z, sohbetin ba\u015f\u0131nda, \u2018T\u00fcrkiye\u2019nin 27 AB \u00fclkesi i\u00e7inde en ucuz do\u011falgaz\u0131 kulland\u0131\u011f\u0131\u2019 bilgisini tekrarl\u0131yor. Bu kar\u015f\u0131la\u015ft\u0131rma zaman zaman \u2018Ama milli gelirimiz onlardan \u00e7ok d\u00fc\u015f\u00fck, dolay\u0131s\u0131yla faturalar vatanda\u015f\u0131 zorluyor\u2019 ele\u015ftirilerine yol a\u00e7sa da, do\u011falgaz fiyat\u0131 \u00f6zelinde b\u00f6yle bir avantaj\u0131m\u0131z bulunuyor. \u2018En ucuz do\u011falgaz\u0131\u2019 kullanmam\u0131z\u0131n sebebini soruyorum. Y\u0131ld\u0131z, \u015f\u00f6yle a\u00e7\u0131kl\u0131yor: \u201cBiz T\u00fcrkiye\u2019de ya\u011fmurlar\u0131n, dolay\u0131s\u0131yla HES\u2019lerin (hidroelektrik santral) avantaj\u0131n\u0131 kullan\u0131yoruz. Enerji maliyetleri bir havuzda toplan\u0131yor. Burada HES\u2019lerin avantaj\u0131 maliyeti d\u00fc\u015f\u00fcr\u00fcyor. Bu da bizim 27 AB \u00fclkesi i\u00e7inde en ucuz do\u011falgaz\u0131 kullanmam\u0131z\u0131 sa\u011fl\u0131yor. Farkl\u0131 gerek\u00e7elerle do\u011falgaz\u0131 bizden daha ucuza sat\u0131n alan 4-5 \u00fclke var ama onlar\u0131n b\u00f6yle bir avantajlar\u0131 olmad\u0131\u011f\u0131 i\u00e7in vatanda\u015flar\u0131na bizden daha ucuz veremiyorlar.\u201d \u00d6yle g\u00f6r\u00fcn\u00fcyor ki; baz\u0131 kesimlerin kar\u015f\u0131 \u00e7\u0131kt\u0131\u011f\u0131 HES\u2019ler olmasa faturalar\u0131m\u0131z daha da kabaracak. Y\u0131ld\u0131z, bir espri de yap\u0131yor: \u201cBiz HES\u2019lere kar\u015f\u0131 \u00e7\u0131kanlara da ucuz do\u011falgaz veriyoruz.\u201d<\/p>\n<h2>15 milyarl\u0131k tasarruf<\/h2>\n<p>\u00dclkemiz co\u011frafyas\u0131n\u0131n bize sundu\u011fu bu avantaj\u0131n yan\u0131nda, ucuz do\u011falgaz ve ucuz elektrik i\u00e7in bizim de yapabileceklerimiz var. Bunlar\u0131n temelini de israftan kurtulup, tasarrufa y\u00f6nelmek olu\u015fturuyor. Yani enerjiyi verimli kullanmak. Bakan Y\u0131ld\u0131z, sadece beyaz e\u015fyadan y\u0131lda 4 milyar lira tasarruf yap\u0131labilece\u011fini, toplamda bu rakam\u0131n y\u0131lda 15 milyar liraya \u00e7\u0131kabilece\u011fini s\u00f6yl\u00fcyor. Bu tasarruf miktar\u0131 da vatanda\u015f\u0131n faturalar\u0131na yans\u0131yarak do\u011falgaz ve elektri\u011fi daha ucuz kullanmam\u0131z\u0131 sa\u011flayacak. Y\u0131ld\u0131z, bu noktada bir toplumsal psikolojiden bahsediyor: \u201cVatanda\u015f \u2018cebimde 1000 lira var, 10 lira tasarruf yapsam kime ne faydas\u0131 olur?\u2019 gibi bir d\u00fc\u015f\u00fcncede. Bu psikolojiyi a\u015fmam\u0131z laz\u0131m.<\/p>\n<p>Halbuki o k\u00fc\u00e7\u00fck tasarruflar y\u0131lda 15 milyar liraya ula\u015fabilir.\u201d Bakan Y\u0131ld\u0131z, tasarrufta olumlu geli\u015fmeler oldu\u011funu belirtip, baz\u0131 rakamlar da veriyor: \u201cRefah seviyesi artt\u0131k\u00e7a ki\u015fi ba\u015f\u0131 elektrik kullan\u0131m\u0131 da art\u0131yor. 2023\u2032te kullan\u0131m\u0131m\u0131z 2 kat\u0131na \u00e7\u0131kacak. Fakat tasarrufun etkilerini g\u00f6r\u00fcyoruz. 59.1 milyar dolarl\u0131k enerji ithalat\u0131n\u0131n yar\u0131s\u0131ndan fazlas\u0131 petrol ve t\u00fcrevlerine gidiyor. Toplam ithalat\u0131n y\u00fczde 10\u2032u olan enerji kalemleri y\u00fczde 7-8\u2032e geriledi.\u201d<\/p>\n<p>* * *<\/p>\n<h2>Her bebek, arabas\u0131 ile d\u00fcnyaya geliyor<\/h2>\n<p>Bakan Y\u0131ld\u0131z, \u015fu bilgileri veriyor: \u201cT\u00fcrkiye\u2019de motorlu ara\u00e7 say\u0131s\u0131 17 milyona ula\u015ft\u0131. Y\u0131lda 1 milyon yeni ara\u00e7 da trafi\u011fe \u00e7\u0131k\u0131yor. Bu da petrol \u0131thalat\u0131n\u0131 art\u0131r\u0131yor. Do\u011fum \u00f6l\u00fcm oranlar\u0131na bak\u0131l\u0131nca n\u00fcfusumuz da her y\u0131l 1 milyon ki\u015fi art\u0131yor. Adeta her bebek arabas\u0131yla d\u00fcnyaya geliyor gibi.\u201d<\/p>\n<p>* * *<\/p>\n<h2>Sokaktan 600 milyon lira<\/h2>\n<p>Enerji Han\u0131m\u2019\u0131n \u00fclke genelindeki verimlilik hareketinin ilk ad\u0131m\u0131 oldu\u011funu belirten Bakan Y\u0131ld\u0131z, bu konuda \u015funlar\u0131 s\u00f6yl\u00fcyor: \u201cEnerji verimlili\u011fi hareketinin ard\u0131ndan, ilk \u00e7al\u0131\u015fmas\u0131n\u0131 \u00f6n\u00fcm\u00fczdeki g\u00fcnlerde Konya\u2019da ba\u015flataca\u011f\u0131m\u0131z sanayide verimlilik hamlesi yapaca\u011f\u0131z. Sadece sokaklardaki ayd\u0131nlatmalarda daha az enerji t\u00fcketen armat\u00fcr ve ampullerin kullan\u0131lmas\u0131 sonucunda y\u0131ll\u0131k enerji harcamam\u0131z\u0131 600 milyon lira azaltaca\u011f\u0131z.\u201d<\/p>\n<p>Yazar: Faruk ERDEM<\/p>\n<p>Kaynak: <a href=\"http:\/\/enerjienstitusu.com\/2013\/07\/08\/kose-yazisi-ucuz-dogalgaz-icin-2-formul\/\" target=\"_blank\">Enerji Enstit\u00fcs\u00fc<\/a><\/p>","protected":false},"excerpt":{"rendered":"<p>Sorry, this entry is only available in Turkish. For the sake of viewer convenience, the content is shown below in the alternative language. You may click the link to switch the active language.Enerji Bakan\u0131 Taner Y\u0131ld\u0131z, faturalar\u0131 d\u00fc\u015f\u00fcrecek, elektrik ve do\u011falgaz\u0131 daha ucuz kullanmam\u0131z\u0131 sa\u011flayacak 2 konuyu a\u00e7\u0131klad\u0131\u2026 Aile ve Sosyal Politikalar Bakanl\u0131\u011f\u0131 ile Enerji [&hellip;]<\/p>\n","protected":false},"author":1,"featured_media":10816,"comment_status":"open","ping_status":"open","sticky":false,"template":"","format":"standard","meta":[],"categories":[46,53],"tags":[710,92,226,130,63,67,165,103,6686,667,6685,6684],"views":674,"_links":{"self":[{"href":"https:\/\/www.enerjigazetesi.ist\/en\/wp-json\/wp\/v2\/posts\/12815"}],"collection":[{"href":"https:\/\/www.enerjigazetesi.ist\/en\/wp-json\/wp\/v2\/posts"}],"about":[{"href":"https:\/\/www.enerjigazetesi.ist\/en\/wp-json\/wp\/v2\/types\/post"}],"author":[{"embeddable":true,"href":"https:\/\/www.enerjigazetesi.ist\/en\/wp-json\/wp\/v2\/users\/1"}],"replies":[{"embeddable":true,"href":"https:\/\/www.enerjigazetesi.ist\/en\/wp-json\/wp\/v2\/comments?post=12815"}],"version-history":[{"count":3,"href":"https:\/\/www.enerjigazetesi.ist\/en\/wp-json\/wp\/v2\/posts\/12815\/revisions"}],"predecessor-version":[{"id":12817,"href":"https:\/\/www.enerjigazetesi.ist\/en\/wp-json\/wp\/v2\/posts\/12815\/revisions\/12817"}],"wp:featuredmedia":[{"embeddable":true,"href":"https:\/\/www.enerjigazetesi.ist\/en\/wp-json\/wp\/v2\/media\/10816"}],"wp:attachment":[{"href":"https:\/\/www.enerjigazetesi.ist\/en\/wp-json\/wp\/v2\/media?parent=12815"}],"wp:term":[{"taxonomy":"category","embeddable":true,"href":"https:\/\/www.enerjigazetesi.ist\/en\/wp-json\/wp\/v2\/categories?post=12815"},{"taxonomy":"post_tag","embeddable":true,"href":"https:\/\/www.enerjigazetesi.ist\/en\/wp-json\/wp\/v2\/tags?post=12815"}],"curies":[{"name":"wp","href":"https:\/\/api.w.org\/{rel}","templated":true}]}}