{"id":128129,"date":"2021-01-28T14:30:21","date_gmt":"2021-01-28T11:30:21","guid":{"rendered":"https:\/\/www.enerjigazetesi.ist\/?p=128129"},"modified":"2021-01-28T14:30:33","modified_gmt":"2021-01-28T11:30:33","slug":"kopuz-devlet-girdi-maliyetlerini-dusurmedikce-gida-fiyatlarini-dusuremez","status":"publish","type":"post","link":"https:\/\/www.enerjigazetesi.ist\/en\/kopuz-devlet-girdi-maliyetlerini-dusurmedikce-gida-fiyatlarini-dusuremez\/","title":{"rendered":"(Turkish) Kopuz: &#8220;Devlet Girdi Maliyetlerini D\u00fc\u015f\u00fcrmedik\u00e7e G\u0131da Fiyatlar\u0131n\u0131 D\u00fc\u015f\u00fcremez&#8221;"},"content":{"rendered":"<p class=\"qtranxs-available-languages-message qtranxs-available-languages-message-en\">Sorry, this entry is only available in <a href=\"https:\/\/www.enerjigazetesi.ist\/tr\/wp-json\/wp\/v2\/posts\/128129\" class=\"qtranxs-available-language-link qtranxs-available-language-link-tr\" title=\"Turkish\">Turkish<\/a>. For the sake of viewer convenience, the content is shown below in the alternative language. You may click the link to switch the active language.<\/p><p><\/p>\n<h1><strong>Son haftalarda g\u0131da fiyatlar\u0131nda ya\u015fanan belirgin art\u0131\u015flar \u00fclke g\u00fcndemine oturdu. T\u00fcketiciler tepkilerini sosyal medyaya ta\u015f\u0131rken, Ticaret Bakanl\u0131\u011f\u0131 da market, pazar ve toptanc\u0131 hallerinde bask\u0131nlar yaparak sorunu \u00e7\u00f6zmeye \u00e7al\u0131\u015f\u0131yor. T\u00fcrkiye G\u0131da ve \u0130\u00e7ecek Sanayii Dernekleri Federasyonu (TGDF) ise \u00e7\u00f6z\u00fcm\u00fcn yanl\u0131\u015f yerde arand\u0131\u011f\u0131na, \u00f6ncelikle girdi maliyetlerinin d\u00fc\u015f\u00fcr\u00fclmesi gerekti\u011fine dikkat \u00e7ekiyor.<\/strong><\/h1>\n<p>Son d\u00f6nemde <strong>artan g\u0131da fiyatlar\u0131<\/strong> ve bu \u00e7er\u00e7evede y\u00fcr\u00fct\u00fclen uygulamalar konusunda bir bas\u0131n a\u00e7\u0131klamas\u0131 yapan TGDF Ba\u015fkan\u0131 \u015eemsi Kopuz, <strong>sorunun maliyetlerdeki art\u0131\u015f<\/strong> oldu\u011funu, <strong>\u00fcretici<\/strong> ve <strong><img loading=\"lazy\" class=\"alignright wp-image-128131\" src=\"https:\/\/www.enerjigazetesi.ist\/wp-content\/uploads\/2021\/01\/kopuz-devlet-girdi-maliyetlerini-dusurmedikce-gida-fiyatlarini-dusuremez.jpg\" alt=\"\" width=\"340\" height=\"254\" srcset=\"https:\/\/www.enerjigazetesi.ist\/wp-content\/uploads\/2021\/01\/kopuz-devlet-girdi-maliyetlerini-dusurmedikce-gida-fiyatlarini-dusuremez.jpg 640w, https:\/\/www.enerjigazetesi.ist\/wp-content\/uploads\/2021\/01\/kopuz-devlet-girdi-maliyetlerini-dusurmedikce-gida-fiyatlarini-dusuremez-300x224.jpg 300w, https:\/\/www.enerjigazetesi.ist\/wp-content\/uploads\/2021\/01\/kopuz-devlet-girdi-maliyetlerini-dusurmedikce-gida-fiyatlarini-dusuremez-500x373.jpg 500w, https:\/\/www.enerjigazetesi.ist\/wp-content\/uploads\/2021\/01\/kopuz-devlet-girdi-maliyetlerini-dusurmedikce-gida-fiyatlarini-dusuremez-67x50.jpg 67w\" sizes=\"(max-width: 340px) 100vw, 340px\" \/>esnafa bask\u0131 yaparak<\/strong> bir \u00e7\u00f6z\u00fcme ula\u015fman\u0131n m\u00fcmk\u00fcn olmad\u0131\u011f\u0131n\u0131 vurgulad\u0131. Kopuz, temel g\u0131da \u00fcr\u00fcnleri baz\u0131nda <strong>rafa mal koyan i\u015fletmeler<\/strong> \u00fczerinde olu\u015fturulan bask\u0131n\u0131n, g\u0131da zincirinde telafisi m\u00fcmk\u00fcn olmayan zararlar\u0131 beraberinde getirdi\u011finin alt\u0131n\u0131 \u00e7izdi.<\/p>\n<p><strong>T\u00fcrkiye \u0130statistik Kurumu (T\u00dc\u0130K)<\/strong> verilerine bak\u0131ld\u0131\u011f\u0131nda <strong>tar\u0131m<\/strong> ve<strong> g\u0131da sekt\u00f6r\u00fc<\/strong> girdi maliyetlerinin son aylarda ciddi \u015fekilde artt\u0131\u011f\u0131n\u0131n g\u00f6r\u00fcld\u00fc\u011f\u00fcn\u00fc belirten Kopuz, buna bir \u00e7\u00f6z\u00fcm bulunmadan g\u0131da fiyatlar\u0131n\u0131n d\u00fc\u015fmesini beklemenin sonu\u00e7suz kalaca\u011f\u0131n\u0131 ifade etti. TGDF Ba\u015fkan\u0131 Kopuz, bas\u0131n a\u00e7\u0131klamas\u0131nda \u015funlara dikkat \u00e7ekti:<\/p>\n<h2><strong>\u201cDevletin resmi verilerine g\u00f6re yem fiyatlar\u0131 %23 oran\u0131nda artt\u0131\u201d<\/strong><\/h2>\n<p>\u201cGe\u00e7ti\u011fimiz g\u00fcnlerde yay\u0131nlanan <strong>T\u00dc\u0130K Tar\u0131msal Girdi Fiyat Endeksi Kas\u0131m 2020<\/strong> verileri, g\u0131dadaki fiyat art\u0131\u015f\u0131n\u0131n nedenini a\u00e7\u0131k \u015fekilde g\u00f6zler \u00f6n\u00fcne seriyor. Devletin resmi verilerine g\u00f6re Kas\u0131m ay\u0131 itibar\u0131yla <strong>2020 y\u0131l\u0131nda<\/strong><em> hayvan yemi, g\u00fcbre, bina ve ara\u00e7 gere\u00e7 bak\u0131m masraflar\u0131<\/em> gibi kalemlerde toplamda <strong>%15,35<\/strong>\u2019lik bir art\u0131\u015f ya\u015fand\u0131.<\/p>\n<p><strong>Trakt\u00f6r<\/strong> gibi <strong>tar\u0131msal \u00fcretimde<\/strong> kullan\u0131lan makinelerin bak\u0131m masraf\u0131 y\u0131l\u0131n<strong> 11 ay\u0131<\/strong>nda <strong>%36,69<\/strong>\u2019luk art\u0131\u015f g\u00f6sterdi. Ayn\u0131 d\u00f6nemde hayvan yeminde ya\u015fanan art\u0131\u015f<strong> %23,37<\/strong> d\u00fczeyinde, <strong>g\u00fcbredeki fiyat art\u0131\u015f\u0131<\/strong> <strong>%16,66<\/strong> d\u00fczeyinde oldu. Art\u0131\u015f\u0131n <strong>Aral\u0131k<\/strong> ve<strong> Ocak aylar\u0131nda<\/strong> da s\u00fcrd\u00fc\u011f\u00fc tahmin ediliyor. Bu art\u0131\u015flar do\u011frudan <strong>\u00e7ift\u00e7imizi, esnaf\u0131m\u0131z\u0131<\/strong> ve <strong>\u00fcreticimizi<\/strong> etkiliyor.\u201d<\/p>\n<h2><strong>\u201c\u00dcretimin maliyeti artarken \u00fcr\u00fcn\u00fcn fiyat\u0131 ayn\u0131 kalamaz\u201d<\/strong><\/h2>\n<p>Kopuz a\u00e7\u0131klamas\u0131nda girdi maliyetleri yan\u0131nda bir\u00e7ok ba\u015fka maliyetin de <span style=\"text-decoration: underline;\">oldu\u011funa de\u011findi:<\/span><\/p>\n<p>\u201cBunlar sadece <strong>girdi maliyetindeki art\u0131\u015flar<\/strong>. <strong>COVID-19 nedeniyle<\/strong> ya\u015fanan sat\u0131\u015f daralmas\u0131n\u0131n yaratt\u0131\u011f\u0131 finansman maliyeti ba\u015fta olmak \u00fczere; <strong>lojistik, depolama, i\u015f\u00e7ilik, enerji, ambalaj, da\u011f\u0131t\u0131m<\/strong> gibi kalemlerde ya\u015fanan art\u0131\u015flarla beraber; <strong>et, s\u00fct, ay\u00e7i\u00e7ek ya\u011f\u0131<\/strong> gibi temel g\u0131da \u00fcr\u00fcnlerinde toplam maliyet art\u0131\u015f\u0131 <strong>%30<\/strong>\u2019un bile \u00fczerine \u00e7\u0131kt\u0131.<\/p>\n<p>G\u0131da \u00fcretiminin maliyeti bu oranda artarken g\u0131da fiyatlar\u0131n\u0131n <strong>sabit kalmas\u0131n\u0131 beklemek<\/strong> yanl\u0131\u015f olur. Son d\u00f6nemde g\u0131da i\u015fletmelerine <strong>yap\u0131lan bask\u0131nlar bu sorunu \u00e7\u00f6zemez<\/strong>, sadece kamuoyunda olu\u015fan fahi\u015f fiyat ve haks\u0131z kazan\u00e7 alg\u0131s\u0131n\u0131 k\u00f6r\u00fckler, tar\u0131m ve g\u0131da sekt\u00f6r\u00fcne duyulan g\u00fcveni sarsar.\u201d<\/p>\n<h2><strong>\u201cG\u0131da fiyatlar\u0131nda art\u0131\u015f bu d\u00f6nemde d\u00fcnyan\u0131n sorunu\u201d<\/strong><\/h2>\n<p><strong>G\u0131da fiyatlar\u0131n\u0131n<\/strong> sadece \u00fclkemizde de\u011fil d\u00fcnyada da art\u0131\u015f g\u00f6sterdi\u011fini ifade eden Kopuz, F<strong>AO g\u0131da fiyatlar\u0131 endeksi<\/strong>nden <span style=\"text-decoration: underline;\">veriler de aktard\u0131:<\/span><\/p>\n<p>\u201c<strong>Birle\u015fmi\u015f Milletler G\u0131da<\/strong> ve<strong> Tar\u0131m \u00d6rg\u00fct\u00fc (FAO)<\/strong> g\u0131da fiyatlar\u0131 endeksi, ge\u00e7ti\u011fimiz y\u0131l May\u0131s-Aral\u0131k aylar\u0131 aras\u0131nda <strong>%18<\/strong> oran\u0131nda y\u00fckseldi. 5 temel g\u0131da fiyat\u0131n\u0131n ortalamas\u0131ndan olu\u015fan endeks Aral\u0131k ay\u0131nda \u00f6nceki y\u0131la oranla <strong>%6,4<\/strong> d\u00fczeyinde artt\u0131. En b\u00fcy\u00fck art\u0131\u015f <strong>%25,7<\/strong> ile bitkisel ya\u011flarda oldu. Bu durum hem d\u00fcnya \u00e7ap\u0131nda girdiler baz\u0131nda ya\u015fanan fiyat dalgalanmalar\u0131n\u0131n, hem iklim de\u011fi\u015fikli\u011finin, hem <strong>COVID-19 salg\u0131n\u0131n\u0131n<\/strong> ortak bir sonucudur.\u201d<\/p>\n<h2><strong>\u201cBask\u0131nlar vatanda\u015f\u0131 \u00e7ift\u00e7isine, esnaf\u0131na d\u00fc\u015fman ediyor\u201d<\/strong><\/h2>\n<p>TGDF Ba\u015fkan\u0131 <strong>\u015eemsi Kopuz<\/strong>, a\u00e7\u0131klamas\u0131n\u0131 daha \u00f6nce y\u00fcr\u00fct\u00fclen <strong>benzer uygulamalar\u0131n sonu\u00e7lar\u0131na<\/strong> dikkat <span style=\"text-decoration: underline;\">\u00e7ekerek sonland\u0131rd\u0131:<\/span><\/p>\n<p>\u201cMaliyetlerin d\u00fc\u015f\u00fcr\u00fclmesine y\u00f6nelik ad\u0131mlar at\u0131lmadan <strong>\u00fcreticiyi fiyat d\u00fc\u015f\u00fcrmeye<\/strong> zorlayan uygulamalar\u0131n <strong>uzun vadede fiyatlar\u0131<\/strong> olumsuz y\u00f6nde etkiledi\u011fi daha \u00f6nce de g\u00f6r\u00fcld\u00fc. Bask\u0131nlar sonras\u0131nda <strong>depolarda \u00fcr\u00fcn kalmad\u0131, fiyatlar y\u00fckseldi<\/strong>. Fiyat ithalatla dengelenmeye \u00e7al\u0131\u015f\u0131ld\u0131, \u00fcretim d\u00fc\u015ft\u00fc, fiyatlar daha da y\u00fckseldi.<\/p>\n<p>Bug\u00fcn bu konuda bir \u00e7\u00f6z\u00fcm aran\u0131yorsa, \u00f6ncelikle <strong>tar\u0131msal girdi maliyetlerinin d\u00fc\u015f\u00fcr\u00fclmesi<\/strong> y\u00f6n\u00fcnde ad\u0131mlar at\u0131lmal\u0131d\u0131r. Aksi takdirde bu uygulamalar<strong> vatanda\u015f\u0131 \u00e7ift\u00e7isine, esnaf\u0131na d\u00fc\u015fman etmekten<\/strong> ba\u015fka bir sonu\u00e7 do\u011furmaz. <strong>Temel g\u0131da \u00fcr\u00fcnlerinde<\/strong> rafa mal koyan i\u015fletmelerin \u00fczerindeki<strong> bask\u0131, g\u0131da zincirinde telafisi m\u00fcmk\u00fcn olmayan<\/strong> zararlar\u0131 da beraberinde getirir.\u201d<\/p>","protected":false},"excerpt":{"rendered":"<p>Sorry, this entry is only available in Turkish. For the sake of viewer convenience, the content is shown below in the alternative language. You may click the link to switch the active language. Son haftalarda g\u0131da fiyatlar\u0131nda ya\u015fanan belirgin art\u0131\u015flar \u00fclke g\u00fcndemine oturdu. T\u00fcketiciler tepkilerini sosyal medyaya ta\u015f\u0131rken, Ticaret Bakanl\u0131\u011f\u0131 da market, pazar ve toptanc\u0131 [&hellip;]<\/p>\n","protected":false},"author":1,"featured_media":128131,"comment_status":"open","ping_status":"open","sticky":false,"template":"","format":"standard","meta":[],"categories":[53],"tags":[85584,85586,85585,85583],"views":90,"_links":{"self":[{"href":"https:\/\/www.enerjigazetesi.ist\/en\/wp-json\/wp\/v2\/posts\/128129"}],"collection":[{"href":"https:\/\/www.enerjigazetesi.ist\/en\/wp-json\/wp\/v2\/posts"}],"about":[{"href":"https:\/\/www.enerjigazetesi.ist\/en\/wp-json\/wp\/v2\/types\/post"}],"author":[{"embeddable":true,"href":"https:\/\/www.enerjigazetesi.ist\/en\/wp-json\/wp\/v2\/users\/1"}],"replies":[{"embeddable":true,"href":"https:\/\/www.enerjigazetesi.ist\/en\/wp-json\/wp\/v2\/comments?post=128129"}],"version-history":[{"count":0,"href":"https:\/\/www.enerjigazetesi.ist\/en\/wp-json\/wp\/v2\/posts\/128129\/revisions"}],"wp:featuredmedia":[{"embeddable":true,"href":"https:\/\/www.enerjigazetesi.ist\/en\/wp-json\/wp\/v2\/media\/128131"}],"wp:attachment":[{"href":"https:\/\/www.enerjigazetesi.ist\/en\/wp-json\/wp\/v2\/media?parent=128129"}],"wp:term":[{"taxonomy":"category","embeddable":true,"href":"https:\/\/www.enerjigazetesi.ist\/en\/wp-json\/wp\/v2\/categories?post=128129"},{"taxonomy":"post_tag","embeddable":true,"href":"https:\/\/www.enerjigazetesi.ist\/en\/wp-json\/wp\/v2\/tags?post=128129"}],"curies":[{"name":"wp","href":"https:\/\/api.w.org\/{rel}","templated":true}]}}