{"id":128015,"date":"2021-01-27T10:08:18","date_gmt":"2021-01-27T07:08:18","guid":{"rendered":"https:\/\/www.enerjigazetesi.ist\/?p=128015"},"modified":"2021-01-27T10:18:51","modified_gmt":"2021-01-27T07:18:51","slug":"turekhome-2inci-oturumu-27-ocak-carsamba-gunu-duzenleniyor","status":"publish","type":"post","link":"https:\/\/www.enerjigazetesi.ist\/en\/turekhome-2inci-oturumu-27-ocak-carsamba-gunu-duzenleniyor\/","title":{"rendered":"(Turkish) T\u00dcREK@home&#8217;un 2&#8217;inci Oturumu 27 Ocak \u00c7ar\u015famba (Bug\u00fcn) D\u00fczenleniyor!"},"content":{"rendered":"<p class=\"qtranxs-available-languages-message qtranxs-available-languages-message-en\">Sorry, this entry is only available in <a href=\"https:\/\/www.enerjigazetesi.ist\/tr\/wp-json\/wp\/v2\/posts\/128015\" class=\"qtranxs-available-language-link qtranxs-available-language-link-tr\" title=\"Turkish\">Turkish<\/a>. For the sake of viewer convenience, the content is shown below in the alternative language. You may click the link to switch the active language.<\/p><p><\/p>\n<h1>T\u00fcrkiye R\u00fczgar Enerjisi Birli\u011fi T\u00dcREB taraf\u0131ndan d\u00fczenlenen \u201cT\u00dcREK@home\u201dun ikinci b\u00f6l\u00fcm\u00fc, zengin program\u0131 ile 27 Ocak 2021 \u00c7ar\u015famba (bug\u00fcn) d\u00fczenleniyor.<\/h1>\n<p><strong>T\u00dcREK@home 2&#8217;inci Oturumu: \u201cK\u00fcresel G\u00f6r\u00fcn\u00fcm: Yenilikler ve F\u0131rsatlar\u201d<\/strong> ad\u0131yla yap\u0131lacak oturumun moderat\u00f6rl\u00fc\u011f\u00fcn\u00fc WindEurope CEO\u2019su <strong>Giles Dickso<\/strong> \u00fcstlenecek. T\u00fcrkiye <strong>r\u00fczgar sekt\u00f6r\u00fc<\/strong>n\u00fcn <strong>do\u011frudan yabanc\u0131 yat\u0131r\u0131mc\u0131 \u00e7ekebilmesi<\/strong> i\u00e7in at\u0131lmas\u0131 gereken <strong>ad\u0131mlara odaklan\u0131lacak<\/strong> olan oturuma <strong>Enercon GmbH \u0130\u015f Geli\u015ftirme Ba\u015fkan\u0131 Dr. Marcus Orlowski; Nordex Acciona Windpower <img loading=\"lazy\" class=\"alignright wp-image-128017\" src=\"https:\/\/www.enerjigazetesi.ist\/wp-content\/uploads\/2021\/01\/turekhome-2inci-oturumu-27-ocak-carsamba-gunu-duzenleniyor.jpg\" alt=\"\" width=\"340\" height=\"195\" srcset=\"https:\/\/www.enerjigazetesi.ist\/wp-content\/uploads\/2021\/01\/turekhome-2inci-oturumu-27-ocak-carsamba-gunu-duzenleniyor.jpg 550w, https:\/\/www.enerjigazetesi.ist\/wp-content\/uploads\/2021\/01\/turekhome-2inci-oturumu-27-ocak-carsamba-gunu-duzenleniyor-300x172.jpg 300w, https:\/\/www.enerjigazetesi.ist\/wp-content\/uploads\/2021\/01\/turekhome-2inci-oturumu-27-ocak-carsamba-gunu-duzenleniyor-500x287.jpg 500w, https:\/\/www.enerjigazetesi.ist\/wp-content\/uploads\/2021\/01\/turekhome-2inci-oturumu-27-ocak-carsamba-gunu-duzenleniyor-80x46.jpg 80w\" sizes=\"(max-width: 340px) 100vw, 340px\" \/>CEO\u2019su Jose Luis Blanco Dieguez; Siemens Gamesa Renewable Energy Onshore CEO\u2019su Lars Bondo Krogsgaard,;Vestas MENA, MED, LATAM, MENA Bas\u0327kan\u0131 Javier Rodriguez Diez <\/strong>ve<strong> GE Orta Dog\u0306u, Kuzey Afrika ve Tu\u0308rkiye Bo\u0308lge CEO\u2019su Dr. Manar AI Moonef <\/strong>konu\u015fmac\u0131 olarak kat\u0131lacak.<\/p>\n<p><strong>Dijital Fuar:<\/strong> Ayn\u0131 g\u00fcn ger\u00e7ekle\u015ftirilecek <strong>dijital fuarda<\/strong> ise r\u00fczgar sekt\u00f6r\u00fcn\u00fcn \u00f6nde gelen <strong>34 \u015firketi<\/strong> \u00fcr\u00fcn ve hizmetlerini <strong>dijital stantlar\u0131ndan<\/strong> sunacak. <strong>Fuar s\u00fcresince<\/strong> kat\u0131lan firmalar\u0131n yetkilileri ile anl\u0131k<strong> yaz\u0131l\u0131<\/strong> ve <strong>g\u00f6r\u00fcnt\u00fcl\u00fc g\u00f6r\u00fc\u015fme<\/strong> yap\u0131labilecek.<\/p>\n<p><strong>T\u00dcREK@home<\/strong>\u2019un <strong>\u2018K\u00fcresel G\u00f6r\u00fcn\u00fcm: Yenilikler ve F\u0131rsatlar\u2019<\/strong> ba\u015fl\u0131kl\u0131 <strong>2&#8217;inci oturumu<\/strong>siz de\u011ferli kat\u0131l\u0131mc\u0131lar\u0131n\u0131 da bekliyor&#8230;<\/p>\n<p>L\u00fctfen a\u015fa\u011f\u0131da yer alan\u00a0<strong>linkten kay\u0131t i\u015flemini tamamlamay\u0131<\/strong> <span style=\"text-decoration: underline;\">unutmay\u0131n!<\/span><\/p>\n<p><strong>Saat 09:00 -18:00\u00a0 \u00a0 \u00a0 \u00a0 : <\/strong>Dijital Fuar<br \/>\n<strong>Saat 14:00 &#8211; 15:30\u00a0 \u00a0 \u00a0 \u00a0 : <\/strong>&#8220;K\u00fcresel G\u00f6r\u00fcn\u00fcm: Yenilikler ve F\u0131rsatlar&#8221; Paneli<strong><br \/>\nSaat 16:00 &#8211; 17:30\u00a0 \u00a0 \u00a0 \u00a0 : <\/strong>&#8220;R\u00fczgar T\u00fcrbini Kanatlar\u0131nda Kompozit ve Yerlilik&#8221; Semineri<\/p>\n<p><strong>Kay\u0131t \u0130\u00e7in\u00a0 \u00a0 \u00a0 \u00a0 \u00a0 \u00a0 \u00a0 \u00a0 \u00a0 \u00a0 \u00a0 \u00a0 :<\/strong> <a href=\"https:\/\/turek.org.tr\/signin.html\" target=\"_blank\" rel=\"nofollow noopener\">https:\/\/turek.org.tr\/signin.html<\/a><\/p>","protected":false},"excerpt":{"rendered":"<p>Sorry, this entry is only available in Turkish. For the sake of viewer convenience, the content is shown below in the alternative language. You may click the link to switch the active language. T\u00fcrkiye R\u00fczgar Enerjisi Birli\u011fi T\u00dcREB taraf\u0131ndan d\u00fczenlenen \u201cT\u00dcREK@home\u201dun ikinci b\u00f6l\u00fcm\u00fc, zengin program\u0131 ile 27 Ocak 2021 \u00c7ar\u015famba (bug\u00fcn) d\u00fczenleniyor. T\u00dcREK@home 2&#8217;inci Oturumu: [&hellip;]<\/p>\n","protected":false},"author":1,"featured_media":128017,"comment_status":"open","ping_status":"open","sticky":false,"template":"","format":"standard","meta":[],"categories":[51,53,50],"tags":[52259,85513,85512,35002,53282,56440,57125,54979,81614,85511,85510,82259],"views":108,"_links":{"self":[{"href":"https:\/\/www.enerjigazetesi.ist\/en\/wp-json\/wp\/v2\/posts\/128015"}],"collection":[{"href":"https:\/\/www.enerjigazetesi.ist\/en\/wp-json\/wp\/v2\/posts"}],"about":[{"href":"https:\/\/www.enerjigazetesi.ist\/en\/wp-json\/wp\/v2\/types\/post"}],"author":[{"embeddable":true,"href":"https:\/\/www.enerjigazetesi.ist\/en\/wp-json\/wp\/v2\/users\/1"}],"replies":[{"embeddable":true,"href":"https:\/\/www.enerjigazetesi.ist\/en\/wp-json\/wp\/v2\/comments?post=128015"}],"version-history":[{"count":0,"href":"https:\/\/www.enerjigazetesi.ist\/en\/wp-json\/wp\/v2\/posts\/128015\/revisions"}],"wp:featuredmedia":[{"embeddable":true,"href":"https:\/\/www.enerjigazetesi.ist\/en\/wp-json\/wp\/v2\/media\/128017"}],"wp:attachment":[{"href":"https:\/\/www.enerjigazetesi.ist\/en\/wp-json\/wp\/v2\/media?parent=128015"}],"wp:term":[{"taxonomy":"category","embeddable":true,"href":"https:\/\/www.enerjigazetesi.ist\/en\/wp-json\/wp\/v2\/categories?post=128015"},{"taxonomy":"post_tag","embeddable":true,"href":"https:\/\/www.enerjigazetesi.ist\/en\/wp-json\/wp\/v2\/tags?post=128015"}],"curies":[{"name":"wp","href":"https:\/\/api.w.org\/{rel}","templated":true}]}}