{"id":127975,"date":"2021-01-26T14:13:37","date_gmt":"2021-01-26T11:13:37","guid":{"rendered":"https:\/\/www.enerjigazetesi.ist\/?p=127975"},"modified":"2021-01-26T14:13:37","modified_gmt":"2021-01-26T11:13:37","slug":"cezeri-yesil-tek-mes-ve-tek-anadolu-lisesi-yesil-enerji-dergisi-yayimlandi","status":"publish","type":"post","link":"https:\/\/www.enerjigazetesi.ist\/en\/cezeri-yesil-tek-mes-ve-tek-anadolu-lisesi-yesil-enerji-dergisi-yayimlandi\/","title":{"rendered":"(Turkish) Cezeri Ye\u015fil Tek. Mes. ve Tek. Anadolu Lisesi &#8216;Ye\u015fil Enerji&#8217; Dergisi Yay\u0131mland\u0131!"},"content":{"rendered":"<p class=\"qtranxs-available-languages-message qtranxs-available-languages-message-en\">Sorry, this entry is only available in <a href=\"https:\/\/www.enerjigazetesi.ist\/tr\/wp-json\/wp\/v2\/posts\/127975\" class=\"qtranxs-available-language-link qtranxs-available-language-link-tr\" title=\"Turkish\">Turkish<\/a>. For the sake of viewer convenience, the content is shown below in the alternative language. You may click the link to switch the active language.<\/p><p><\/p>\n<h1><strong>G\u00dcNDER, Cezeri Ye\u015fil Teknoloji Mesleki ve Teknik Anadolu Lisesi \u0130dareci ve \u00f6\u011fretmenlerinin \u00e7al\u0131\u015fmalar\u0131yla haz\u0131rlanan \u201cYe\u015fil Enerji\u201d dergisi i\u00e7in duyuru payla\u015ft\u0131.<\/strong><\/h1>\n<h2><strong>G\u00dcNDER\u2019den yap\u0131lan a\u00e7\u0131klama ise <span style=\"text-decoration: underline;\">\u015f\u00f6yledir:<\/span><\/strong><\/h2>\n<p>Yay\u0131n hayat\u0131na <strong>13 Temmuz 2020<\/strong>\u2019de ba\u015flayan <strong>Ye\u015fil Enerji dergisi<\/strong>nin yeni say\u0131s\u0131 i\u00e7in haz\u0131rl\u0131klara ba\u015fland\u0131. <strong>T.C. Enerji ve Tabii Kaynaklar Bakan\u0131<\/strong> <em>Sn. Fatih D\u00d6NMEZ<\/em> ba\u015fta olmak \u00fczere, <strong>kamu, <img loading=\"lazy\" class=\"alignright wp-image-127978\" src=\"https:\/\/www.enerjigazetesi.ist\/wp-content\/uploads\/2021\/01\/cezeri-yesil-tek-mes-ve-tek-anadolu-lisesi-yesil-enerji-dergisi-yayimlandi.jpg\" alt=\"\" width=\"320\" height=\"180\" srcset=\"https:\/\/www.enerjigazetesi.ist\/wp-content\/uploads\/2021\/01\/cezeri-yesil-tek-mes-ve-tek-anadolu-lisesi-yesil-enerji-dergisi-yayimlandi.jpg 550w, https:\/\/www.enerjigazetesi.ist\/wp-content\/uploads\/2021\/01\/cezeri-yesil-tek-mes-ve-tek-anadolu-lisesi-yesil-enerji-dergisi-yayimlandi-300x169.jpg 300w, https:\/\/www.enerjigazetesi.ist\/wp-content\/uploads\/2021\/01\/cezeri-yesil-tek-mes-ve-tek-anadolu-lisesi-yesil-enerji-dergisi-yayimlandi-500x281.jpg 500w, https:\/\/www.enerjigazetesi.ist\/wp-content\/uploads\/2021\/01\/cezeri-yesil-tek-mes-ve-tek-anadolu-lisesi-yesil-enerji-dergisi-yayimlandi-80x45.jpg 80w\" sizes=\"(max-width: 320px) 100vw, 320px\" \/>\u00f6zel sekt\u00f6r, \u00fcniversite<\/strong> temsilcilerimize ula\u015ft\u0131r\u0131lmakta olan <strong>Ye\u015fil Enerji dergisi<\/strong>, sekt\u00f6r <strong>payda\u015flar\u0131n\u0131n ba\u011f\u0131\u015flar\u0131<\/strong> ile yay\u0131mlanacak.<\/p>\n<h2><strong>Dergide ilan yay\u0131nlamak ve Cezeri Ye\u015fil Teknoloji Mesleki ve Teknik Anadolu Lisesi \u00f6\u011frencilerine destek olmak isteyen \u00fcyelerimiz ayr\u0131nt\u0131l\u0131 bilgi i\u00e7in irtibata ge\u00e7ebilirler.<\/strong><\/h2>\n<p><strong>Tel:<\/strong> 0312 418 18 87<br \/>\n<strong>E-posta:<\/strong>\u00a0<a href=\"mailto:bilgi@gunder.org.tr\" target=\"_blank\" rel=\"nofollow noopener\">bilgi@gunder.org.tr<\/a><\/p>\n<p><strong>YE\u015e\u0130L ENERJ\u0130 dergisinin ilk say\u0131s\u0131na Ula\u015fmak \u0130\u00e7in <a href=\"http:\/\/cezeri.meb.k12.tr\/meb_iys_dosyalar\/06\/27\/763695\/dosyalar\/2020_07\/13075545_CEZERY_YEYYL_DERGY_PDF.pdf\" target=\"_blank\" rel=\"nofollow noopener\">TIKLAYIN&gt;&gt;&gt;<\/a><\/strong><\/p>\n<p>Sa\u011fl\u0131kl\u0131 ve G\u00fcne\u015fli G\u00fcnler Dile\u011fiyle,<br \/>\n<strong>G\u00dcNDER<\/strong><\/p>","protected":false},"excerpt":{"rendered":"<p>Sorry, this entry is only available in Turkish. For the sake of viewer convenience, the content is shown below in the alternative language. You may click the link to switch the active language. G\u00dcNDER, Cezeri Ye\u015fil Teknoloji Mesleki ve Teknik Anadolu Lisesi \u0130dareci ve \u00f6\u011fretmenlerinin \u00e7al\u0131\u015fmalar\u0131yla haz\u0131rlanan \u201cYe\u015fil Enerji\u201d dergisi i\u00e7in duyuru payla\u015ft\u0131. G\u00dcNDER\u2019den yap\u0131lan [&hellip;]<\/p>\n","protected":false},"author":1,"featured_media":127978,"comment_status":"open","ping_status":"open","sticky":false,"template":"","format":"standard","meta":[],"categories":[51,53],"tags":[49401,52259,53157,54706,57125,85469],"views":74,"_links":{"self":[{"href":"https:\/\/www.enerjigazetesi.ist\/en\/wp-json\/wp\/v2\/posts\/127975"}],"collection":[{"href":"https:\/\/www.enerjigazetesi.ist\/en\/wp-json\/wp\/v2\/posts"}],"about":[{"href":"https:\/\/www.enerjigazetesi.ist\/en\/wp-json\/wp\/v2\/types\/post"}],"author":[{"embeddable":true,"href":"https:\/\/www.enerjigazetesi.ist\/en\/wp-json\/wp\/v2\/users\/1"}],"replies":[{"embeddable":true,"href":"https:\/\/www.enerjigazetesi.ist\/en\/wp-json\/wp\/v2\/comments?post=127975"}],"version-history":[{"count":0,"href":"https:\/\/www.enerjigazetesi.ist\/en\/wp-json\/wp\/v2\/posts\/127975\/revisions"}],"wp:featuredmedia":[{"embeddable":true,"href":"https:\/\/www.enerjigazetesi.ist\/en\/wp-json\/wp\/v2\/media\/127978"}],"wp:attachment":[{"href":"https:\/\/www.enerjigazetesi.ist\/en\/wp-json\/wp\/v2\/media?parent=127975"}],"wp:term":[{"taxonomy":"category","embeddable":true,"href":"https:\/\/www.enerjigazetesi.ist\/en\/wp-json\/wp\/v2\/categories?post=127975"},{"taxonomy":"post_tag","embeddable":true,"href":"https:\/\/www.enerjigazetesi.ist\/en\/wp-json\/wp\/v2\/tags?post=127975"}],"curies":[{"name":"wp","href":"https:\/\/api.w.org\/{rel}","templated":true}]}}