{"id":127935,"date":"2021-01-25T18:22:45","date_gmt":"2021-01-25T15:22:45","guid":{"rendered":"https:\/\/www.enerjigazetesi.ist\/?p=127935"},"modified":"2021-01-25T18:23:13","modified_gmt":"2021-01-25T15:23:13","slug":"dumlupinar-ges-in-yapimi-olumsuz-hava-kosullarina-ragmen-suruyor","status":"publish","type":"post","link":"https:\/\/www.enerjigazetesi.ist\/en\/dumlupinar-ges-in-yapimi-olumsuz-hava-kosullarina-ragmen-suruyor\/","title":{"rendered":"(Turkish) &#8217;Dumlup\u0131nar GES&#8217;in Yap\u0131m\u0131 Olumsuz Hava Ko\u015fullar\u0131na Ra\u011fmen S\u00fcr\u00fcyor"},"content":{"rendered":"<p class=\"qtranxs-available-languages-message qtranxs-available-languages-message-en\">Sorry, this entry is only available in <a href=\"https:\/\/www.enerjigazetesi.ist\/tr\/wp-json\/wp\/v2\/posts\/127935\" class=\"qtranxs-available-language-link qtranxs-available-language-link-tr\" title=\"Turkish\">Turkish<\/a>. For the sake of viewer convenience, the content is shown below in the alternative language. You may click the link to switch the active language.<\/p><p><\/p>\n<h1><strong>K\u00fctahya\u2019n\u0131n Dumlup\u0131nar il\u00e7esinde, il\u00e7e ekonomisine katk\u0131 sa\u011flayacak olan GES projesinin yap\u0131m\u0131, olumsuz hava ko\u015fullar\u0131na <img loading=\"lazy\" class=\"alignright wp-image-127937\" src=\"https:\/\/www.enerjigazetesi.ist\/wp-content\/uploads\/2021\/01\/dumlupinar-ges-in-yapimi-olumsuz-hava-kosullarina-ragmen-suruyor.jpg\" alt=\"\" width=\"320\" height=\"212\" srcset=\"https:\/\/www.enerjigazetesi.ist\/wp-content\/uploads\/2021\/01\/dumlupinar-ges-in-yapimi-olumsuz-hava-kosullarina-ragmen-suruyor.jpg 620w, https:\/\/www.enerjigazetesi.ist\/wp-content\/uploads\/2021\/01\/dumlupinar-ges-in-yapimi-olumsuz-hava-kosullarina-ragmen-suruyor-300x198.jpg 300w, https:\/\/www.enerjigazetesi.ist\/wp-content\/uploads\/2021\/01\/dumlupinar-ges-in-yapimi-olumsuz-hava-kosullarina-ragmen-suruyor-500x331.jpg 500w, https:\/\/www.enerjigazetesi.ist\/wp-content\/uploads\/2021\/01\/dumlupinar-ges-in-yapimi-olumsuz-hava-kosullarina-ragmen-suruyor-76x50.jpg 76w, https:\/\/www.enerjigazetesi.ist\/wp-content\/uploads\/2021\/01\/dumlupinar-ges-in-yapimi-olumsuz-hava-kosullarina-ragmen-suruyor-450x300.jpg 450w\" sizes=\"(max-width: 320px) 100vw, 320px\" \/>ra\u011fmen aral\u0131ks\u0131z s\u00fcr\u00fcyor.<\/strong><\/h1>\n<p>Yap\u0131lan a\u00e7\u0131klamada, <strong>G\u00fcne\u015f Enerji Santrali yap\u0131m i\u015fi<\/strong> \u00e7al\u0131\u015fmalar\u0131,<strong> olumsuz k\u0131\u015f \u015fartlar\u0131na<\/strong> ra\u011fmen aral\u0131ks\u0131z s\u00fcr\u00fcyor. \u0130l\u00e7e ekonomisine de katk\u0131 sa\u011flayacak\u00a0bu ges yat\u0131r\u0131m\u0131, k\u0131sa s\u00fcre i\u00e7erisinde tamamlanarak\u00a0<strong>faaliyete<\/strong> ge\u00e7ecektir.<\/p>\n<p><strong>200 KW g\u00fcc\u00fcne sahip olan GES,<\/strong> \u00f6zel bir \u015firketle yap\u0131lan s\u00f6zle\u015fme kapsam\u0131nda <strong>\u0130ller Bankas\u0131 deste\u011fi<\/strong> ile hayat bulurken <strong>g\u00fcne\u015f santralinin yap\u0131m\u0131<\/strong>n\u0131n\u00a0<strong>15-20 g\u00fcn<\/strong> i\u00e7erisinde tamamlanarak faaliyete ge\u00e7mesi de planlan\u0131yor.<\/p>","protected":false},"excerpt":{"rendered":"<p>Sorry, this entry is only available in Turkish. For the sake of viewer convenience, the content is shown below in the alternative language. You may click the link to switch the active language. K\u00fctahya\u2019n\u0131n Dumlup\u0131nar il\u00e7esinde, il\u00e7e ekonomisine katk\u0131 sa\u011flayacak olan GES projesinin yap\u0131m\u0131, olumsuz hava ko\u015fullar\u0131na ra\u011fmen aral\u0131ks\u0131z s\u00fcr\u00fcyor. Yap\u0131lan a\u00e7\u0131klamada, G\u00fcne\u015f Enerji Santrali [&hellip;]<\/p>\n","protected":false},"author":1,"featured_media":127937,"comment_status":"open","ping_status":"open","sticky":false,"template":"","format":"standard","meta":[],"categories":[51,53,49],"tags":[52259,30510,85445,53157,85447,85444,85446],"views":91,"_links":{"self":[{"href":"https:\/\/www.enerjigazetesi.ist\/en\/wp-json\/wp\/v2\/posts\/127935"}],"collection":[{"href":"https:\/\/www.enerjigazetesi.ist\/en\/wp-json\/wp\/v2\/posts"}],"about":[{"href":"https:\/\/www.enerjigazetesi.ist\/en\/wp-json\/wp\/v2\/types\/post"}],"author":[{"embeddable":true,"href":"https:\/\/www.enerjigazetesi.ist\/en\/wp-json\/wp\/v2\/users\/1"}],"replies":[{"embeddable":true,"href":"https:\/\/www.enerjigazetesi.ist\/en\/wp-json\/wp\/v2\/comments?post=127935"}],"version-history":[{"count":0,"href":"https:\/\/www.enerjigazetesi.ist\/en\/wp-json\/wp\/v2\/posts\/127935\/revisions"}],"wp:featuredmedia":[{"embeddable":true,"href":"https:\/\/www.enerjigazetesi.ist\/en\/wp-json\/wp\/v2\/media\/127937"}],"wp:attachment":[{"href":"https:\/\/www.enerjigazetesi.ist\/en\/wp-json\/wp\/v2\/media?parent=127935"}],"wp:term":[{"taxonomy":"category","embeddable":true,"href":"https:\/\/www.enerjigazetesi.ist\/en\/wp-json\/wp\/v2\/categories?post=127935"},{"taxonomy":"post_tag","embeddable":true,"href":"https:\/\/www.enerjigazetesi.ist\/en\/wp-json\/wp\/v2\/tags?post=127935"}],"curies":[{"name":"wp","href":"https:\/\/api.w.org\/{rel}","templated":true}]}}