{"id":12790,"date":"2013-07-07T20:58:35","date_gmt":"2013-07-07T17:58:35","guid":{"rendered":"https:\/\/www.enerjigazetesi.ist\/?p=12790"},"modified":"2013-07-07T20:58:35","modified_gmt":"2013-07-07T17:58:35","slug":"dogalgaz-kaynaklarina-dair-calisma-yapilacak","status":"publish","type":"post","link":"https:\/\/www.enerjigazetesi.ist\/en\/dogalgaz-kaynaklarina-dair-calisma-yapilacak\/","title":{"rendered":"(Turkish) Do\u011falgaz Kaynaklar\u0131na Dair \u00c7al\u0131\u015fma Yap\u0131lacak"},"content":{"rendered":"<p class=\"qtranxs-available-languages-message qtranxs-available-languages-message-en\">Sorry, this entry is only available in <a href=\"https:\/\/www.enerjigazetesi.ist\/tr\/wp-json\/wp\/v2\/posts\/12790\" class=\"qtranxs-available-language-link qtranxs-available-language-link-tr\" title=\"Turkish\">Turkish<\/a>. For the sake of viewer convenience, the content is shown below in the alternative language. You may click the link to switch the active language.<\/p><p><strong>Enerji ve Tabii Kaynaklar Bakan\u0131 Taner Y\u0131ld\u0131z,\u00a0 kaya gaz\u0131na ili\u015fkin incelemede bulunmak \u00fczere bu ay i\u00e7erisinde Kanada ve ABD&#8217;ye heyet g\u00f6ndereceklerini bildirdi.<\/strong><\/p>\n<p>Y\u0131ld\u0131z, T\u00fcrkiye Do\u011falgaz Da\u011f\u0131t\u0131c\u0131lar\u0131 Birli\u011fi Derne\u011fi (GAZB\u0130R)\u00a0 Y\u00f6netim Kurulu Ba\u015fkan ve \u00fcyelerini Bakanl\u0131kta kabul\u00fc s\u0131ras\u0131nda bas\u0131n mensuplar\u0131n\u0131n sorular\u0131n\u0131 yan\u0131tlad\u0131.<\/p>\n<p>&#8220;BBC&#8217;de yay\u0131nlanan bir raporda T\u00fcrkiye&#8217;nin kaya gaz\u0131 \u00fcretimine 2020 \u00f6ncesinde ba\u015flamas\u0131n\u0131n m\u00fcmk\u00fcn olmad\u0131\u011f\u0131&#8221; y\u00f6n\u00fcndeki haberin hat\u0131rlat\u0131lmas\u0131 \u00fczerine Y\u0131ld\u0131z, \u015funlar\u0131 s\u00f6yledi:<\/p>\n<p><a href=\"https:\/\/www.enerjigazetesi.ist\/wp-content\/uploads\/2013\/05\/taner-yildiz-gundemi-571-505x351.jpg\"><img loading=\"lazy\" class=\"alignleft size-medium wp-image-10584\" title=\"taner-yildiz-gundemi-571-505x351\" src=\"https:\/\/www.enerjigazetesi.ist\/wp-content\/uploads\/2013\/05\/taner-yildiz-gundemi-571-505x351-300x208.jpg\" alt=\"\" width=\"300\" height=\"208\" srcset=\"https:\/\/www.enerjigazetesi.ist\/wp-content\/uploads\/2013\/05\/taner-yildiz-gundemi-571-505x351-300x208.jpg 300w, https:\/\/www.enerjigazetesi.ist\/wp-content\/uploads\/2013\/05\/taner-yildiz-gundemi-571-505x351-500x347.jpg 500w, https:\/\/www.enerjigazetesi.ist\/wp-content\/uploads\/2013\/05\/taner-yildiz-gundemi-571-505x351-71x50.jpg 71w, https:\/\/www.enerjigazetesi.ist\/wp-content\/uploads\/2013\/05\/taner-yildiz-gundemi-571-505x351.jpg 505w\" sizes=\"(max-width: 300px) 100vw, 300px\" \/><\/a>&#8220;Uluslararas\u0131 Enerji Ajans\u0131n\u0131n analizlerine dayal\u0131 ve BBC&#8217;nin aktard\u0131\u011f\u0131 bir analizdir bu. Enerji sekt\u00f6r\u00fcndeki yap\u0131lan yat\u0131r\u0131mlar, ald\u0131\u011f\u0131n\u0131z karar\u0131n 3, 5, 15 y\u0131l sonra uygulanabildi\u011fi, uluslararas\u0131 sermaye ile beraber yap\u0131labilen b\u00fcy\u00fck yat\u0131r\u0131mlar. Bunun geli\u015ftirilebilmesiyle alakal\u0131 d\u00fcnya hen\u00fcz \u00e7ok bakir. ABD&#8217;de \u00fcretilen kaya gaz\u0131n\u0131n ve di\u011fer teknolojik \u00fcr\u00fcnlerin asl\u0131nda o \u00fclkenin haricindekilerin, bu tarihten daha \u00f6nce \u00fcretemeyeceklerine dair rapor var. Bu sadece T\u00fcrkiye i\u00e7in haz\u0131rlanm\u0131\u015f bir rapor de\u011fil, di\u011fer \u00fclkeler i\u00e7in de ge\u00e7erli.&#8221;<\/p>\n<p>Bakan Y\u0131ld\u0131z, raporda 650-680 milyar metre k\u00fcp civar\u0131nda bir do\u011falgaz rezervinden s\u00f6z edildi\u011fini belirterek,\u00a0 bunun ancak sondaj ve rezerv \u00e7al\u0131\u015fmalar\u0131 tamamland\u0131ktan sonra kesinle\u015febilece\u011fini s\u00f6yledi. S\u00f6z konusu raporda T\u00fcrkiye&#8217;nin 15 y\u0131ll\u0131k ihtiyac\u0131n\u0131 kar\u015f\u0131layacak bir do\u011falgaz rezervinden bahsedildi\u011fini de an\u0131msatan Y\u0131ld\u0131z, bu konularda ihtiyatl\u0131 davranarak kesinle\u015fmemi\u015f verileri kamuoyuyla payla\u015fmad\u0131klar\u0131n\u0131 vurgulad\u0131.<br \/>\nY\u0131ld\u0131z, \u015f\u00f6yle devam etti:<\/p>\n<p>&#8220;(Kaya gaz\u0131) 2023 y\u0131l\u0131 hedeflerimiz aras\u0131nda \u00e7evre ko\u015fullar\u0131nda geli\u015fmesi ve bununla alakal\u0131 takibi i\u00e7in de bir inceleme heyeti g\u00f6nderiyoruz. Hem Kanada hem de ABD&#8217;de bu ay bunun nas\u0131l \u00e7\u0131kart\u0131ld\u0131\u011f\u0131na ve teknolojik geli\u015fimlere dair, \u00e7evre ko\u015fullar\u0131na uygun nas\u0131l\u00a0 yap\u0131labildi\u011fine dair bir \u00e7al\u0131\u015fma yapacak arkada\u015flar\u0131m\u0131z. Raporlar\u0131n\u0131 bizimle payla\u015facaklar. Biz de ondan sonra kamuoyuyla payla\u015faca\u011f\u0131z. \u0130leriye d\u00f6n\u00fck T\u00fcrkiye&#8217;nin do\u011falgaz kaynaklar\u0131na dair bir \u00e7al\u0131\u015fma olacak.&#8221;<\/p>\n<p>Kaynak: <a href=\"http:\/\/www.energyworld.com.tr\/root.vol?title=-quotdogalgaz-kaynaklarina-dair-calisma-yapilacak-quot&amp;exec=page&amp;nid=552030\" target=\"_blank\">Energy World<\/a><\/p>","protected":false},"excerpt":{"rendered":"<p>Sorry, this entry is only available in Turkish. For the sake of viewer convenience, the content is shown below in the alternative language. You may click the link to switch the active language.Enerji ve Tabii Kaynaklar Bakan\u0131 Taner Y\u0131ld\u0131z,\u00a0 kaya gaz\u0131na ili\u015fkin incelemede bulunmak \u00fczere bu ay i\u00e7erisinde Kanada ve ABD&#8217;ye heyet g\u00f6ndereceklerini bildirdi. Y\u0131ld\u0131z, [&hellip;]<\/p>\n","protected":false},"author":1,"featured_media":10584,"comment_status":"open","ping_status":"open","sticky":false,"template":"","format":"standard","meta":[],"categories":[46,53],"tags":[710,92,63,67,165,6466,168,667,6465],"views":517,"_links":{"self":[{"href":"https:\/\/www.enerjigazetesi.ist\/en\/wp-json\/wp\/v2\/posts\/12790"}],"collection":[{"href":"https:\/\/www.enerjigazetesi.ist\/en\/wp-json\/wp\/v2\/posts"}],"about":[{"href":"https:\/\/www.enerjigazetesi.ist\/en\/wp-json\/wp\/v2\/types\/post"}],"author":[{"embeddable":true,"href":"https:\/\/www.enerjigazetesi.ist\/en\/wp-json\/wp\/v2\/users\/1"}],"replies":[{"embeddable":true,"href":"https:\/\/www.enerjigazetesi.ist\/en\/wp-json\/wp\/v2\/comments?post=12790"}],"version-history":[{"count":1,"href":"https:\/\/www.enerjigazetesi.ist\/en\/wp-json\/wp\/v2\/posts\/12790\/revisions"}],"predecessor-version":[{"id":12791,"href":"https:\/\/www.enerjigazetesi.ist\/en\/wp-json\/wp\/v2\/posts\/12790\/revisions\/12791"}],"wp:featuredmedia":[{"embeddable":true,"href":"https:\/\/www.enerjigazetesi.ist\/en\/wp-json\/wp\/v2\/media\/10584"}],"wp:attachment":[{"href":"https:\/\/www.enerjigazetesi.ist\/en\/wp-json\/wp\/v2\/media?parent=12790"}],"wp:term":[{"taxonomy":"category","embeddable":true,"href":"https:\/\/www.enerjigazetesi.ist\/en\/wp-json\/wp\/v2\/categories?post=12790"},{"taxonomy":"post_tag","embeddable":true,"href":"https:\/\/www.enerjigazetesi.ist\/en\/wp-json\/wp\/v2\/tags?post=12790"}],"curies":[{"name":"wp","href":"https:\/\/api.w.org\/{rel}","templated":true}]}}