{"id":127761,"date":"2021-01-23T21:19:11","date_gmt":"2021-01-23T18:19:11","guid":{"rendered":"https:\/\/www.enerjigazetesi.ist\/?p=127761"},"modified":"2021-01-23T21:20:45","modified_gmt":"2021-01-23T18:20:45","slug":"koc-holding-ceo-su-levent-cakirogluna-b20-de-onemli-gorev","status":"publish","type":"post","link":"https:\/\/www.enerjigazetesi.ist\/en\/koc-holding-ceo-su-levent-cakirogluna-b20-de-onemli-gorev\/","title":{"rendered":"(Turkish) Ko\u00e7 Holding CEO\u2019su Levent \u00c7ak\u0131ro\u011flu\u2019na B20\u2019de \u00d6nemli G\u00f6rev"},"content":{"rendered":"<p class=\"qtranxs-available-languages-message qtranxs-available-languages-message-en\">Sorry, this entry is only available in <a href=\"https:\/\/www.enerjigazetesi.ist\/tr\/wp-json\/wp\/v2\/posts\/127761\" class=\"qtranxs-available-language-link qtranxs-available-language-link-tr\" title=\"Turkish\">Turkish<\/a>. For the sake of viewer convenience, the content is shown below in the alternative language. You may click the link to switch the active language.<\/p><p><\/p>\n<h1><strong>G20 \u00fclkelerinin \u00f6nde gelen i\u015f d\u00fcnyas\u0131 kuru\u015flar\u0131n\u0131 ve sanayi \u00f6rg\u00fctlerini bir araya getiren B20, \u0130talya D\u00f6nem Ba\u015fkanl\u0131\u011f\u0131\u2019ndaki ilk toplant\u0131s\u0131n\u0131 21-22 Ocak 2021 tarihlerinde ger\u00e7ekle\u015ftirdi. B20\u2019nin Ticaret ve Yat\u0131r\u0131m G\u00f6rev G\u00fcc\u00fc E\u015f Ba\u015fkanl\u0131\u011f\u0131\u2019n\u0131 \u00fcstlenen Ko\u00e7 Holding CEO\u2019su Levent \u00c7ak\u0131ro\u011flu, 29 \u00fclkedeki 22 sekt\u00f6r\u00fc kapsayan bu \u00f6nemli g\u00f6rev g\u00fcc\u00fcne e\u015f ba\u015fkanl\u0131k etmekten ve \u00dclkemizi bu g\u00f6rev g\u00fcc\u00fcnde temsil etmekten gurur duydu\u011funu belirtti. <\/strong><\/h1>\n<h2><strong>Toplant\u0131lar\u0131n 2&#8217;inci g\u00fcn\u00fcnde B20 \u00fcyelerine seslenen Ko\u00e7 Holding CEO\u2019su Levent \u00c7ak\u0131ro\u011flu, \u201c\u0130\u00e7inde oldu\u011fumuz d\u00f6nemin zorluklar\u0131 da dikkate al\u0131nd\u0131\u011f\u0131nda, B20\u2019nin \u0130talya <img loading=\"lazy\" class=\"alignright wp-image-127763\" src=\"https:\/\/www.enerjigazetesi.ist\/wp-content\/uploads\/2021\/01\/koc-holding-ceo-su-levent-cakirogluna-b20-de-onemli-gorev-1.jpg\" alt=\"\" width=\"320\" height=\"318\" srcset=\"https:\/\/www.enerjigazetesi.ist\/wp-content\/uploads\/2021\/01\/koc-holding-ceo-su-levent-cakirogluna-b20-de-onemli-gorev-1.jpg 550w, https:\/\/www.enerjigazetesi.ist\/wp-content\/uploads\/2021\/01\/koc-holding-ceo-su-levent-cakirogluna-b20-de-onemli-gorev-1-150x150.jpg 150w, https:\/\/www.enerjigazetesi.ist\/wp-content\/uploads\/2021\/01\/koc-holding-ceo-su-levent-cakirogluna-b20-de-onemli-gorev-1-300x298.jpg 300w, https:\/\/www.enerjigazetesi.ist\/wp-content\/uploads\/2021\/01\/koc-holding-ceo-su-levent-cakirogluna-b20-de-onemli-gorev-1-402x400.jpg 402w, https:\/\/www.enerjigazetesi.ist\/wp-content\/uploads\/2021\/01\/koc-holding-ceo-su-levent-cakirogluna-b20-de-onemli-gorev-1-50x50.jpg 50w, https:\/\/www.enerjigazetesi.ist\/wp-content\/uploads\/2021\/01\/koc-holding-ceo-su-levent-cakirogluna-b20-de-onemli-gorev-1-100x100.jpg 100w, https:\/\/www.enerjigazetesi.ist\/wp-content\/uploads\/2021\/01\/koc-holding-ceo-su-levent-cakirogluna-b20-de-onemli-gorev-1-500x497.jpg 500w\" sizes=\"(max-width: 320px) 100vw, 320px\" \/>D\u00f6nem Ba\u015fkanl\u0131\u011f\u0131\u2019nda \u00e7ok \u00f6nemli bir g\u00f6rev \u00fcstlenece\u011fine inan\u0131yorum. Her ge\u00e7en g\u00fcn \u00e7\u00f6z\u00fcm\u00fc zorla\u015fan k\u00fcresel sorunlar\u0131n \u00fcstesinden gelmek i\u00e7in, h\u00fck\u00fcmetlerden i\u015f d\u00fcnyas\u0131na kadar t\u00fcm payda\u015flar\u0131n bu isti\u015fare s\u00fcrecini daha ciddiye almas\u0131 gerekiyor. Bu \u00e7er\u00e7evede, y\u0131l boyunca \u00fczerinde \u00e7al\u0131\u015faca\u011f\u0131m\u0131z konulardaki tavsiyelerimizin ne \u00f6l\u00e7\u00fcde hayata ge\u00e7ece\u011finin izlenmesini sa\u011flayacak, \u00f6n\u00fcm\u00fczdeki y\u0131llarda ayn\u0131 gayretlerin tekrar\u0131na de\u011fil g\u00fc\u00e7lendirilmesine yard\u0131mc\u0131 olacak, daha sa\u011flam ve kurumsal bir takip mekanizmas\u0131n\u0131n tesis edilmesi gerekti\u011fini d\u00fc\u015f\u00fcn\u00fcyorum. \u0130talya D\u00f6nem Ba\u015fkanl\u0131\u011f\u0131\u2019n\u0131n b\u00f6yle bir amaca hizmet edebilmesini umar\u0131m\u201d dedi.<\/strong><\/h2>\n<p>D\u00fcnyan\u0131n <strong>en b\u00fcy\u00fck 20 ekonomisini<\/strong> temsil eden<strong> G20 olu\u015fumunun \u00e7at\u0131s\u0131<\/strong> alt\u0131nda \u00f6zel sekt\u00f6r\u00fcn rol\u00fcn\u00fc yans\u0131tmak i\u00e7in <strong>global i\u015f liderlerini<\/strong> bir araya getiren <strong>B20<\/strong>, <strong>\u0130talya D\u00f6nem Ba\u015fkanl\u0131\u011f\u0131<\/strong>\u2019ndaki ilk toplant\u0131s\u0131n\u0131 <strong>21 \u2013 22 Ocak 2021 tarihlerinde<\/strong> d\u00fczenledi. Ko\u00e7 Holding CEO\u2019su <strong>Levent \u00c7ak\u0131ro\u011flu<\/strong>, <strong>B20<\/strong>\u2019nin <strong>Ticaret ve Yat\u0131r\u0131m G\u00f6rev G\u00fcc\u00fc E\u015f Ba\u015fkanl\u0131\u011f\u0131<\/strong>\u2019n\u0131 \u00fcstlenerek, \u00fclkemizin G20 d\u00f6nem ba\u015fkanl\u0131\u011f\u0131n\u0131 y\u00fcr\u00fctt\u00fc\u011f\u00fc <strong>2015 y\u0131l\u0131ndan<\/strong> sonra <strong>B20 g\u00f6rev g\u00fc\u00e7lerinde<\/strong> bir <strong>T\u00fcrk \u015firketi<\/strong> ad\u0131na e\u015f ba\u015fkan olarak g\u00f6rev alan ilk temsilci oldu.<\/p>\n<p><strong>B20 \u00fclkeleri<\/strong>, d\u00fcnya ekonomisinin gayri safi yurt i\u00e7i has\u0131las\u0131n\u0131n <strong>% 85<\/strong>\u2019ini olu\u015ftururken, global ticaretin <strong>% 75<\/strong>\u2019ine katk\u0131da bulunuyorlar. <strong>B20 Ticaret ve Yat\u0131r\u0131m G\u00f6rev G\u00fcc\u00fc \u00fcyeleri<\/strong>ni ise toplamda <strong>29<\/strong> \u00fclkedeki <strong>22<\/strong> sekt\u00f6rde faaliyet g\u00f6steren<strong> 115 \u00fcst d\u00fczey<\/strong> y\u00f6netici temsil ediyor. \u00dcyelerin mensup oldu\u011fu kurumlar <strong>4.5 milyondan fazla<\/strong> ki\u015fiye istihdam sa\u011flayarak, y\u0131ll\u0131k <strong>400 milyar Euro<\/strong>\u2019nun \u00fczerinde ciro kaydediyorlar.<\/p>\n<p>Ger\u00e7ekle\u015fen toplant\u0131lar kapsam\u0131nda d\u00fcnya ekonomisinin <strong>pandemi sonras\u0131nda<\/strong> <strong>toparlanma s\u00fcreci<\/strong>, <strong>s\u00fcrd\u00fcr\u00fclebilir kalk\u0131nma<\/strong>,<strong> k\u00fcresel y\u00f6neti\u015fimi<\/strong> daha <strong>etkin h\u00e2le getirmek<\/strong> gibi \u00f6nemli konular ele al\u0131nd\u0131.<\/p>\n<p><strong>B20<\/strong>\u2019nin <strong>Ticaret ve Yat\u0131r\u0131m G\u00f6rev G\u00fcc\u00fc E\u015f Ba\u015fkanl\u0131\u011f\u0131<\/strong>\u2019n\u0131 \u00fcstlenen Ko\u00e7 Holding CEO\u2019su <strong>Levent \u00c7ak\u0131ro\u011flu<\/strong>, toplant\u0131n\u0131n <strong>2&#8217;inci g\u00fcn\u00fcnde<\/strong> yapt\u0131\u011f\u0131 konu\u015fmada,<em> \u201c\u0130\u00e7inde oldu\u011fumuz d\u00f6nemin zorluklar\u0131 da dikkate al\u0131nd\u0131\u011f\u0131nda, <strong>B20\u2019<\/strong>nin <strong>\u0130talya D\u00f6nem Ba\u015fkanl\u0131\u011f\u0131<\/strong>\u2019nda \u00e7ok \u00f6nemli bir g\u00f6rev \u00fcstlenece\u011fine inan\u0131yorum. Her ge\u00e7en g\u00fcn \u00e7\u00f6z\u00fcm\u00fc zorla\u015fan <strong>k\u00fcresel sorunlar\u0131n \u00fcstesinden<\/strong> gelmek i\u00e7in, <strong>h\u00fck\u00fcmetlerden i\u015f d\u00fcnyas\u0131na<\/strong> kadar t\u00fcm payda\u015flar\u0131n bu isti\u015fare s\u00fcrecini daha ciddiye almas\u0131 gerekiyor. Bu \u00e7er\u00e7evede, y\u0131l boyunca \u00fczerinde \u00e7al\u0131\u015faca\u011f\u0131m\u0131z konulardaki tavsiyelerimizin ne \u00f6l\u00e7\u00fcde hayata ge\u00e7ece\u011finin izlenmesini sa\u011flayacak, <strong>\u00f6n\u00fcm\u00fczdeki y\u0131llarda<\/strong> ayn\u0131 gayretlerin tekrar\u0131na de\u011fil g\u00fc\u00e7lendirilmesine yard\u0131mc\u0131 olacak, <strong>daha sa\u011flam<\/strong> ve<strong> kurumsal<\/strong> bir takip mekanizmas\u0131n\u0131n <strong>tesis edilmesi gerekti\u011fini<\/strong> d\u00fc\u015f\u00fcn\u00fcyorum.<strong> \u0130talya D\u00f6nem Ba\u015fkanl\u0131\u011f\u0131<\/strong>\u2019n\u0131n b\u00f6yle bir amaca hizmet edebilmesini umar\u0131m\u201d<\/em> dedi.<\/p>","protected":false},"excerpt":{"rendered":"<p>Sorry, this entry is only available in Turkish. For the sake of viewer convenience, the content is shown below in the alternative language. You may click the link to switch the active language. G20 \u00fclkelerinin \u00f6nde gelen i\u015f d\u00fcnyas\u0131 kuru\u015flar\u0131n\u0131 ve sanayi \u00f6rg\u00fctlerini bir araya getiren B20, \u0130talya D\u00f6nem Ba\u015fkanl\u0131\u011f\u0131\u2019ndaki ilk toplant\u0131s\u0131n\u0131 21-22 Ocak 2021 [&hellip;]<\/p>\n","protected":false},"author":1,"featured_media":127764,"comment_status":"open","ping_status":"open","sticky":false,"template":"","format":"standard","meta":[],"categories":[53],"tags":[85294,85297,85295,52259,85296,82236,77681,1611,85293],"views":154,"_links":{"self":[{"href":"https:\/\/www.enerjigazetesi.ist\/en\/wp-json\/wp\/v2\/posts\/127761"}],"collection":[{"href":"https:\/\/www.enerjigazetesi.ist\/en\/wp-json\/wp\/v2\/posts"}],"about":[{"href":"https:\/\/www.enerjigazetesi.ist\/en\/wp-json\/wp\/v2\/types\/post"}],"author":[{"embeddable":true,"href":"https:\/\/www.enerjigazetesi.ist\/en\/wp-json\/wp\/v2\/users\/1"}],"replies":[{"embeddable":true,"href":"https:\/\/www.enerjigazetesi.ist\/en\/wp-json\/wp\/v2\/comments?post=127761"}],"version-history":[{"count":0,"href":"https:\/\/www.enerjigazetesi.ist\/en\/wp-json\/wp\/v2\/posts\/127761\/revisions"}],"wp:featuredmedia":[{"embeddable":true,"href":"https:\/\/www.enerjigazetesi.ist\/en\/wp-json\/wp\/v2\/media\/127764"}],"wp:attachment":[{"href":"https:\/\/www.enerjigazetesi.ist\/en\/wp-json\/wp\/v2\/media?parent=127761"}],"wp:term":[{"taxonomy":"category","embeddable":true,"href":"https:\/\/www.enerjigazetesi.ist\/en\/wp-json\/wp\/v2\/categories?post=127761"},{"taxonomy":"post_tag","embeddable":true,"href":"https:\/\/www.enerjigazetesi.ist\/en\/wp-json\/wp\/v2\/tags?post=127761"}],"curies":[{"name":"wp","href":"https:\/\/api.w.org\/{rel}","templated":true}]}}