{"id":127528,"date":"2021-01-20T13:15:05","date_gmt":"2021-01-20T10:15:05","guid":{"rendered":"https:\/\/www.enerjigazetesi.ist\/?p=127528"},"modified":"2021-01-20T13:15:05","modified_gmt":"2021-01-20T10:15:05","slug":"cin-ile-ticaretin-egitim-merkezi-hayata-geciriliyor","status":"publish","type":"post","link":"https:\/\/www.enerjigazetesi.ist\/en\/cin-ile-ticaretin-egitim-merkezi-hayata-geciriliyor\/","title":{"rendered":"(Turkish) \u00c7in ile Ticaretin E\u011fitim Merkezi Hayata Ge\u00e7iriliyor!"},"content":{"rendered":"<p class=\"qtranxs-available-languages-message qtranxs-available-languages-message-en\">Sorry, this entry is only available in <a href=\"https:\/\/www.enerjigazetesi.ist\/tr\/wp-json\/wp\/v2\/posts\/127528\" class=\"qtranxs-available-language-link qtranxs-available-language-link-tr\" title=\"Turkish\">Turkish<\/a>. For the sake of viewer convenience, the content is shown below in the alternative language. You may click the link to switch the active language.<\/p><p><\/p>\n<h1><strong>\u00c7\u0130N \u0130LE T\u0130CARET\u0130N E\u011e\u0130T\u0130M MERKEZ\u0130 A\u00c7ILIYOR<\/strong><\/h1>\n<p>D\u00fcnyan\u0131n en b\u00fcy\u00fck \u00fcreticisi ve ayn\u0131 zamanda pazar\u0131 konumundaki <strong>\u00c7in<\/strong> ile <strong>ticaret yapmak<\/strong> isteyen <img loading=\"lazy\" class=\"alignright wp-image-127532\" src=\"https:\/\/www.enerjigazetesi.ist\/wp-content\/uploads\/2021\/01\/cin-ile-ticaretin-egitim-merkezi-hayata-geciriliyor-2.jpg\" alt=\"\" width=\"320\" height=\"201\" srcset=\"https:\/\/www.enerjigazetesi.ist\/wp-content\/uploads\/2021\/01\/cin-ile-ticaretin-egitim-merkezi-hayata-geciriliyor-2.jpg 550w, https:\/\/www.enerjigazetesi.ist\/wp-content\/uploads\/2021\/01\/cin-ile-ticaretin-egitim-merkezi-hayata-geciriliyor-2-300x189.jpg 300w, https:\/\/www.enerjigazetesi.ist\/wp-content\/uploads\/2021\/01\/cin-ile-ticaretin-egitim-merkezi-hayata-geciriliyor-2-500x315.jpg 500w, https:\/\/www.enerjigazetesi.ist\/wp-content\/uploads\/2021\/01\/cin-ile-ticaretin-egitim-merkezi-hayata-geciriliyor-2-80x50.jpg 80w\" sizes=\"(max-width: 320px) 100vw, 320px\" \/>T\u00fcrk firmalar i\u00e7in <strong>\u201cSekt\u00f6rel E\u011fitim Merkezi\u201d<\/strong> kuruluyor. T\u00fcm sekt\u00f6rlerin \u00f6zelliklerine g\u00f6re ayr\u0131 ayr\u0131 e\u011fitimlerin planland\u0131\u011f\u0131 merkezde <strong>\u00c7in\u2019de<\/strong> uzun s\u00fcre bulunmu\u015f, \u00c7inlilerin<strong> ticaret<\/strong> ve <strong>i\u015f k\u00fclt\u00fcr\u00fc<\/strong> konusunda tecr\u00fcbeli e\u011fitmenler g\u00f6rev al\u0131yor.<\/p>\n<p><strong>T\u00fcrk \u00c7in K\u00fclt\u00fcr Derne\u011fi<\/strong> ve<strong> \u00c7in\u2019le<\/strong> ticaret \u015firketlerin yat\u0131r\u0131mlar\u0131 ile kurulan <strong>\u201cSekt\u00f6rel E\u011fitim Merkezi\u201d<\/strong> hakk\u0131nda Dernek Ba\u015fkan Yard\u0131mc\u0131s\u0131<strong> Mustafa Karsl\u0131<\/strong> ve E\u011fitim Merkezi M\u00fcd\u00fcr\u00fc <strong>Hamza U\u00e7ar<\/strong> bilgi verdiler.<\/p>\n<h2><strong>\u00c7in\u2019le Ticaret Artacak, Sorunlar En Aza \u0130necek<\/strong><\/h2>\n<p><strong>\u00c7in\u2019le ticaret<\/strong> yapan veya yapmak isteyen firmalar\u0131n kar\u015f\u0131la\u015ft\u0131klar\u0131 sorunlar\u0131n b\u00fcy\u00fck bir b\u00f6l\u00fcm\u00fc do\u011fru ileti\u015fim kurulamay\u0131\u015f\u0131ndan kaynaklan\u0131yor. E\u011fitim merkezimizde <strong>\u00c7inli<\/strong> ve <strong>T\u00fcrk i\u015fadamlar\u0131<\/strong>n\u0131n daha verimli bir ticareti nas\u0131l ger\u00e7ekle\u015ftirebileceklerini \u00f6\u011fretiyoruz. <strong>\u00c7in\u2019le ticaretin<\/strong> al\u0131\u015f\u0131lm\u0131\u015f <strong>Avrupa \u00fclkeleri<\/strong> ile <strong>ticaret<\/strong> gibi olmad\u0131\u011f\u0131n\u0131 i\u015fadamlar\u0131m\u0131za ticarete ba\u015flamadan \u00f6\u011fretmeyi hedefliyoruz. B\u00f6ylece firmalar\u0131n ya\u015fad\u0131\u011f\u0131 ticari sorunlar en aza inmi\u015f olacak.<\/p>\n<p>E\u011fitim Merkezi\u2019nin M\u00fcd\u00fcr\u00fc, <strong>Hamza U\u00e7ar<\/strong> ise e\u011fitimlerin detaylar\u0131 hakk\u0131nda bilgiler verdi.<\/p>\n<h2><strong>E\u011fitimler Nerede Verilecek ve Kimler E\u011fitim Alacak?<\/strong><\/h2>\n<p>E\u011fitimler <strong>T\u00fcrkiye<\/strong> ile<strong> \u00c7in ticaretinin<\/strong> her alan\u0131na n\u00fcfuz edecek bir bi\u00e7imde planlanm\u0131\u015f durumda.. T\u00fcrkiye\u2019nin her yerindeki<strong> resmi<\/strong> ve <strong>\u00f6zel kurumlarla<\/strong> i\u015fbirli\u011fi ile firmalara <strong>\u00c7in\u2019le ticaret<\/strong> konusunda e\u011fitimler verilecek. <em>B\u00f6lge kalk\u0131nma ajanslar\u0131, organize sanayi b\u00f6lgeleri, i\u015f d\u00fcnyas\u0131n\u0131n sivil toplum kurulu\u015flar\u0131 ve do\u011frudan firmalarla<\/em> d\u00fczenlenecek programlar \u00e7er\u00e7evesinde her sekt\u00f6r i\u00e7in <strong>ayr\u0131 e\u011fitim programlar\u0131<\/strong> uygulanacak.<\/p>\n<p>E\u011fitimler ayn\u0131 zamanda e\u011fitim alacak ki\u015filerin <strong>g\u00f6rev <\/strong>ve <strong>sorumluluklar\u0131na<\/strong> g\u00f6re de \u015fekilleniyor. \u00d6rne\u011fin firmalar\u0131n y\u00f6netiminde bulunan i\u015fadamlar\u0131 ile <strong>\u00fcr\u00fcn<\/strong> ve <strong>hizmet sat\u0131\u015f\u0131ndan<\/strong> sorumlu g\u00f6revliler farkl\u0131 e\u011fitimler al\u0131yorlar. Firmalar\u0131n<strong> tan\u0131t\u0131m<\/strong> ve <strong>ar-ge sorumlular\u0131<\/strong> ise farkl\u0131 e\u011fitimler al\u0131yorlar. Bunlar\u0131n d\u0131\u015f\u0131nda resmi kurumlarda g\u00f6rev yapan personele y\u00f6nelik de e\u011fitimler veriliyor.<\/p>\n<h2><strong>Her Sekt\u00f6r \u0130\u00e7in \u00d6zel E\u011fitim Kaynaklar\u0131 \u00dcretiliyor<\/strong><\/h2>\n<p><strong>Sekt\u00f6rel E\u011fitim Merkezi<\/strong>\u2019nde <strong>\u00c7in\u2019de<\/strong> uzun y\u0131llar e\u011fitim alm\u0131\u015f olan<strong> e\u011fitmenler<\/strong> taraf\u0131ndan her sekt\u00f6r ayr\u0131 ayr\u0131 de\u011ferlendirilerek e\u011fitim kaynaklar\u0131 haz\u0131rlan\u0131yor.<\/p>\n<h2><strong>E\u011fitim ve Seminerler de D\u00fczenlenecek<\/strong><\/h2>\n<p><strong>Sekt\u00f6rel E\u011fitim Merkezi<\/strong>&#8216;nin \u00f6nemli hizmetlerinden biri de seminerler olacak. Baz\u0131 <strong>g\u00fcncel konular\u0131n<\/strong> da anlat\u0131laca\u011f\u0131 seminerler daha geni\u015f kat\u0131l\u0131mlarla <strong>online<\/strong> ve <strong>y\u00fcz y\u00fcze<\/strong> olarak d\u00fczenlenebilecek.<\/p>\n<p>Bu seminerlerde;<\/p>\n<p>&#8211; Sekt\u00f6rlere g\u00f6re \u00c7in pazar\u0131na giri\u015f<\/p>\n<p>&#8211; \u00c7inli m\u00fc\u015fteriler i\u00e7in \u00fcr\u00fcn-hizmet tan\u0131t\u0131mlar\u0131 nas\u0131l olmal\u0131d\u0131r?<\/p>\n<p>&#8211; T\u00fcrk \u00fcr\u00fcnleri \u00c7in\u2019de nas\u0131l pazarlanmal\u0131?<\/p>\n<p>&#8211; \u00c7in\u2019de yat\u0131r\u0131m nas\u0131l yap\u0131l\u0131r?<\/p>\n<p>&#8211; \u00c7in\u2019de devlet te\u015fvikleri nelerdir?<\/p>\n<p>&#8211; \u00c7in\u2019e sat\u0131lacak \u00fcr\u00fcnlerin belgelendirilmesi<\/p>\n<p>&#8211; \u00c7in\u2019de patent almak istiyorum, nas\u0131l alabilirim?<\/p>\n<p>&#8211; \u00c7inli m\u00fc\u015fteriler ile ilgili do\u011fru bilinen yanl\u0131\u015flar<\/p>\n<p>&#8211; \u00c7in\u2019deki serbest ticaret b\u00f6lgeleri<\/p>\n<p>&#8211; Hizmet sekt\u00f6rleri i\u00e7in \u00c7inli m\u00fc\u015fterilere hizmet detaylar\u0131<\/p>\n<p>&#8211; Turizm sekt\u00f6r\u00fc ve \u00c7inli Turistler<\/p>\n<p>&#8211; \u00c7in\u2019de yat\u0131r\u0131m i\u00e7in sa\u011flanan devlet destekleri<\/p>\n<p>&#8211; \u00c7inli personel \u00e7al\u0131\u015ft\u0131rma<\/p>\n<p>&#8211; \u00c7in online ticaret y\u00f6ntemleri<\/p>\n<p>&#8211; \u00c7in\u2019de \u015firket kurulu\u015funun resmi i\u015flemleri<\/p>\n<p>&#8211; Ku\u015fak ve Yol sonras\u0131 lojistik konusu<\/p>\n<p>&#8211; \u00c7in\u2019de kalite testleri ve kar\u015f\u0131la\u015f\u0131lan sorunlar<\/p>\n<p>&#8211; \u00c7in\u2019de \u00fcr\u00fcn ara\u015ft\u0131rmas\u0131 nas\u0131l yap\u0131lmal\u0131?<\/p>\n<p>&#8211; \u00c7in\u2019le ticarette dil sorunu<\/p>\n<p>&#8211; \u00c7in\u2019den \u00fcr\u00fcn ithal etme ve \u00fcr\u00fcn se\u00e7imi<\/p>\n<p>&#8211; \u00c7in pazar\u0131na b\u00f6lgenizdeki hangi \u00fcr\u00fcnlerle girilmeli?<\/p>\n<p>&#8211; \u00c7in, yabanc\u0131 yat\u0131r\u0131mlarda ne gibi te\u015fvikler sunuyor?<\/p>\n<p>&#8211; T\u00fcrkiye\u2019nin ihracat\u00e7\u0131 ve ithalat\u00e7\u0131lara y\u00f6nelik te\u015fvikleri nelerdir?<\/p>\n<p>gibi bir \u00e7ok konuda e\u011fitimler ve seminerler d\u00fczenlenecek.<\/p>\n<h2><strong>\u00c7in Pazar\u0131nda \u00c7ok Daha \u0130yi Duruma Gelebiliriz:<\/strong><\/h2>\n<p>\u00c7in\u2019le i\u015f yapan T\u00fcrk \u015firket say\u0131s\u0131 olduk\u00e7a fazla g\u00f6r\u00fcnse de T\u00fcrkiye\u2019nin \u00c7in pazar\u0131ndaki yeri bir\u00e7ok sekt\u00f6rde olmas\u0131 gerekenden \u00e7ok geride. D\u00fcnya \u00fczerinde <strong>en b\u00fcy\u00fck \u00fcreticisi<\/strong> oldu\u011fumuz baz\u0131 <strong>tar\u0131m \u00fcr\u00fcnlerinde<\/strong> bile \u00c7in\u2019e T\u00fcrkiye\u2019den <strong>daha fazla sat\u0131\u015f yapan<\/strong> \u00fclkeler bulunuyor. Baz\u0131 sanayi \u00fcr\u00fcnlerinde ise \u00c7in\u2019in <strong>sat\u0131n alma potansiyeli<\/strong>nin \u00e7ok alt\u0131nda bir \u00fcretim yap\u0131l\u0131yor. Bunun en \u00f6nemli sebebi ise firmalar\u0131m\u0131z\u0131n <strong>\u00c7inli m\u00fc\u015fterilerini<\/strong> ya da <strong>partnerlerini<\/strong> yeterince tan\u0131m\u0131yor olmalar\u0131ndan kaynaklan\u0131yor.<\/p>\n<p>Ayn\u0131 durum maalesef ithalat taraf\u0131nda da farkl\u0131 de\u011fil. <strong>T\u00fcrk<\/strong> ve <strong>\u00c7in<\/strong> i\u015f d\u00fcnyalar\u0131n\u0131n kendine has \u00f6zelliklerin ve <strong>i\u015f yapma tarzlar\u0131n\u0131n<\/strong> birbirinden baz\u0131 y\u00f6nlerde ciddi farkl\u0131l\u0131klar olu\u015fturmas\u0131 sebebiyle anla\u015fmazl\u0131klardan dolay\u0131 projeler ne kadar g\u00fczel olursa olsun, i\u015f yap\u0131lamaz hale geliyor.<\/p>\n<p>Bunlar\u0131n hepsine ek olarak,<strong> iki \u00fclke<\/strong> aras\u0131ndaki<strong> hukuki<\/strong> ve <strong>ticari reg\u00fclasyonlar\u0131<\/strong> ticaret d\u00fcnyas\u0131nda ciddi \u00f6nem arz etmektedir. \u0130ki \u00fclke aras\u0131ndaki reg\u00fclasyon farklar\u0131na g\u00f6re <strong>d\u0131\u015f ticarete haz\u0131rl\u0131kl\u0131<\/strong> olmak, ticaret yaparken <strong>olu\u015fabilecek zararlardan korunmam\u0131z\u0131<\/strong> sa\u011flamaktad\u0131r.<\/p>\n<p><em><strong>T\u00fcrk \u00c7in K\u00fclt\u00fcr Derne\u011fi Hakk\u0131nda Bilgilendirme<\/strong><\/em><\/p>\n<p><em>T\u00fcrk ve \u00c7in k\u00fclt\u00fcrleri aras\u0131ndaki k\u00f6pr\u00fc vazifesini yirmi y\u0131ld\u0131r yerine getiriyor. K\u00fclt\u00fcrlerin birbiriyle olan ili\u015fkilerini in\u015fa etme y\u00f6ntemleri d\u00fc\u015f\u00fcn\u00fcld\u00fc\u011f\u00fcnde dilin yan\u0131nda ticaret ve aile i\u00e7i ili\u015fkilerin ba\u015fta oldu\u011fu g\u00f6r\u00fclmektedir. T\u00fcrk \u00c7in K\u00fclt\u00fcr Derne\u011fi de 20 y\u0131ll\u0131k birikimini, i\u015f d\u00fcnyas\u0131na \u00f6zel bir olu\u015fumla, Sekt\u00f6rel E\u011fitim Merkezi ile aktararak T\u00fcrk ve \u00c7in k\u00fclt\u00fcrlerini bir ad\u0131m daha birbirlerine yakla\u015ft\u0131r\u0131yor.<\/em><\/p>","protected":false},"excerpt":{"rendered":"<p>Sorry, this entry is only available in Turkish. For the sake of viewer convenience, the content is shown below in the alternative language. You may click the link to switch the active language. \u00c7\u0130N \u0130LE T\u0130CARET\u0130N E\u011e\u0130T\u0130M MERKEZ\u0130 A\u00c7ILIYOR D\u00fcnyan\u0131n en b\u00fcy\u00fck \u00fcreticisi ve ayn\u0131 zamanda pazar\u0131 konumundaki \u00c7in ile ticaret yapmak isteyen T\u00fcrk firmalar [&hellip;]<\/p>\n","protected":false},"author":1,"featured_media":127533,"comment_status":"open","ping_status":"open","sticky":false,"template":"","format":"standard","meta":[],"categories":[53],"tags":[85144,52259,85147,85146,85145,78229,85148],"views":58,"_links":{"self":[{"href":"https:\/\/www.enerjigazetesi.ist\/en\/wp-json\/wp\/v2\/posts\/127528"}],"collection":[{"href":"https:\/\/www.enerjigazetesi.ist\/en\/wp-json\/wp\/v2\/posts"}],"about":[{"href":"https:\/\/www.enerjigazetesi.ist\/en\/wp-json\/wp\/v2\/types\/post"}],"author":[{"embeddable":true,"href":"https:\/\/www.enerjigazetesi.ist\/en\/wp-json\/wp\/v2\/users\/1"}],"replies":[{"embeddable":true,"href":"https:\/\/www.enerjigazetesi.ist\/en\/wp-json\/wp\/v2\/comments?post=127528"}],"version-history":[{"count":0,"href":"https:\/\/www.enerjigazetesi.ist\/en\/wp-json\/wp\/v2\/posts\/127528\/revisions"}],"wp:featuredmedia":[{"embeddable":true,"href":"https:\/\/www.enerjigazetesi.ist\/en\/wp-json\/wp\/v2\/media\/127533"}],"wp:attachment":[{"href":"https:\/\/www.enerjigazetesi.ist\/en\/wp-json\/wp\/v2\/media?parent=127528"}],"wp:term":[{"taxonomy":"category","embeddable":true,"href":"https:\/\/www.enerjigazetesi.ist\/en\/wp-json\/wp\/v2\/categories?post=127528"},{"taxonomy":"post_tag","embeddable":true,"href":"https:\/\/www.enerjigazetesi.ist\/en\/wp-json\/wp\/v2\/tags?post=127528"}],"curies":[{"name":"wp","href":"https:\/\/api.w.org\/{rel}","templated":true}]}}