{"id":12749,"date":"2013-07-05T17:10:07","date_gmt":"2013-07-05T14:10:07","guid":{"rendered":"https:\/\/www.enerjigazetesi.ist\/?p=12749"},"modified":"2013-07-05T17:49:59","modified_gmt":"2013-07-05T14:49:59","slug":"kose-yazisi-enerjisiz-bursa","status":"publish","type":"post","link":"https:\/\/www.enerjigazetesi.ist\/en\/kose-yazisi-enerjisiz-bursa\/","title":{"rendered":"(Turkish) K\u00f6\u015fe Yaz\u0131s\u0131: Enerjisiz Bursa"},"content":{"rendered":"<p class=\"qtranxs-available-languages-message qtranxs-available-languages-message-en\">Sorry, this entry is only available in <a href=\"https:\/\/www.enerjigazetesi.ist\/tr\/wp-json\/wp\/v2\/posts\/12749\" class=\"qtranxs-available-language-link qtranxs-available-language-link-tr\" title=\"Turkish\">Turkish<\/a>. For the sake of viewer convenience, the content is shown below in the alternative language. You may click the link to switch the active language.<\/p><p>D\u00fc\u015f\u00fcnemiyorum bile\u2026<\/p>\n<p>Enerjisi al\u0131nm\u0131\u015f bir kentin, b\u0131rak\u0131n ayd\u0131nlanmay\u0131, end\u00fcstrisini geli\u015ftirmeye dahi <strong>imk\u00e2n\u0131 <\/strong>olamaz. Gelece\u011fe dair <strong>b\u00fcy\u00fcme<\/strong>, geli\u015fme hatta <strong>var kalma plan\u0131 <\/strong>yapanlar\u0131n, <strong>enerjide arz g\u00fcvenli\u011fini <\/strong>halletmek gibi hayati \u00f6nceli\u011fi vard\u0131r.<\/p>\n<p>10 y\u0131l \u00f6nce her kavram\u0131n ba\u015f\u0131na \u201c<strong>s\u00fcrd\u00fcr\u00fclebilir<\/strong>\u201d kelimesini koyard\u0131k. \u015eimdi ekonomiye dair her c\u00fcmlemiz, \u201c<strong>enerji<\/strong>\u201d ile ba\u015fl\u0131yor; \u201c<strong>verimlilik<\/strong>\u201d ile bitiyor neredeyse\u2026<\/p>\n<p>Sebebi; anla\u015f\u0131labilir\u2026 Zira <strong>gezegen <\/strong>\u0131s\u0131n\u0131yor, \u00e7evre temel duyarl\u0131l\u0131k, kriz <strong>kaynaklar\u0131 sorgulat\u0131yor <\/strong>ve petrol, do\u011falgaz, k\u00f6m\u00fcr azal\u0131yor.<\/p>\n<p><a href=\"https:\/\/www.enerjigazetesi.ist\/wp-content\/uploads\/2013\/02\/binaniz-ne-kadar-enerji-harciyor-ekb-enerji-kimlik-belgesi.jpg\"><img loading=\"lazy\" class=\"alignright size-medium wp-image-6149\" title=\"enerji-verimlili\u011fi\" src=\"https:\/\/www.enerjigazetesi.ist\/wp-content\/uploads\/2013\/02\/binaniz-ne-kadar-enerji-harciyor-ekb-enerji-kimlik-belgesi-300x164.jpg\" alt=\"\" width=\"300\" height=\"164\" srcset=\"https:\/\/www.enerjigazetesi.ist\/wp-content\/uploads\/2013\/02\/binaniz-ne-kadar-enerji-harciyor-ekb-enerji-kimlik-belgesi-300x164.jpg 300w, https:\/\/www.enerjigazetesi.ist\/wp-content\/uploads\/2013\/02\/binaniz-ne-kadar-enerji-harciyor-ekb-enerji-kimlik-belgesi-500x274.jpg 500w, https:\/\/www.enerjigazetesi.ist\/wp-content\/uploads\/2013\/02\/binaniz-ne-kadar-enerji-harciyor-ekb-enerji-kimlik-belgesi-80x43.jpg 80w, https:\/\/www.enerjigazetesi.ist\/wp-content\/uploads\/2013\/02\/binaniz-ne-kadar-enerji-harciyor-ekb-enerji-kimlik-belgesi.jpg 592w\" sizes=\"(max-width: 300px) 100vw, 300px\" \/><\/a>Zaten s\u00fcrd\u00fcr\u00fclebilir kalk\u0131nman\u0131n temel prensiplerinden biri, do\u011fal kaynaklar\u0131n \u00fczerindeki <strong>bask\u0131y\u0131 <\/strong>d\u00fc\u015f\u00fcrmek ise t\u00fcketilen enerjiyi azaltmak, bunu sa\u011flayacak. Birle\u015fmi\u015f Milletler Kalk\u0131nma Program\u0131 <strong>UNDP <\/strong>ile Enerji Bakanl\u0131\u011f\u0131 <strong>Yenilenebilir Enerji Genel M\u00fcd\u00fcrl\u00fc\u011f\u00fc<\/strong>, bu ama\u00e7la proje geli\u015ftirmi\u015f: <strong>Sanayide enerji verimlili\u011fini artt\u0131rma<\/strong>\u2026<\/p>\n<p>Program\u0131n y\u00f6neticisi <strong>Necmettin Tokur<\/strong>, ama\u00e7lar\u0131n\u0131n, <strong>enerji yo\u011fun sekt\u00f6rlerde <\/strong>t\u00fcketimin azalt\u0131lmas\u0131n\u0131 sa\u011flamak oldu\u011funu s\u00f6yl\u00fcyor.<\/p>\n<p>Bu ama\u00e7la 350 kurulu\u015fta enerji et\u00fcd\u00fc ger\u00e7ekle\u015ftiriyorlar. <strong>%20 tasarruf <\/strong>sa\u011flansa dahi, bunun ekonomiye katk\u0131s\u0131 yads\u0131namaz.<\/p>\n<p>\u0130kinci projeleri, binalardaki yenilenmeyi hedef al\u0131yor.<\/p>\n<p>Enerji verimlili\u011finin ba\u015ftan tasarlanmas\u0131 i\u00e7in entegre <strong>bina tasar\u0131 konsepti <\/strong>geli\u015ftiriyorlar.<\/p>\n<p>Makine, in\u015faat, elektrik m\u00fchendislerinin, projeyi bir arada ele alarak verimlili\u011fi <strong>binan\u0131n temeline <\/strong>koyacaklar. Bu y\u00f6ntemle 2 okul ve 1 kamu binas\u0131 tasarland\u0131 bile\u2026<\/p>\n<p>Yak\u0131n gelecekte, beyaz e\u015fyalar\u0131n \u00fczerindeki enerji etiketlerini, bina giri\u015flerinde g\u00f6rebilece\u011fiz; \u201c<strong>bu bina A+++ etiketlidir<\/strong>.\u201d<\/p>\n<p>Ancak enerji verimlili\u011fini tabana yaymada daha fazla kat\u0131l\u0131m\u0131 gerektiren proje; <strong>enerji verimli cihazlar\u0131n piyasa d\u00f6n\u00fc\u015f\u00fcm\u00fcn\u00fc <\/strong>ama\u00e7l\u0131yor.<\/p>\n<p>\u015eu anda <strong>buzdolab\u0131ndaki <\/strong>enerji etiketi zorunlulu\u011fu, bu y\u0131l i\u00e7inde <strong>televizyon<\/strong>, \u00e7ama\u015f\u0131r, <strong>kurutma<\/strong>, klima ve <strong>bula\u015f\u0131k makinesi <\/strong>i\u00e7in de gerekli hale getirilecek. Anlam\u0131, art\u0131k sanayi, belli t\u00fcketimi d\u00fczeyinin \u00fcst\u00fcnde sarfiyatl\u0131 cihaz <strong>\u00fcretemeyecek<\/strong>, satamayacak.<\/p>\n<p>1 Temmuz 2012\u2032den beri piyasada <strong>A+ alt\u0131nda etiketli buzdolab\u0131 <\/strong>sat\u0131\u015f\u0131 yasak. <strong>Necmettin Tokur<\/strong>, bu y\u0131l kapsam\u0131 geni\u015fletmek i\u00e7in \u00e7al\u0131\u015ft\u0131klar\u0131n\u0131 s\u00f6yl\u00fcyor. UNDP\u2019den <strong>Deniz \u015eilliler Tapan <\/strong>da AB\u2019nin en iyi etiketleme mevzuat\u0131n\u0131 \u00fclkemizde hayata ge\u00e7irmek i\u00e7in Sanayi Bakanl\u0131\u011f\u0131 \u0130l M\u00fcd\u00fcrl\u00fcklerindeki 300 denet\u00e7iyi <strong>e\u011fittiklerini <\/strong>belirtiyor.<\/p>\n<p>Piyasa izleme <strong>veri taban\u0131<\/strong>, sera gaz\u0131 sal\u0131n\u0131mlar\u0131 \u00f6l\u00e7me, toplama, binalar i\u00e7in etiket\u2026<\/p>\n<p>T\u00fcrkiye bu sayede 66 terawat tasarruf yapman\u0131n \u00f6tesinde, <strong>enerjinin damlas\u0131n\u0131 ziyan etmemeyi <\/strong>\u00f6\u011frenmi\u015f olacak.<\/p>\n<p>Yazan: \u015eeref O\u011fuz<\/p>\n<p>Kaynak: <a href=\"http:\/\/enerjienstitusu.com\/2013\/07\/05\/kose-yazisi-enerjisiz-bursa\/\" target=\"_blank\">Enerji Enstit\u00fcs\u00fc<\/a><\/p>","protected":false},"excerpt":{"rendered":"<p>Sorry, this entry is only available in Turkish. For the sake of viewer convenience, the content is shown below in the alternative language. You may click the link to switch the active language.D\u00fc\u015f\u00fcnemiyorum bile\u2026 Enerjisi al\u0131nm\u0131\u015f bir kentin, b\u0131rak\u0131n ayd\u0131nlanmay\u0131, end\u00fcstrisini geli\u015ftirmeye dahi imk\u00e2n\u0131 olamaz. Gelece\u011fe dair b\u00fcy\u00fcme, geli\u015fme hatta var kalma plan\u0131 yapanlar\u0131n, enerjide [&hellip;]<\/p>\n","protected":false},"author":1,"featured_media":11720,"comment_status":"open","ping_status":"open","sticky":false,"template":"","format":"standard","meta":[],"categories":[53,52],"tags":[63,6633,67,165,103,12,6632,1296,793],"views":771,"_links":{"self":[{"href":"https:\/\/www.enerjigazetesi.ist\/en\/wp-json\/wp\/v2\/posts\/12749"}],"collection":[{"href":"https:\/\/www.enerjigazetesi.ist\/en\/wp-json\/wp\/v2\/posts"}],"about":[{"href":"https:\/\/www.enerjigazetesi.ist\/en\/wp-json\/wp\/v2\/types\/post"}],"author":[{"embeddable":true,"href":"https:\/\/www.enerjigazetesi.ist\/en\/wp-json\/wp\/v2\/users\/1"}],"replies":[{"embeddable":true,"href":"https:\/\/www.enerjigazetesi.ist\/en\/wp-json\/wp\/v2\/comments?post=12749"}],"version-history":[{"count":3,"href":"https:\/\/www.enerjigazetesi.ist\/en\/wp-json\/wp\/v2\/posts\/12749\/revisions"}],"predecessor-version":[{"id":12760,"href":"https:\/\/www.enerjigazetesi.ist\/en\/wp-json\/wp\/v2\/posts\/12749\/revisions\/12760"}],"wp:featuredmedia":[{"embeddable":true,"href":"https:\/\/www.enerjigazetesi.ist\/en\/wp-json\/wp\/v2\/media\/11720"}],"wp:attachment":[{"href":"https:\/\/www.enerjigazetesi.ist\/en\/wp-json\/wp\/v2\/media?parent=12749"}],"wp:term":[{"taxonomy":"category","embeddable":true,"href":"https:\/\/www.enerjigazetesi.ist\/en\/wp-json\/wp\/v2\/categories?post=12749"},{"taxonomy":"post_tag","embeddable":true,"href":"https:\/\/www.enerjigazetesi.ist\/en\/wp-json\/wp\/v2\/tags?post=12749"}],"curies":[{"name":"wp","href":"https:\/\/api.w.org\/{rel}","templated":true}]}}