{"id":127384,"date":"2021-01-18T16:44:36","date_gmt":"2021-01-18T13:44:36","guid":{"rendered":"https:\/\/www.enerjigazetesi.ist\/?p=127384"},"modified":"2021-01-18T17:07:50","modified_gmt":"2021-01-18T14:07:50","slug":"calisanlarin-sosyal-medya-hesaplari-sirketler-icin-artik-cvden-de-onemli","status":"publish","type":"post","link":"https:\/\/www.enerjigazetesi.ist\/en\/calisanlarin-sosyal-medya-hesaplari-sirketler-icin-artik-cvden-de-onemli\/","title":{"rendered":"(Turkish) \u00c7al\u0131\u015fanlar\u0131n Sosyal Medya Hesaplar\u0131 \u015eirketler \u0130\u00e7in Art\u0131k Cv&#8217;den de \u00d6nemli"},"content":{"rendered":"<p class=\"qtranxs-available-languages-message qtranxs-available-languages-message-en\">Sorry, this entry is only available in <a href=\"https:\/\/www.enerjigazetesi.ist\/tr\/wp-json\/wp\/v2\/posts\/127384\" class=\"qtranxs-available-language-link qtranxs-available-language-link-tr\" title=\"Turkish\">Turkish<\/a>. For the sake of viewer convenience, the content is shown below in the alternative language. You may click the link to switch the active language.<\/p><p><\/p>\n<h1><strong>\u0130\u015f Camias\u0131nda CV\u2019nin Yerini Linkedin Ald\u0131<\/strong><\/h1>\n<p>Bir \u015firkette <strong>i\u015f ba\u015fvurusu yapmak<\/strong> i\u00e7in <strong>normal \u015fartlarda<\/strong> insan kaynaklar\u0131na <strong>CV<\/strong> b\u0131rak\u0131r\u0131z. <img loading=\"lazy\" class=\"alignright wp-image-127388\" src=\"https:\/\/www.enerjigazetesi.ist\/wp-content\/uploads\/2021\/01\/calisanlarin-sosyal-medya-hesaplari-sirketler-icin-artik-cvden-de-onemli-2.jpg\" alt=\"\" width=\"320\" height=\"303\" srcset=\"https:\/\/www.enerjigazetesi.ist\/wp-content\/uploads\/2021\/01\/calisanlarin-sosyal-medya-hesaplari-sirketler-icin-artik-cvden-de-onemli-2.jpg 550w, https:\/\/www.enerjigazetesi.ist\/wp-content\/uploads\/2021\/01\/calisanlarin-sosyal-medya-hesaplari-sirketler-icin-artik-cvden-de-onemli-2-300x284.jpg 300w, https:\/\/www.enerjigazetesi.ist\/wp-content\/uploads\/2021\/01\/calisanlarin-sosyal-medya-hesaplari-sirketler-icin-artik-cvden-de-onemli-2-422x400.jpg 422w, https:\/\/www.enerjigazetesi.ist\/wp-content\/uploads\/2021\/01\/calisanlarin-sosyal-medya-hesaplari-sirketler-icin-artik-cvden-de-onemli-2-53x50.jpg 53w, https:\/\/www.enerjigazetesi.ist\/wp-content\/uploads\/2021\/01\/calisanlarin-sosyal-medya-hesaplari-sirketler-icin-artik-cvden-de-onemli-2-500x474.jpg 500w\" sizes=\"(max-width: 320px) 100vw, 320px\" \/>Teknolojinin geli\u015fimi ile birlikte bu art\u0131k yerini <strong>farkl\u0131 kaynaklara<\/strong> b\u0131rakt\u0131. Art\u0131k <strong>\u00f6zge\u00e7mi\u015fimizi internet siteleri<\/strong> \u00fczerinden doldurdu\u011fumuz elektronik <strong>CV\u2019lerde<\/strong> olu\u015fturuyoruz.<\/p>\n<p>D\u00fcnyaca \u00fcnl\u00fc <strong>sosyal a\u011f<\/strong> <strong>Linkedin<\/strong>\u2019in <strong>CV\u2019den<\/strong> daha g\u00fc\u00e7l\u00fc oldu\u011funu i\u015faret eden <strong>Webtures CEO<\/strong>&#8216;su <strong>Kaan G\u00fclten<\/strong>, kariyer basamaklar\u0131n\u0131 t\u0131rman\u0131rken, <strong>hangi okulu bitirdi\u011fimiz<\/strong> kadar <strong>neler yapt\u0131\u011f\u0131m\u0131z\u0131n \u00f6nem kazand\u0131\u011f\u0131<\/strong>n\u0131 ve bunlar\u0131 <strong>sosyal platform sayesinde<\/strong> kuraca\u011f\u0131m\u0131z <strong>ba\u011flant\u0131lar arac\u0131l\u0131\u011f\u0131<\/strong> ile rahatl\u0131kla sergileyebilece\u011fimizi belirtti.<\/p>\n<h2><strong>Takip Etmek ile Ba\u011flant\u0131 Kurman\u0131n Fark\u0131<\/strong><\/h2>\n<p><strong>Linkedin<\/strong> gibi i\u015f d\u00fcnyas\u0131n\u0131n takip etti\u011fi <strong>sosyal medya ara\u00e7lar\u0131n\u0131n<\/strong> ba\u011flant\u0131 kurmak amac\u0131yla kullan\u0131ld\u0131\u011f\u0131na dikkat \u00e7eken Kaan G\u00fclten, platformun di\u011ferlerinden ayr\u0131ld\u0131\u011f\u0131 y\u00f6nlere dikkat \u00e7ekti. \u201cLinkedin, <strong>di\u011fer sosyal mecralardan<\/strong> farkl\u0131 \u00f6zelliklere sahiptir. \u0130\u015f d\u00fcnyas\u0131n\u0131n takip etti\u011fi bir yer olmas\u0131 haricinde<strong> \u2018takip etme\u2019<\/strong> de\u011fil,<strong> \u2018ba\u011flant\u0131 kurma\u2019<\/strong> \u00fczerine kuruludur. Yani sekt\u00f6r\u00fcn\u00fczdeki <strong>kanaat \u00f6nderleri<\/strong> ile kurdu\u011funuz ba\u011flant\u0131larla<strong> daha fazla etkile\u015fim<\/strong> yani ileti\u015fim i\u00e7erisinde olursunuz\u201d<\/p>\n<h2><strong>Gelecekte \u00c7al\u0131\u015fmay\u0131 D\u00fc\u015f\u00fcnd\u00fc\u011f\u00fcn\u00fcz \u015eirkete \u00d6nceden Ula\u015f\u0131n<\/strong><\/h2>\n<p>\u0130\u015f d\u00fcnyas\u0131nda hemen herkesin bulundu\u011fu bir <strong>platform<\/strong> olan <strong>Linkedin<\/strong>, ki\u015filerin ileride \u00e7al\u0131\u015fmay\u0131 d\u00fc\u015f\u00fcnd\u00fc\u011f\u00fc<strong> \u015firket y\u00f6neticisi<\/strong> ile de<strong> ba\u011flant\u0131 kurularak<\/strong> ba\u015far\u0131lar\u0131 olunan alanlar\u0131 payla\u015farak temasa ge\u00e7ebilece\u011fini ifade eden Kaan G\u00fclten, s\u00f6zlerine <span style=\"text-decoration: underline;\">\u015f\u00f6yle devam etti:<\/span><\/p>\n<p><em>\u201c\u0130leride, bulundu\u011funuz \u015firketten daha \u00fcst seviye bir yere ge\u00e7meyi d\u00fc\u015f\u00fcn\u00fcyorsan\u0131z, bug\u00fcnden oray\u0131 y\u00f6neten yetkili ile <strong>Linkedin \u00fczerinden<\/strong> ba\u011flant\u0131 kurabilirsiniz. B\u00f6ylece <strong>yapt\u0131\u011f\u0131n\u0131z i\u015fleri, ba\u015far\u0131lar\u0131n\u0131z\u0131, yeteneklerinizi<\/strong>, i\u015finizle ilgili bak\u0131\u015f a\u00e7\u0131n\u0131z\u0131 payla\u015ft\u0131\u011f\u0131n\u0131zda dikkat \u00e7ekecektir. Dolay\u0131s\u0131yla bu y\u00f6netici ile <strong>kar\u015f\u0131l\u0131kl\u0131 ili\u015fki kuracak<\/strong> ve en az\u0131ndan payla\u015f\u0131mlar\u0131n\u0131zla akl\u0131nda yer edeceksiniz. Bu a\u00e7\u0131dan bakt\u0131\u011f\u0131m\u0131zda yepyeni firmaya <strong>CV b\u0131rakmak<\/strong> ve <strong>aranmay\u0131 beklemek<\/strong> yerine bu \u015fekilde <strong>kariyerinizin k\u00f6\u015fe ta\u015flar\u0131n\u0131<\/strong> d\u00f6\u015feyebilirsiniz\u201d<\/em><\/p>\n<h2><strong>Kullan\u0131lacak Filtreler ile Pazarlama Hedeflerinizi Tutturabilirsiniz<\/strong><\/h2>\n<p><strong>Sosyal a\u011f sayesinde<\/strong> pazarlama hedeflerine de kullan\u0131lacak filtreler arac\u0131l\u0131\u011f\u0131 ile k\u0131sa s\u00fcrede var\u0131labilece\u011finin alt\u0131n\u0131 \u00e7izen Kaan G\u00fclten, <strong>sosyal mecra \u00fczerinden<\/strong> pazarlama stratejileri de geli\u015ftirilebilece\u011fine dikkat \u00e7ekti. \u201c<strong>Linkedin<\/strong> sayesinde do\u011frudan<strong> ileti\u015fim<\/strong> ve<strong> pazarlama \u00e7al\u0131\u015fmalar\u0131nda<\/strong> filtreleme \u00f6zelli\u011fini kullanabilirsiniz. Sadece ilgilendi\u011finiz sekt\u00f6rdeki ki\u015filer, <strong>\u015firket \u00f6l\u00e7e\u011fi, pozisyon, \u015fehir<\/strong> gibi odak \u00e7al\u0131\u015fma \u00f6zelliklerini girdi\u011finiz zaman<strong> nokta at\u0131\u015f\u0131 pazarlama imkan\u0131<\/strong> sunuyor. Bu a\u00e7\u0131dan bakt\u0131\u011f\u0131m\u0131z zaman <strong>en y\u00fcksek m\u00fc\u015fteri<\/strong> ve <strong>i\u015f potansiyeli platfomu<\/strong> diyebiliriz. Bu bizim i\u015f d\u00fcnyas\u0131 ile kar\u015f\u0131la\u015fabilece\u011fimiz en iyi yerlerden bir tanesidir. \u00d6zellikle <strong>Facebook<\/strong>, <strong>Twitter<\/strong> ve <strong>Instagram<\/strong>\u2019\u0131n her ne kadar sizi takip ediyor olsalar da t\u00fcm payla\u015f\u0131mlar\u0131n\u0131z\u0131 t\u00fcm takip\u00e7ilerinize g\u00f6sterme noktas\u0131nda<strong> her ge\u00e7en g\u00fcn eri\u015fimi azalt\u0131yor<\/strong> olmas\u0131ndan dolay\u0131 <strong>Linkedin<\/strong>\u2019in geli\u015fimi olduk\u00e7a \u00f6nemli olmaktad\u0131r\u201d diye konu\u015ftu.<\/p>","protected":false},"excerpt":{"rendered":"<p>Sorry, this entry is only available in Turkish. For the sake of viewer convenience, the content is shown below in the alternative language. You may click the link to switch the active language. \u0130\u015f Camias\u0131nda CV\u2019nin Yerini Linkedin Ald\u0131 Bir \u015firkette i\u015f ba\u015fvurusu yapmak i\u00e7in normal \u015fartlarda insan kaynaklar\u0131na CV b\u0131rak\u0131r\u0131z. Teknolojinin geli\u015fimi ile birlikte [&hellip;]<\/p>\n","protected":false},"author":1,"featured_media":127388,"comment_status":"open","ping_status":"open","sticky":false,"template":"","format":"standard","meta":[],"categories":[53,157],"tags":[85035,85040,52259,85034,45980,85036,85037,85038,85039],"views":155,"_links":{"self":[{"href":"https:\/\/www.enerjigazetesi.ist\/en\/wp-json\/wp\/v2\/posts\/127384"}],"collection":[{"href":"https:\/\/www.enerjigazetesi.ist\/en\/wp-json\/wp\/v2\/posts"}],"about":[{"href":"https:\/\/www.enerjigazetesi.ist\/en\/wp-json\/wp\/v2\/types\/post"}],"author":[{"embeddable":true,"href":"https:\/\/www.enerjigazetesi.ist\/en\/wp-json\/wp\/v2\/users\/1"}],"replies":[{"embeddable":true,"href":"https:\/\/www.enerjigazetesi.ist\/en\/wp-json\/wp\/v2\/comments?post=127384"}],"version-history":[{"count":0,"href":"https:\/\/www.enerjigazetesi.ist\/en\/wp-json\/wp\/v2\/posts\/127384\/revisions"}],"wp:featuredmedia":[{"embeddable":true,"href":"https:\/\/www.enerjigazetesi.ist\/en\/wp-json\/wp\/v2\/media\/127388"}],"wp:attachment":[{"href":"https:\/\/www.enerjigazetesi.ist\/en\/wp-json\/wp\/v2\/media?parent=127384"}],"wp:term":[{"taxonomy":"category","embeddable":true,"href":"https:\/\/www.enerjigazetesi.ist\/en\/wp-json\/wp\/v2\/categories?post=127384"},{"taxonomy":"post_tag","embeddable":true,"href":"https:\/\/www.enerjigazetesi.ist\/en\/wp-json\/wp\/v2\/tags?post=127384"}],"curies":[{"name":"wp","href":"https:\/\/api.w.org\/{rel}","templated":true}]}}