{"id":12738,"date":"2013-07-05T10:00:48","date_gmt":"2013-07-05T07:00:48","guid":{"rendered":"https:\/\/www.enerjigazetesi.ist\/?p=12738"},"modified":"2013-07-05T10:20:12","modified_gmt":"2013-07-05T07:20:12","slug":"maliki-gazprom-neft-kurt-bolgesinde-calismalarini-durdurmali","status":"publish","type":"post","link":"https:\/\/www.enerjigazetesi.ist\/en\/maliki-gazprom-neft-kurt-bolgesinde-calismalarini-durdurmali\/","title":{"rendered":"(Turkish) Maliki: Gazprom Neft, K\u00fcrt B\u00f6lgesinde \u00c7al\u0131\u015fmalar\u0131n\u0131 Durdurmal\u0131"},"content":{"rendered":"<p class=\"qtranxs-available-languages-message qtranxs-available-languages-message-en\">Sorry, this entry is only available in <a href=\"https:\/\/www.enerjigazetesi.ist\/tr\/wp-json\/wp\/v2\/posts\/12738\" class=\"qtranxs-available-language-link qtranxs-available-language-link-tr\" title=\"Turkish\">Turkish<\/a>. For the sake of viewer convenience, the content is shown below in the alternative language. You may click the link to switch the active language.<\/p><p><strong>Irak Cumhurba\u015fkan\u0131 Nuri Maliki, Moskova\u2019da yapt\u0131\u011f\u0131 a\u00e7\u0131klamada, Gazprom Neft\u2019ten K\u00fcrt b\u00f6lgesindeki \u00e7al\u0131\u015fmalar\u0131n\u0131 durdurmas\u0131n\u0131 istedi. Do\u011falgaz \u0130hra\u00e7 Eden \u00dclkeler Forumu i\u00e7in bulundu\u011fu Moskova\u2019da Interfax\u2019a \u00f6zel a\u00e7\u0131klamada bulunan Maliki, \u201cYeni yasa y\u00fcr\u00fcrl\u00fc\u011fe girinceye kadar Gazprom Neft\u2019in K\u00fcrt b\u00f6lgesindeki \u00e7al\u0131\u015fmalar\u0131n\u0131 durdurmas\u0131n\u0131 tavsiye ediyorum. Anla\u015fmalar yeniden g\u00f6zden ge\u00e7irilirse, sonras\u0131nda sorun \u00e7\u0131kmaz.\u201d dedi.<\/strong><\/p>\n<p>Irak\u2019ta yabanc\u0131 \u015firketlerin petrol ve do\u011falgaz alanlar\u0131ndaki \u00e7al\u0131\u015fmalar\u0131 ile ilgili yeni yasan\u0131n y\u00fcr\u00fcrl\u00fc\u011fe girece\u011fini hat\u0131rlatan Maliki, \u201cE\u011fer Gazprom Neft yeni yasaya g\u00f6re anla\u015fmalar\u0131n\u0131 revize ederse sorun \u00e7\u0131kmaz. Yeni duruma g\u00f6re anla<a href=\"https:\/\/www.enerjigazetesi.ist\/wp-content\/uploads\/2013\/07\/NURI-M1.jpg\"><img loading=\"lazy\" class=\"alignright size-medium wp-image-12739\" title=\"maliki-gazprom-neft-kurt-bolgesinde-calismalarini-durdurmali\" src=\"https:\/\/www.enerjigazetesi.ist\/wp-content\/uploads\/2013\/07\/NURI-M1-300x194.jpg\" alt=\"\" width=\"300\" height=\"194\" srcset=\"https:\/\/www.enerjigazetesi.ist\/wp-content\/uploads\/2013\/07\/NURI-M1-300x194.jpg 300w, https:\/\/www.enerjigazetesi.ist\/wp-content\/uploads\/2013\/07\/NURI-M1-77x50.jpg 77w, https:\/\/www.enerjigazetesi.ist\/wp-content\/uploads\/2013\/07\/NURI-M1.jpg 432w\" sizes=\"(max-width: 300px) 100vw, 300px\" \/><\/a>\u015fmalar\u0131 revize etmezse, o zaman bu \u015firket Irak\u2019\u0131n egemenli\u011fine m\u00fcdahalede bulunmu\u015f say\u0131lacak.\u201d uyar\u0131s\u0131nda bulundu.<\/p>\n<p>Ba\u011fdat\u2019\u0131n Rus \u015firketleri ile i\u015fbirli\u011fine a\u00e7\u0131k olup olmad\u0131\u011f\u0131 ile ilgili soruyu yan\u0131tlayan Maliki, \u201cKendileri ile \u00e7al\u0131\u015fmaktan memnuniyet duyar\u0131z.\u201d de\u011ferlendirmesinde bulundu.<\/p>\n<p>Rusya ile imzalanan 4,2 milyar dolarl\u0131k silah anla\u015fmas\u0131 ile ilgili herhangi bir sorunlar\u0131 olmad\u0131\u011f\u0131n\u0131 belirten Maliki, \u201cAnla\u015fma bedeli 4,2 milyar dolar. Problem olmadan s\u00fcre\u00e7 ilerliyor. Gece avc\u0131s\u0131 olarak bilinen Mi-28 helikopterlerinin ilk sevkiyat\u0131 Eyl\u00fcl ay\u0131ndan itibaren ba\u015fl\u0131yor.\u201d bilgisini verdi. Maliki, Irak\u2019\u0131n egemenli\u011finin korunmas\u0131 i\u00e7in Rusya\u2019dan yeni silah al\u0131mlar\u0131 yapacaklar\u0131n\u0131 kaydetti.<\/p>\n<p>Suriye krizinin \u00e7\u00f6z\u00fcm\u00fc i\u00e7in Cenevre\u2019de toplanmas\u0131 planlanan uluslar aras\u0131 konferans\u0131 desteklediklerini de vurgulayan Maliki, \u201cBiz de konferansa kat\u0131lmak istiyoruz. \u0130ran ve Suudi Arabistan da davet edilmeli\u2026\u201d \u00f6nerisinde bulundu.<\/p>\n<p>Kaynak: <a href=\"http:\/\/enerjienstitusu.com\/2013\/07\/04\/maliki-gazprom-neft-kurt-bolgesinde-calismalarini-durdurmali\/\" target=\"_blank\">Enerji Enstit\u00fcs\u00fc<\/a><\/p>","protected":false},"excerpt":{"rendered":"<p>Sorry, this entry is only available in Turkish. For the sake of viewer convenience, the content is shown below in the alternative language. You may click the link to switch the active language.Irak Cumhurba\u015fkan\u0131 Nuri Maliki, Moskova\u2019da yapt\u0131\u011f\u0131 a\u00e7\u0131klamada, Gazprom Neft\u2019ten K\u00fcrt b\u00f6lgesindeki \u00e7al\u0131\u015fmalar\u0131n\u0131 durdurmas\u0131n\u0131 istedi. Do\u011falgaz \u0130hra\u00e7 Eden \u00dclkeler Forumu i\u00e7in bulundu\u011fu Moskova\u2019da Interfax\u2019a [&hellip;]<\/p>\n","protected":false},"author":1,"featured_media":12739,"comment_status":"open","ping_status":"open","sticky":false,"template":"","format":"standard","meta":[],"categories":[46,53,44],"tags":[63,67,165,4711,945,6625,6624,6626],"views":428,"_links":{"self":[{"href":"https:\/\/www.enerjigazetesi.ist\/en\/wp-json\/wp\/v2\/posts\/12738"}],"collection":[{"href":"https:\/\/www.enerjigazetesi.ist\/en\/wp-json\/wp\/v2\/posts"}],"about":[{"href":"https:\/\/www.enerjigazetesi.ist\/en\/wp-json\/wp\/v2\/types\/post"}],"author":[{"embeddable":true,"href":"https:\/\/www.enerjigazetesi.ist\/en\/wp-json\/wp\/v2\/users\/1"}],"replies":[{"embeddable":true,"href":"https:\/\/www.enerjigazetesi.ist\/en\/wp-json\/wp\/v2\/comments?post=12738"}],"version-history":[{"count":3,"href":"https:\/\/www.enerjigazetesi.ist\/en\/wp-json\/wp\/v2\/posts\/12738\/revisions"}],"predecessor-version":[{"id":12747,"href":"https:\/\/www.enerjigazetesi.ist\/en\/wp-json\/wp\/v2\/posts\/12738\/revisions\/12747"}],"wp:featuredmedia":[{"embeddable":true,"href":"https:\/\/www.enerjigazetesi.ist\/en\/wp-json\/wp\/v2\/media\/12739"}],"wp:attachment":[{"href":"https:\/\/www.enerjigazetesi.ist\/en\/wp-json\/wp\/v2\/media?parent=12738"}],"wp:term":[{"taxonomy":"category","embeddable":true,"href":"https:\/\/www.enerjigazetesi.ist\/en\/wp-json\/wp\/v2\/categories?post=12738"},{"taxonomy":"post_tag","embeddable":true,"href":"https:\/\/www.enerjigazetesi.ist\/en\/wp-json\/wp\/v2\/tags?post=12738"}],"curies":[{"name":"wp","href":"https:\/\/api.w.org\/{rel}","templated":true}]}}