{"id":127354,"date":"2021-01-18T11:18:53","date_gmt":"2021-01-18T08:18:53","guid":{"rendered":"https:\/\/www.enerjigazetesi.ist\/?p=127354"},"modified":"2021-01-18T11:19:10","modified_gmt":"2021-01-18T08:19:10","slug":"turkiye-elektrigi-nin-8-44-unu-ruzgardan-sagladi","status":"publish","type":"post","link":"https:\/\/www.enerjigazetesi.ist\/en\/turkiye-elektrigi-nin-8-44-unu-ruzgardan-sagladi\/","title":{"rendered":"(Turkish) T\u00fcrkiye Elektri\u011finin % 8,44\u2019\u00fc R\u00fczgardan Elde Edildi!"},"content":{"rendered":"<p class=\"qtranxs-available-languages-message qtranxs-available-languages-message-en\">Sorry, this entry is only available in <a href=\"https:\/\/www.enerjigazetesi.ist\/tr\/wp-json\/wp\/v2\/posts\/127354\" class=\"qtranxs-available-language-link qtranxs-available-language-link-tr\" title=\"Turkish\">Turkish<\/a>. For the sake of viewer convenience, the content is shown below in the alternative language. You may click the link to switch the active language.<\/p><p><\/p>\n<h1><strong>Yap\u0131lan yat\u0131r\u0131mlar ve geli\u015fmelerle birlikte T\u00fcrkiye\u2019de r\u00fczgar enerjisinin elektrik \u00fcretimindeki pay\u0131 %8&#8217;i ge\u00e7ti. 2020 y\u0131l\u0131nda r\u00fczgar enerjisi alan\u0131nda mevcut kurulu kapasiteye ilave olarak yakla\u015f\u0131k 1.500 MW civar\u0131nda bir kapasitenin devreye al\u0131nd\u0131\u011f\u0131na vurgu yap\u0131l\u0131rken COVID-19 s\u00fcrecinde yerli ve do\u011fal enerji kayna\u011f\u0131 r\u00fczgar enerjisi bayra\u011f\u0131n\u0131n daha da yukar\u0131lara \u00e7ekildi\u011fi ifade ediliyor.<\/strong><\/h1>\n<p><img loading=\"lazy\" class=\"alignright wp-image-127358\" src=\"https:\/\/www.enerjigazetesi.ist\/wp-content\/uploads\/2021\/01\/turkiye-elektrigi-nin-8-44-unu-ruzgardan-sagladi-2.jpg\" alt=\"\" width=\"320\" height=\"211\" srcset=\"https:\/\/www.enerjigazetesi.ist\/wp-content\/uploads\/2021\/01\/turkiye-elektrigi-nin-8-44-unu-ruzgardan-sagladi-2.jpg 550w, https:\/\/www.enerjigazetesi.ist\/wp-content\/uploads\/2021\/01\/turkiye-elektrigi-nin-8-44-unu-ruzgardan-sagladi-2-300x198.jpg 300w, https:\/\/www.enerjigazetesi.ist\/wp-content\/uploads\/2021\/01\/turkiye-elektrigi-nin-8-44-unu-ruzgardan-sagladi-2-500x330.jpg 500w, https:\/\/www.enerjigazetesi.ist\/wp-content\/uploads\/2021\/01\/turkiye-elektrigi-nin-8-44-unu-ruzgardan-sagladi-2-76x50.jpg 76w\" sizes=\"(max-width: 320px) 100vw, 320px\" \/>Ya\u015fanan <strong>iklimsel de\u011fi\u015fiklikler<\/strong> ve<strong> ekonomik sorunlarla<\/strong> birlikte gelece\u011fe <strong>temiz bir \u00e7evre b\u0131rakma<\/strong> anlay\u0131\u015f\u0131, <strong>yenilenebilir enerji kaynaklar\u0131na<\/strong> ihtiyac\u0131 daha da art\u0131r\u0131yor. Bu aray\u0131\u015f i\u00e7erisinde \u00f6zellikle r\u00fczgar enerjisinin sa\u011flad\u0131\u011f\u0131 <strong>ekonomik, toplumsal<\/strong> ve <strong>\u00e7evreci faydalar<\/strong> \u00f6n plana \u00e7\u0131k\u0131yor. <strong>\u00c7evreci<\/strong> ve <strong>ucuz enerji<\/strong> olarak yat\u0131r\u0131mlar\u0131 \u00fczerine \u00e7eken <strong>r\u00fczgar enerjisi<\/strong>, T\u00fcrkiye\u2019de de ciddi bir \u015fekilde kamu ve \u00f6zel sekt\u00f6r taraf\u0131ndan takip ediliyor. T\u00fcrkiye\u2019nin, elektrik ihtiyac\u0131n\u0131n <strong>%8,44<\/strong>\u2019\u00fcn\u00fc sahip oldu\u011fu<strong> 3.351 adet<\/strong> r\u00fczgar t\u00fcrbininden sa\u011flanmaktad\u0131r.<\/p>\n<h2><strong>T\u00fcrkiye&#8217;nin Enerjisi&#8217;nin %8,44\u2019\u00fc R\u00fczgardan Sa\u011flan\u0131yor!<\/strong><\/h2>\n<p><strong>EP\u0130A\u015e<\/strong> taraf\u0131ndan a\u00e7\u0131klanan ve <strong>T\u00fcrkiye R\u00fczgar Enerjisi Birli\u011fi<\/strong> taraf\u0131ndan duyurulan verilere g\u00f6re, T\u00fcrkiye 2020 y\u0131l\u0131nda <strong>elektrik \u00fcretimi<\/strong>nin <strong>%8,44<\/strong>\u2019\u00fcn\u00fc <strong>r\u00fczgar enerjisinden<\/strong> kar\u015f\u0131lad\u0131. \u00d6zellikle pandemi s\u00fcrecinde <strong>fosil yak\u0131tlardan sa\u011flanan<\/strong> enerjinin \u00fcretiminde ya\u015fanan sorunlar kar\u015f\u0131s\u0131nda esen r\u00fczgar\u0131n enerjisinden faydalanan T\u00fcrkiye, <strong>COVID-19<\/strong>\u2019un<strong> ilk pik noktas\u0131na<\/strong> ula\u015ft\u0131\u011f\u0131 Nisan ay\u0131nda <strong>%10<\/strong>\u2019un \u00fczerinde <strong>elektrik \u00fcretimini r\u00fczgar<\/strong> ile sa\u011flad\u0131. Y\u0131llard\u0131r yap\u0131lan yat\u0131r\u0131mlar\u0131n ve geli\u015fmelerin meyvelerini t\u00fcm d\u00fcnyan\u0131n enerji \u00fcretiminde zorland\u0131\u011f\u0131 bir s\u00fcre\u00e7te toplamaya ba\u015flarken her ne kadar <strong>t\u00fcrbinlerin komponent \u00fcretimlerinde<\/strong> ve<strong> tedariklerinde<\/strong> zorluklar ya\u015fansa da <strong>kriz s\u00fcrecini<\/strong> hem devletin hem de yat\u0131r\u0131mc\u0131lar\u0131n destekleriyle <strong>verimli atlat\u0131lmaya<\/strong> \u00e7al\u0131\u015f\u0131ld\u0131\u011f\u0131na da vurgu yap\u0131lmaktad\u0131r.<\/p>\n<h2><strong>Kurulu R\u00fczgar G\u00fcc\u00fcnde 9.244 MWm\u2019ye Ula\u015f\u0131ld\u0131!<\/strong><\/h2>\n<p>T\u00fcrkiye, <strong>r\u00fczgar enerjisi<\/strong> alan\u0131nda geli\u015fim g\u00f6stermeye devam ediyor.<strong> 2020<\/strong> y\u0131l\u0131na<strong> 8 GW<\/strong> kurulu r\u00fczgar g\u00fcc\u00fcne sahip olarak<strong> enerjisini r\u00fczgardan \u00fcretmeye<\/strong> \u00e7al\u0131\u015fan \u00fclkemiz, yap\u0131lan destek ve yat\u0131r\u0131mlarla <strong>zorlu pandemi s\u00fcreci<\/strong>nde <strong>1,5 GW<\/strong>\u2019ye yak\u0131n yeni kurulu g\u00fcc\u00fc devreye alarak <strong>2020<\/strong> y\u0131l\u0131n\u0131 <strong>9.244 MWm<\/strong> kapasiteyle kapatt\u0131. <strong>Yenilenebilir enerji sekt\u00f6r\u00fc<\/strong> i\u00e7in Mevcut <strong>Yenilenebilir Enerji Kaynaklar\u0131 Destek Mekanizmas\u0131<\/strong>\u2019n\u0131n <strong>(YEKDEM)<\/strong>, \u00e7ok kilit bir rol oynarken r\u00fczgarda b\u00fcy\u00fcmenin devam etmesi i\u00e7in sekt\u00f6r olarak <strong>YEKDEM<\/strong>\u2019in devaml\u0131l\u0131\u011f\u0131 \u00f6nemli kazan\u0131mlar sa\u011flayacakt\u0131r.<\/p>\n<h2><strong>R\u00fczgar T\u00fcrbinlerinin Bak\u0131m\u0131 Enerjinin Devaml\u0131l\u0131\u011f\u0131<\/strong><\/h2>\n<p><strong>R\u00fczgar enerjisini elektri\u011fe d\u00f6n\u00fc\u015ft\u00fcren<\/strong> en \u00f6nemli noktalardan birini <strong>r\u00fczgar t\u00fcrbinleri<\/strong> olu\u015fturuyor. Y\u0131llar i\u00e7erisinde yap\u0131lan yat\u0131r\u0131mlar ve r\u00fczgar enerjisine duyulan ihtiya\u00e7 ile say\u0131lar\u0131 artan r\u00fczgar t\u00fcrbinlerinin gelece\u011fini ise <strong>d\u00fczenli<\/strong> ve <strong>d\u00fczensiz bak\u0131mlar<\/strong> belirliyor.\u00a0Kurulu olan ve \u00fcretime ba\u015flayan r\u00fczgar t\u00fcrbinlerinde g\u00f6zle g\u00f6r\u00fclen ya da g\u00f6r\u00fclmeyen bir\u00e7ok <strong>hasar\u0131n t\u00fcrbin \u00f6mr\u00fcn\u00fc<\/strong> ve <strong>enerji \u00fcretimini<\/strong> etkilenirken \u00f6zellikle g\u00f6zle g\u00f6r\u00fclemeyen <strong>hasarlar\u0131n tespit edilememesi<\/strong> nedeniyle<strong> r\u00fczgar t\u00fcrbinlerinde<\/strong> zamanla b\u00fcy\u00fck sorunlar olu\u015fabildi\u011fini ya da<strong> t\u00fcrbin kanatlar\u0131ndaki<\/strong> ilk ba\u015fta <strong>\u00f6nemsenmeyen bir \u00e7izi\u011fin t\u00fcrbinin<\/strong> durmas\u0131ndan kanad\u0131n t\u00fcrbinden ayr\u0131lmas\u0131na kadar pek \u00e7ok soruna yol a\u00e7abildi\u011fine de dikkat \u00e7ekilmektedir. <strong>D\u00fczenli bak\u0131mlarla<\/strong> r\u00fczgar t\u00fcrbinlerinin \u00f6m\u00fcrlerinin ortalama <strong>25 y\u0131la<\/strong> kadar \u00e7\u0131karken<strong> r\u00fczgar t\u00fcrbinlerine<\/strong> ait bile\u015fenlerin <strong>bak\u0131m takiplerinin<\/strong> ve <strong>bak\u0131mlar\u0131n\u0131n<\/strong> d\u00fczenli yap\u0131lmad\u0131\u011f\u0131 takdirde alarm verdi\u011fini ve <strong>ciddi zararlar<\/strong> ortaya \u00e7\u0131kabilmektedir.<\/p>","protected":false},"excerpt":{"rendered":"<p>Sorry, this entry is only available in Turkish. For the sake of viewer convenience, the content is shown below in the alternative language. You may click the link to switch the active language. Yap\u0131lan yat\u0131r\u0131mlar ve geli\u015fmelerle birlikte T\u00fcrkiye\u2019de r\u00fczgar enerjisinin elektrik \u00fcretimindeki pay\u0131 %8&#8217;i ge\u00e7ti. 2020 y\u0131l\u0131nda r\u00fczgar enerjisi alan\u0131nda mevcut kurulu kapasiteye ilave [&hellip;]<\/p>\n","protected":false},"author":1,"featured_media":127359,"comment_status":"open","ping_status":"open","sticky":false,"template":"","format":"standard","meta":[],"categories":[51,53,50],"tags":[45446,70198,5070,19,52259,1010,85013,53282,54979,3390,45445,56666],"views":92,"_links":{"self":[{"href":"https:\/\/www.enerjigazetesi.ist\/en\/wp-json\/wp\/v2\/posts\/127354"}],"collection":[{"href":"https:\/\/www.enerjigazetesi.ist\/en\/wp-json\/wp\/v2\/posts"}],"about":[{"href":"https:\/\/www.enerjigazetesi.ist\/en\/wp-json\/wp\/v2\/types\/post"}],"author":[{"embeddable":true,"href":"https:\/\/www.enerjigazetesi.ist\/en\/wp-json\/wp\/v2\/users\/1"}],"replies":[{"embeddable":true,"href":"https:\/\/www.enerjigazetesi.ist\/en\/wp-json\/wp\/v2\/comments?post=127354"}],"version-history":[{"count":1,"href":"https:\/\/www.enerjigazetesi.ist\/en\/wp-json\/wp\/v2\/posts\/127354\/revisions"}],"predecessor-version":[{"id":127355,"href":"https:\/\/www.enerjigazetesi.ist\/en\/wp-json\/wp\/v2\/posts\/127354\/revisions\/127355"}],"wp:featuredmedia":[{"embeddable":true,"href":"https:\/\/www.enerjigazetesi.ist\/en\/wp-json\/wp\/v2\/media\/127359"}],"wp:attachment":[{"href":"https:\/\/www.enerjigazetesi.ist\/en\/wp-json\/wp\/v2\/media?parent=127354"}],"wp:term":[{"taxonomy":"category","embeddable":true,"href":"https:\/\/www.enerjigazetesi.ist\/en\/wp-json\/wp\/v2\/categories?post=127354"},{"taxonomy":"post_tag","embeddable":true,"href":"https:\/\/www.enerjigazetesi.ist\/en\/wp-json\/wp\/v2\/tags?post=127354"}],"curies":[{"name":"wp","href":"https:\/\/api.w.org\/{rel}","templated":true}]}}