{"id":127340,"date":"2021-01-17T21:10:20","date_gmt":"2021-01-17T18:10:20","guid":{"rendered":"https:\/\/www.enerjigazetesi.ist\/?p=127340"},"modified":"2021-01-17T21:21:41","modified_gmt":"2021-01-17T18:21:41","slug":"temiz-enerji-haber-portali-1inci-yasina-girdi","status":"publish","type":"post","link":"https:\/\/www.enerjigazetesi.ist\/en\/temiz-enerji-haber-portali-1inci-yasina-girdi\/","title":{"rendered":"(Turkish) &#8217;Temiz Enerji&#8217; Haber Portal\u0131 1&#8217;inci Ya\u015f\u0131n\u0131 Kutlad\u0131"},"content":{"rendered":"<p class=\"qtranxs-available-languages-message qtranxs-available-languages-message-en\">Sorry, this entry is only available in <a href=\"https:\/\/www.enerjigazetesi.ist\/tr\/wp-json\/wp\/v2\/posts\/127340\" class=\"qtranxs-available-language-link qtranxs-available-language-link-tr\" title=\"Turkish\">Turkish<\/a>. For the sake of viewer convenience, the content is shown below in the alternative language. You may click the link to switch the active language.<\/p><p><\/p>\n<h1>Temiz Enerji Vakf\u0131 taraf\u0131ndan 15 Ocak 2020&#8217;de yay\u0131n hayat\u0131na ba\u015flayan temiz enerji odakl\u0131 haber platformu art\u0131k &#8216;1&#8217; ya\u015f\u0131nda&#8230;<\/h1>\n<p><strong><img loading=\"lazy\" class=\"alignright wp-image-127352\" src=\"https:\/\/www.enerjigazetesi.ist\/wp-content\/uploads\/2021\/01\/temiz-enerji-haber-portali-1inci-yasina-girdi.jpg\" alt=\"\" width=\"320\" height=\"224\" srcset=\"https:\/\/www.enerjigazetesi.ist\/wp-content\/uploads\/2021\/01\/temiz-enerji-haber-portali-1inci-yasina-girdi.jpg 442w, https:\/\/www.enerjigazetesi.ist\/wp-content\/uploads\/2021\/01\/temiz-enerji-haber-portali-1inci-yasina-girdi-300x210.jpg 300w, https:\/\/www.enerjigazetesi.ist\/wp-content\/uploads\/2021\/01\/temiz-enerji-haber-portali-1inci-yasina-girdi-72x50.jpg 72w\" sizes=\"(max-width: 320px) 100vw, 320px\" \/>Do\u011fru<\/strong> ve<strong> tarafs\u0131z<\/strong> <strong>habercilik ilkesiyle<\/strong> yola \u00e7\u0131kan portal,<strong> s\u00fcrd\u00fcr\u00fclebilir<\/strong> bir gelecek ve <strong>temiz enerji<\/strong> vizyonuyla, enerji sekt\u00f6r\u00fcn\u00fc ilgilendiren haberleri payla\u015fmay\u0131 s\u00fcrd\u00fcr\u00fcrken T\u00fcrkiye\u2019de enerji alan\u0131nda en <strong>kapsaml\u0131<\/strong>, <strong>bilgilendirici<\/strong>, <strong>g\u00fcncel haberleri<\/strong> sunmay\u0131 hedefleyen \u00e7izgisiyle <strong>Temiz Enerji<\/strong>; <em>analiz yaz\u0131lar\u0131, konuk yazarlar ve \u00f6zel haber i\u00e7erikleri<\/em> ile<strong> temiz enerjinin nabz\u0131n\u0131<\/strong>\u00a0tutmay\u0131 hep s\u00fcrd\u00fcrecektir.<\/p>\n<p><strong>E-b\u00fclten\u00a0aboneli\u011fi<\/strong> ile sekt\u00f6r geli\u015fmelerini<strong> d\u00fczenli olarak takip<\/strong> edebilme imkan\u0131na sahip olundu\u011fu gibi <strong>sosyal medya hesaplar\u0131n\u0131<\/strong> da takip ederek geli\u015fmelerden an\u0131nda haberdar olabilirsiniz.<\/p>\n<p><b>Daha Detayl\u0131 Bilgi \u0130\u00e7in:\u00a0<\/b><a href=\"https:\/\/temizenerji.org\/\" target=\"_blank\" rel=\"noopener\">https:\/\/temizenerji.org\/\u00a0<\/a>adresini ziyaret edebilirsiniz.<\/p>\n<p><em><strong>&#8216;Enerji Gazetesi Ailesi&#8217;<\/strong> olarak <strong>Temiz Enerji Platformu<\/strong>&#8216;na Nice Ba\u015far\u0131 Dolu Ya\u015flar Dileriz&#8230;<\/em><\/p>","protected":false},"excerpt":{"rendered":"<p>Sorry, this entry is only available in Turkish. For the sake of viewer convenience, the content is shown below in the alternative language. You may click the link to switch the active language. Temiz Enerji Vakf\u0131 taraf\u0131ndan 15 Ocak 2020&#8217;de yay\u0131n hayat\u0131na ba\u015flayan temiz enerji odakl\u0131 haber platformu art\u0131k &#8216;1&#8217; ya\u015f\u0131nda&#8230; Do\u011fru ve tarafs\u0131z habercilik [&hellip;]<\/p>\n","protected":false},"author":1,"featured_media":127352,"comment_status":"open","ping_status":"open","sticky":false,"template":"","format":"standard","meta":[],"categories":[22893,51,53,52,49,48,50,157],"tags":[52259,58103,53157,57125,85012,27564,85010,85011],"views":174,"_links":{"self":[{"href":"https:\/\/www.enerjigazetesi.ist\/en\/wp-json\/wp\/v2\/posts\/127340"}],"collection":[{"href":"https:\/\/www.enerjigazetesi.ist\/en\/wp-json\/wp\/v2\/posts"}],"about":[{"href":"https:\/\/www.enerjigazetesi.ist\/en\/wp-json\/wp\/v2\/types\/post"}],"author":[{"embeddable":true,"href":"https:\/\/www.enerjigazetesi.ist\/en\/wp-json\/wp\/v2\/users\/1"}],"replies":[{"embeddable":true,"href":"https:\/\/www.enerjigazetesi.ist\/en\/wp-json\/wp\/v2\/comments?post=127340"}],"version-history":[{"count":0,"href":"https:\/\/www.enerjigazetesi.ist\/en\/wp-json\/wp\/v2\/posts\/127340\/revisions"}],"wp:featuredmedia":[{"embeddable":true,"href":"https:\/\/www.enerjigazetesi.ist\/en\/wp-json\/wp\/v2\/media\/127352"}],"wp:attachment":[{"href":"https:\/\/www.enerjigazetesi.ist\/en\/wp-json\/wp\/v2\/media?parent=127340"}],"wp:term":[{"taxonomy":"category","embeddable":true,"href":"https:\/\/www.enerjigazetesi.ist\/en\/wp-json\/wp\/v2\/categories?post=127340"},{"taxonomy":"post_tag","embeddable":true,"href":"https:\/\/www.enerjigazetesi.ist\/en\/wp-json\/wp\/v2\/tags?post=127340"}],"curies":[{"name":"wp","href":"https:\/\/api.w.org\/{rel}","templated":true}]}}