{"id":127287,"date":"2021-01-17T16:44:05","date_gmt":"2021-01-17T13:44:05","guid":{"rendered":"https:\/\/www.enerjigazetesi.ist\/?p=127287"},"modified":"2021-01-17T16:44:50","modified_gmt":"2021-01-17T13:44:50","slug":"sanko-enerjinin-salihli-jes-santrallerinin-acilislari-yapildi","status":"publish","type":"post","link":"https:\/\/www.enerjigazetesi.ist\/en\/sanko-enerjinin-salihli-jes-santrallerinin-acilislari-yapildi\/","title":{"rendered":"(Turkish) Sanko Enerji&#8217;nin Salihli JES Santralleri&#8217;nin A\u00e7\u0131l\u0131\u015flar\u0131 Yap\u0131ld\u0131"},"content":{"rendered":"<p class=\"qtranxs-available-languages-message qtranxs-available-languages-message-en\">Sorry, this entry is only available in <a href=\"https:\/\/www.enerjigazetesi.ist\/tr\/wp-json\/wp\/v2\/posts\/127287\" class=\"qtranxs-available-language-link qtranxs-available-language-link-tr\" title=\"Turkish\">Turkish<\/a>. For the sake of viewer convenience, the content is shown below in the alternative language. You may click the link to switch the active language.<\/p><p><\/p>\n<h1>Sanko Enerji Salihli JES-2 ve JES-3 Santrallerinin a\u00e7\u0131l\u0131\u015f\u0131, Say\u0131n Cumhurba\u015fkan\u0131 Recep Tayyip Erdo\u011fan taraf\u0131ndan video konferans arac\u0131l\u0131\u011f\u0131 ile bug\u00fcn yap\u0131ld\u0131.<\/h1>\n<p>Say\u0131n Recep Tayyip Erdo\u011fan jeotermal enerjide T\u00fcrkiye\u2019nin d\u00fcnya s\u0131ralamas\u0131nda <strong>4&#8217;\u00fcnc\u00fc<\/strong> s\u0131rada oldu\u011funu hat\u0131rlatt\u0131 ve <strong>yenilenebilir enerji yat\u0131r\u0131mlar\u0131<\/strong>n\u0131n \u00f6nemime dikkat \u00e7ekerek <strong>Sanko Grubu<\/strong>\u2019na te\u015fekk\u00fcr etti.<\/p>\n<p><img loading=\"lazy\" class=\"alignright wp-image-127290\" src=\"https:\/\/www.enerjigazetesi.ist\/wp-content\/uploads\/2021\/01\/sanko-enerjinin-salihli-jes-santrallerinin-acilislari-yapildi-3.jpg\" alt=\"\" width=\"320\" height=\"214\" srcset=\"https:\/\/www.enerjigazetesi.ist\/wp-content\/uploads\/2021\/01\/sanko-enerjinin-salihli-jes-santrallerinin-acilislari-yapildi-3.jpg 550w, https:\/\/www.enerjigazetesi.ist\/wp-content\/uploads\/2021\/01\/sanko-enerjinin-salihli-jes-santrallerinin-acilislari-yapildi-3-300x200.jpg 300w, https:\/\/www.enerjigazetesi.ist\/wp-content\/uploads\/2021\/01\/sanko-enerjinin-salihli-jes-santrallerinin-acilislari-yapildi-3-500x334.jpg 500w, https:\/\/www.enerjigazetesi.ist\/wp-content\/uploads\/2021\/01\/sanko-enerjinin-salihli-jes-santrallerinin-acilislari-yapildi-3-75x50.jpg 75w, https:\/\/www.enerjigazetesi.ist\/wp-content\/uploads\/2021\/01\/sanko-enerjinin-salihli-jes-santrallerinin-acilislari-yapildi-3-450x300.jpg 450w\" sizes=\"(max-width: 320px) 100vw, 320px\" \/>Enerji Bakan Yard\u0131mc\u0131s\u0131 Say\u0131n <strong>Abdullah Tancan<\/strong>\u2019\u0131n yan\u0131 s\u0131ra Gaziantep Valisi Say\u0131n <strong>Davut G\u00fcl<\/strong>, Salihli Kaymakam\u0131 <strong>Mehmet K\u00e2mil Sa\u011flam<\/strong> ve Gaziantep B\u00fcy\u00fck\u015fehir Belediye Ba\u015fkan\u0131 Say\u0131n <strong>Fatma \u015eahin<\/strong>\u2019in de haz\u0131r bulundu\u011fu a\u00e7\u0131l\u0131\u015f t\u00f6reni, <strong>Sanko Holding<\/strong> Onursal Ba\u015fkanlar\u0131 Say\u0131n <strong>Abdulkadir Konuko\u011flu<\/strong> ve Sanko Holding Y\u00f6netim Kurulu Ba\u015fkan\u0131\u00a0Say\u0131n <strong>Adil Sani Konuko\u011flu<\/strong>\u2019nun bizzat kat\u0131l\u0131m\u0131yla ger\u00e7ekle\u015ftirildi.<\/p>\n<p>Gaziantep Milletvekilleri <em>Ahmet Uzer, Derya Bakbak, Mehmet Erdo\u011fan, Mehmet Sait Kirazo\u011flu, Muhittin Ta\u015fdo\u011fan, M\u00fcsl\u00fcm Y\u00fcksel, Nejat Ko\u00e7er, Manisa Milletvekili \u0130smail Bilen, Salihli Belediye Ba\u015fkan\u0131 Zeki Kayda, \u015eahinbey Belediye Ba\u015fkan\u0131 Mehmet Tahmazo\u011flu, AK Parti Gaziantep \u0130l Ba\u015fkan\u0131 Ey\u00fcp \u00d6zke\u00e7eci, MHP Gaziantep \u0130l Ba\u015fkan\u0131 Cahit \u00c7\u0131kmaz, Gaziantep Sanayi Odas\u0131 Y\u00f6netim Kurulu Ba\u015fkan\u0131 Adnan \u00dcnverdi, Gaziantep Ticaret Odas\u0131 Y\u00f6netim Kurulu Ba\u015fkan\u0131 Tuncay Y\u0131ld\u0131r\u0131m, Gaziantep Organize Sanayi B\u00f6lgesi Y\u00f6netim Kurulu Ba\u015fkan\u0131 Cengiz \u015eim\u015fek<\/em> de t\u00f6rene kat\u0131lan konuklar aras\u0131ndayd\u0131.<\/p>\n<p>Sanko Holding Y\u00f6netim Kurulu \u00dcyesi <strong>Turgut Konuko\u011flu<\/strong>, Sanko Enerji Y\u00f6netim Kurulu Ba\u015fkan Vekili <strong>\u0130hsan Akyol<\/strong> ile Sanko Enerji CEO\u2019su <strong>Ziya Erdem<\/strong> ve G\u00fclsan Holding Y\u00f6netim Kurulu Ba\u015fkan\u0131 <strong>Mustafa Top\u00e7uo\u011flu<\/strong> a\u00e7\u0131l\u0131\u015f i\u00e7in santrale geldiler.<\/p>\n<p>Toplam<strong> 54,5 MW<\/strong> kurulu g\u00fc\u00e7 ile y\u0131ll\u0131k<strong> 500 milyon kWh<\/strong> elektrik enerjisi \u00fcretecek kapasiteye sahip olan <strong>JES-2<\/strong> ve <strong>JES-3 santralleri<\/strong> sayesinde yakla\u015f\u0131k <strong>200 bin hanenin<\/strong> enerji ihtiyac\u0131 kar\u015f\u0131lanacak olup Yenilenebilir bir enerji kayna\u011f\u0131 olarak <strong>JES-2<\/strong> ve<strong> JES-3<\/strong> jeotermal santralleri sayesinde toplam <strong>280 bin<\/strong> ton <strong>CO<sub>2\u00a0<\/sub>sal\u0131m\u0131n\u0131n<\/strong> \u00f6n\u00fcne ge\u00e7ilecek.<\/p>\n<p>Ekim 2017\u2019de devreye al\u0131nan <strong>15 MW<\/strong> kurulu g\u00fcce sahip <strong>JES-1 santrali<\/strong> de dahil olmak \u00fczere, <strong>Sanko Enerji<\/strong> taraf\u0131ndan <strong>250 milyon dolar<\/strong> yat\u0131r\u0131m maliyeti ile ger\u00e7ekle\u015ftirilen<strong> jeotermal santralleri<\/strong>, bug\u00fcn itibar\u0131 ile <strong>%99,5<\/strong> emreamadelikle tam kapasite olarak hizmet veriyor.<\/p>\n<p>Sanko Enerji, jeotermal kaynaklar\u0131 sadece <strong>elektrik enerjisine d\u00f6n\u00fc\u015ft\u00fcrerek<\/strong> \u00fclke ekonomisine kazand\u0131rmakla kalmay\u0131p, Salihli Belediyesi ile birlikte <strong>8.600 konutun<\/strong> jeotermal kaynaklarla \u0131s\u0131t\u0131lmas\u0131 i\u00e7in bir proje y\u00fcr\u00fctt\u00fc. Bu proje kapsam\u0131nda, \u0131s\u0131tma sistemine <strong>5 adet<\/strong> \u00fcretim kuyusu ve bir adet <strong>pompa terfi istasyonu<\/strong> eklenerek <strong>Salihli Belediyesi&#8217;<\/strong>nin \u0131s\u0131tma sisteminin kapasitesi <strong>%130<\/strong> oran\u0131nda art\u0131r\u0131ld\u0131.<\/p>\n<p>T\u00fcm yat\u0131r\u0131m kararlar\u0131na do\u011faya sayg\u0131 ilkesini g\u00f6zeten <strong>Sanko Enerji<\/strong> proje kapsam\u0131nda ayr\u0131ca<strong> santral<\/strong> ve \u00e7evresine <strong>12 bin a\u011fa\u00e7<\/strong> dikti.<\/p>","protected":false},"excerpt":{"rendered":"<p>Sorry, this entry is only available in Turkish. For the sake of viewer convenience, the content is shown below in the alternative language. You may click the link to switch the active language. Sanko Enerji Salihli JES-2 ve JES-3 Santrallerinin a\u00e7\u0131l\u0131\u015f\u0131, Say\u0131n Cumhurba\u015fkan\u0131 Recep Tayyip Erdo\u011fan taraf\u0131ndan video konferans arac\u0131l\u0131\u011f\u0131 ile bug\u00fcn yap\u0131ld\u0131. Say\u0131n Recep [&hellip;]<\/p>\n","protected":false},"author":1,"featured_media":127291,"comment_status":"open","ping_status":"open","sticky":false,"template":"","format":"standard","meta":[],"categories":[51,53,49],"tags":[52259,53925,36184,84982,83557,84983,25056,54979,61665],"views":148,"_links":{"self":[{"href":"https:\/\/www.enerjigazetesi.ist\/en\/wp-json\/wp\/v2\/posts\/127287"}],"collection":[{"href":"https:\/\/www.enerjigazetesi.ist\/en\/wp-json\/wp\/v2\/posts"}],"about":[{"href":"https:\/\/www.enerjigazetesi.ist\/en\/wp-json\/wp\/v2\/types\/post"}],"author":[{"embeddable":true,"href":"https:\/\/www.enerjigazetesi.ist\/en\/wp-json\/wp\/v2\/users\/1"}],"replies":[{"embeddable":true,"href":"https:\/\/www.enerjigazetesi.ist\/en\/wp-json\/wp\/v2\/comments?post=127287"}],"version-history":[{"count":0,"href":"https:\/\/www.enerjigazetesi.ist\/en\/wp-json\/wp\/v2\/posts\/127287\/revisions"}],"wp:featuredmedia":[{"embeddable":true,"href":"https:\/\/www.enerjigazetesi.ist\/en\/wp-json\/wp\/v2\/media\/127291"}],"wp:attachment":[{"href":"https:\/\/www.enerjigazetesi.ist\/en\/wp-json\/wp\/v2\/media?parent=127287"}],"wp:term":[{"taxonomy":"category","embeddable":true,"href":"https:\/\/www.enerjigazetesi.ist\/en\/wp-json\/wp\/v2\/categories?post=127287"},{"taxonomy":"post_tag","embeddable":true,"href":"https:\/\/www.enerjigazetesi.ist\/en\/wp-json\/wp\/v2\/tags?post=127287"}],"curies":[{"name":"wp","href":"https:\/\/api.w.org\/{rel}","templated":true}]}}