{"id":127262,"date":"2021-01-17T14:16:44","date_gmt":"2021-01-17T11:16:44","guid":{"rendered":"https:\/\/www.enerjigazetesi.ist\/?p=127262"},"modified":"2021-01-17T14:54:03","modified_gmt":"2021-01-17T11:54:03","slug":"maspo-enerji-ala-2-santrali-ile-jes-yatirimlarinda-hedef-buyuttu","status":"publish","type":"post","link":"https:\/\/www.enerjigazetesi.ist\/en\/maspo-enerji-ala-2-santrali-ile-jes-yatirimlarinda-hedef-buyuttu\/","title":{"rendered":"(Turkish) Maspo Enerji &#8216;Ala-2 Santrali&#8217; ile JES Yat\u0131r\u0131mlar\u0131nda Hedefini B\u00fcy\u00fctt\u00fc!"},"content":{"rendered":"<p class=\"qtranxs-available-languages-message qtranxs-available-languages-message-en\">Sorry, this entry is only available in <a href=\"https:\/\/www.enerjigazetesi.ist\/tr\/wp-json\/wp\/v2\/posts\/127262\" class=\"qtranxs-available-language-link qtranxs-available-language-link-tr\" title=\"Turkish\">Turkish<\/a>. For the sake of viewer convenience, the content is shown below in the alternative language. You may click the link to switch the active language.<\/p><p><\/p>\n<h1><strong>MASPO Enerji A.\u015e.\u2019nin\u00a0Manisa Ala\u015fehir\u2019de yer alan 30 MW g\u00fcc\u00fcndeki ALA-2 jeotermal enerji santralinin resmi a\u00e7\u0131l\u0131\u015f\u0131 Cumhurba\u015fkan\u0131 Recep Tayyip Erdo\u011fan ve Enerji ve Tabii Kaynaklar Bakan\u0131 Fatih D\u00f6nmez\u2019in kat\u0131l\u0131mlar\u0131 ile yap\u0131ld\u0131.<img loading=\"lazy\" class=\"alignright wp-image-127265\" src=\"https:\/\/www.enerjigazetesi.ist\/wp-content\/uploads\/2021\/01\/maspo-enerji-ala-2-santrali-ile-jes-yatirimlarinda-hedef-buyuttu-1.jpg\" alt=\"\" width=\"320\" height=\"214\" srcset=\"https:\/\/www.enerjigazetesi.ist\/wp-content\/uploads\/2021\/01\/maspo-enerji-ala-2-santrali-ile-jes-yatirimlarinda-hedef-buyuttu-1.jpg 550w, https:\/\/www.enerjigazetesi.ist\/wp-content\/uploads\/2021\/01\/maspo-enerji-ala-2-santrali-ile-jes-yatirimlarinda-hedef-buyuttu-1-300x200.jpg 300w, https:\/\/www.enerjigazetesi.ist\/wp-content\/uploads\/2021\/01\/maspo-enerji-ala-2-santrali-ile-jes-yatirimlarinda-hedef-buyuttu-1-500x334.jpg 500w, https:\/\/www.enerjigazetesi.ist\/wp-content\/uploads\/2021\/01\/maspo-enerji-ala-2-santrali-ile-jes-yatirimlarinda-hedef-buyuttu-1-75x50.jpg 75w, https:\/\/www.enerjigazetesi.ist\/wp-content\/uploads\/2021\/01\/maspo-enerji-ala-2-santrali-ile-jes-yatirimlarinda-hedef-buyuttu-1-450x300.jpg 450w\" sizes=\"(max-width: 320px) 100vw, 320px\" \/><\/strong><\/h1>\n<p><strong>G\u00dcRMEN Group<\/strong> \u015firketlerinden\u00a0<strong>Maspo Enerji A.\u015e.<\/strong>\u2019nin <strong>Manisa Ala\u015fehir<\/strong>\u2019de kurulu jeotermal enerji santral yat\u0131r\u0131mlar\u0131ndan<strong> 30 MW<\/strong> kurulu g\u00fc\u00e7teki yeni faz\u0131 olan\u00a0<strong>ALA-2<\/strong>\u2019nin resmi a\u00e7\u0131l\u0131\u015f\u0131 Cumhurba\u015fkan\u0131 <strong>Recep Tayyip Erdo\u011fan<\/strong> ve Enerji ve Tabii Kaynaklar\u0131 Bakan\u0131<strong> Fatih D\u00f6nmez<\/strong>\u2019in video konferans ve Bakan Yard\u0131mc\u0131s\u0131 <strong>Prof. Dr. \u015eeref Kalayc\u0131<\/strong>\u2019n\u0131n a\u00e7\u0131l\u0131\u015fa bizzat kat\u0131l\u0131m\u0131yla d\u00fczenlenen t\u00f6renle ger\u00e7ekle\u015fti.<\/p>\n<p>Ge\u00e7en g\u00fcnlerde <strong>Enerji ve Tabii Kaynaklar Bakanl\u0131\u011f\u0131<\/strong>&#8216;nca ge\u00e7ici kabul\u00fc ger\u00e7ekle\u015ftirilen<strong> Maspo Enerji A.\u015e.<\/strong>\u2019nin <strong>Manisa Ala\u015fehir<\/strong>\u2019de bulunan <strong>30 MW<\/strong> g\u00fcc\u00fcndeki <strong>ALA-2 jeotermal enerji santrali<\/strong>nin resmi a\u00e7\u0131l\u0131\u015f t\u00f6reniyle <strong>Maspo Enerji A.\u015e.<\/strong>\u2019nin <em><img loading=\"lazy\" class=\"alignleft wp-image-127270\" src=\"https:\/\/www.enerjigazetesi.ist\/wp-content\/uploads\/2021\/01\/2021-01-17_143409.jpg\" alt=\"\" width=\"300\" height=\"306\" srcset=\"https:\/\/www.enerjigazetesi.ist\/wp-content\/uploads\/2021\/01\/2021-01-17_143409.jpg 465w, https:\/\/www.enerjigazetesi.ist\/wp-content\/uploads\/2021\/01\/2021-01-17_143409-294x300.jpg 294w, https:\/\/www.enerjigazetesi.ist\/wp-content\/uploads\/2021\/01\/2021-01-17_143409-392x400.jpg 392w, https:\/\/www.enerjigazetesi.ist\/wp-content\/uploads\/2021\/01\/2021-01-17_143409-49x50.jpg 49w\" sizes=\"(max-width: 300px) 100vw, 300px\" \/><\/em>yat\u0131r\u0131mlar\u0131 T\u00fcrkiye\u2019nin <strong>en b\u00fcy\u00fck santral yat\u0131r\u0131mlar\u0131<\/strong> aras\u0131nda yerini ald\u0131.<\/p>\n<p><strong>A\u00e7\u0131l\u0131\u015f t\u00f6reni sonras\u0131<\/strong> a\u00e7\u0131klamalarda bulunan\u00a0<strong>G\u00fcrmen Group<\/strong> Y\u00f6netim Kurulu Ba\u015fkan\u0131 <strong>Remzi G\u00fcr<\/strong>, <em>\u201cGrup olarak daha ya\u015fanabilir bir d\u00fcnya i\u00e7in \u00e7evreye dost <strong>yenilenebilir enerji<\/strong> alan\u0131na<strong> yat\u0131r\u0131m<\/strong> yap\u0131yoruz. Bu alandaki yat\u0131r\u0131mlar\u0131m\u0131z\u0131n hayata ge\u00e7irilmesinde \u00f6ncelikle jeotermali stratejik alan olarak se\u00e7tik. <strong>T\u00fcrkiye<\/strong>\u00a0jeotermal enerjide <strong>Avrupa\u2019da 1\u2019nci<\/strong>, d\u00fcnyada <strong>4\u2019\u00fcnc\u00fc<\/strong> s\u0131rada ve \u00f6nemli bir geli\u015fim potansiyeline sahip.\u00a0Resmi a\u00e7\u0131l\u0131\u015f\u0131 yap\u0131lan <strong>ALA-2 JES<\/strong>, yenilebilir enerji alan\u0131ndaki yat\u0131r\u0131mlar\u0131m\u0131z i\u00e7in \u00f6nemli bir a\u015famayd\u0131 ve bu yat\u0131r\u0131m\u0131 \u00fclkemize kazand\u0131rmaktan, <strong>jeotermal enerjide<\/strong> T\u00fcrkiye\u2019nin<strong> yerli kaynaklar\u0131n\u0131n geli\u015fimine<\/strong> katk\u0131da bulunmaktan mutluluk duyuyoruz\u201d<\/em> ifadelerini kulland\u0131.<\/p>\n<p><strong>Maspo Enerji A.\u015e.<\/strong> Genel M\u00fcd\u00fcr\u00fc <strong>Murat Solmaz <\/strong>ise, \u201cD\u00fcnyada t\u00fcketti\u011fi enerjinin tamam\u0131n\u0131 yenilenebilir kaynaklardan \u00fcreten \u015firketlerin yer ald\u0131\u011f\u0131 <strong>RE100 platformu<\/strong>na T\u00fcrkiye\u2019den kabul edilen ilk ve tek grup olan <strong>G\u00fcrmen Group<\/strong> \u015firketlerinden <strong>Maspo A.\u015e.<\/strong>\u2019nin <strong>ALA-2 jeotermal enerji <img loading=\"lazy\" class=\"alignright wp-image-127272\" src=\"https:\/\/www.enerjigazetesi.ist\/wp-content\/uploads\/2021\/01\/maspo-enerji-ala-2-santrali-ile-jes-yatirimlarinda-hedef-buyuttu-3.jpg\" alt=\"\" width=\"320\" height=\"235\" srcset=\"https:\/\/www.enerjigazetesi.ist\/wp-content\/uploads\/2021\/01\/maspo-enerji-ala-2-santrali-ile-jes-yatirimlarinda-hedef-buyuttu-3.jpg 442w, https:\/\/www.enerjigazetesi.ist\/wp-content\/uploads\/2021\/01\/maspo-enerji-ala-2-santrali-ile-jes-yatirimlarinda-hedef-buyuttu-3-300x220.jpg 300w, https:\/\/www.enerjigazetesi.ist\/wp-content\/uploads\/2021\/01\/maspo-enerji-ala-2-santrali-ile-jes-yatirimlarinda-hedef-buyuttu-3-68x50.jpg 68w\" sizes=\"(max-width: 320px) 100vw, 320px\" \/>santrali<\/strong>nin devreye girmesiyle yenilenebilir enerjide toplam <strong>40 MW<\/strong>\u2019l\u0131k kurulu g\u00fcce ula\u015ft\u0131k. <strong>Maspo Enerji A.\u015e.<\/strong> olarak t\u00fcm g\u00fcc\u00fcm\u00fczle <strong>yenilebilir enerji<\/strong> ve odakland\u0131\u011f\u0131m\u0131z <strong>jeotermal enerji kaynaklar\u0131<\/strong>n\u0131 s\u00fcrd\u00fcr\u00fclebilirlik vizyonumuz ile art\u0131rmaya devam ediyoruz\u201d dedi.<\/p>\n<h2><strong>Jeotermal\u2019in Daha Etkin Kullan\u0131laca\u011f\u0131 Yeni Yat\u0131r\u0131mlara Haz\u0131rl\u0131k Yap\u0131l\u0131yor&#8230;<\/strong><\/h2>\n<p><strong>Maspo Enerji A.\u015e.<\/strong>\u2019nin\u00a0\u015fu anda <strong>12 bin 650 hektarl\u0131k<\/strong> jeotermal sahas\u0131yla yat\u0131r\u0131mlar\u0131n\u0131n bulundu\u011fu Manisa y\u00f6resinin <strong>en b\u00fcy\u00fck<\/strong> ve <strong>verimli ruhsat\u0131na<\/strong> sahip oldu\u011funu belirten\u00a0<strong>Murat Solmaz<\/strong>, s\u00f6zlerini \u015f\u00f6yle s\u00fcrd\u00fcrd\u00fc: \u201c2017 y\u0131l\u0131nda jeotermal santral yat\u0131r\u0131mlar\u0131m\u0131z\u0131n ilk faz\u0131 olarak<strong> 10 MW<\/strong> g\u00fcce sahip jeotermal enerji santral\u0131 <strong>ALA-1<\/strong>\u2019i i\u015fletmeye ald\u0131k ve <strong>30 MW<\/strong>\u2019l\u0131k <strong>ALA-2<\/strong> jeotermal enerji santralinin de yat\u0131r\u0131m s\u00fcrecini ba\u015flatt\u0131k. <strong>ALA-2<\/strong>\u2019nin resmi a\u00e7\u0131l\u0131\u015f\u0131yla da hedeflerimizi ger\u00e7ekle\u015ftirmede b\u00fcy\u00fck bir ad\u0131m att\u0131k.<\/p>\n<p><strong>Yeni yat\u0131r\u0131m hedefleri<\/strong>ne y\u00f6nelik a\u00e7\u0131klamalarda da bulunan\u00a0<strong>Maspo Enerji A.\u015e.<\/strong> Genel M\u00fcd\u00fcr\u00fc<strong> Murat Solmaz,<\/strong><em> \u201cHedeflerimizi b\u00fcy\u00fctt\u00fck. Jeotermal\u2019in entegre yat\u0131r\u0131mlar\u0131 \u00fczerinde \u00e7al\u0131\u015fmalar\u0131m\u0131za ba\u015flad\u0131k. Jeotermalin etkin kullan\u0131ld\u0131\u011f\u0131 <strong>serac\u0131l\u0131k<\/strong> ve <strong>tar\u0131m yat\u0131r\u0131mlar\u0131<\/strong> \u00fczerinde fizibilite \u00e7al\u0131\u015fmalar\u0131m\u0131za devam ediyoruz. Di\u011fer taraftan yat\u0131r\u0131mlar\u0131m\u0131z\u0131n <strong>3&#8217;\u00fcnc\u00fc faz\u0131<\/strong> i\u00e7in \u00e7al\u0131\u015fmalar\u0131m\u0131za ara vermeden devam ediyoruz\u201d<\/em> ifadelerini kulland\u0131.<\/p>\n<p>Yay\u0131nlayan: B\u00fc\u015fra ERTA\u015e \u2013 Enerji Sis. M\u00fch. \/ Haber M\u00fcd\u00fcr\u00fc \u2013 Enerji Gazetesi \u2013 <a href=\"mailto:busra.ertas@enerjigazetesi.ist\" target=\"_blank\" rel=\"nofollow noopener\">busra.ertas@enerjigazetesi.ist<\/a><\/p>","protected":false},"excerpt":{"rendered":"<p>Sorry, this entry is only available in Turkish. For the sake of viewer convenience, the content is shown below in the alternative language. You may click the link to switch the active language. MASPO Enerji A.\u015e.\u2019nin\u00a0Manisa Ala\u015fehir\u2019de yer alan 30 MW g\u00fcc\u00fcndeki ALA-2 jeotermal enerji santralinin resmi a\u00e7\u0131l\u0131\u015f\u0131 Cumhurba\u015fkan\u0131 Recep Tayyip Erdo\u011fan ve Enerji ve [&hellip;]<\/p>\n","protected":false},"author":1,"featured_media":127266,"comment_status":"open","ping_status":"open","sticky":false,"template":"","format":"standard","meta":[],"categories":[53,48],"tags":[84976,37822,84980,45860,52259,12235,1972,27530,39562,84981,36848,53925,58159,84979,6072,58157,84978,58158,53357,2346,84977],"views":360,"_links":{"self":[{"href":"https:\/\/www.enerjigazetesi.ist\/en\/wp-json\/wp\/v2\/posts\/127262"}],"collection":[{"href":"https:\/\/www.enerjigazetesi.ist\/en\/wp-json\/wp\/v2\/posts"}],"about":[{"href":"https:\/\/www.enerjigazetesi.ist\/en\/wp-json\/wp\/v2\/types\/post"}],"author":[{"embeddable":true,"href":"https:\/\/www.enerjigazetesi.ist\/en\/wp-json\/wp\/v2\/users\/1"}],"replies":[{"embeddable":true,"href":"https:\/\/www.enerjigazetesi.ist\/en\/wp-json\/wp\/v2\/comments?post=127262"}],"version-history":[{"count":0,"href":"https:\/\/www.enerjigazetesi.ist\/en\/wp-json\/wp\/v2\/posts\/127262\/revisions"}],"wp:featuredmedia":[{"embeddable":true,"href":"https:\/\/www.enerjigazetesi.ist\/en\/wp-json\/wp\/v2\/media\/127266"}],"wp:attachment":[{"href":"https:\/\/www.enerjigazetesi.ist\/en\/wp-json\/wp\/v2\/media?parent=127262"}],"wp:term":[{"taxonomy":"category","embeddable":true,"href":"https:\/\/www.enerjigazetesi.ist\/en\/wp-json\/wp\/v2\/categories?post=127262"},{"taxonomy":"post_tag","embeddable":true,"href":"https:\/\/www.enerjigazetesi.ist\/en\/wp-json\/wp\/v2\/tags?post=127262"}],"curies":[{"name":"wp","href":"https:\/\/api.w.org\/{rel}","templated":true}]}}