{"id":127242,"date":"2021-01-16T15:10:07","date_gmt":"2021-01-16T12:10:07","guid":{"rendered":"https:\/\/www.enerjigazetesi.ist\/?p=127242"},"modified":"2021-01-16T15:12:43","modified_gmt":"2021-01-16T12:12:43","slug":"yesil-ekonomi-ye-geciste-en-etkili-yerli-ve-ucuz-yol-enerji-verimliligidir","status":"publish","type":"post","link":"https:\/\/www.enerjigazetesi.ist\/en\/yesil-ekonomi-ye-geciste-en-etkili-yerli-ve-ucuz-yol-enerji-verimliligidir\/","title":{"rendered":"(Turkish) Ye\u015fil Ekonomiye Ge\u00e7i\u015fte En Etkili, Yerli ve Ucuz Yol &#8216;Enerji Verimlili\u011fi&#8217;dir!"},"content":{"rendered":"<p class=\"qtranxs-available-languages-message qtranxs-available-languages-message-en\">Sorry, this entry is only available in <a href=\"https:\/\/www.enerjigazetesi.ist\/tr\/wp-json\/wp\/v2\/posts\/127242\" class=\"qtranxs-available-language-link qtranxs-available-language-link-tr\" title=\"Turkish\">Turkish<\/a>. For the sake of viewer convenience, the content is shown below in the alternative language. You may click the link to switch the active language.<\/p><p><\/p>\n<h1>K\u00fcresel \u0131s\u0131nma ve \u00e7evresel sorunlar\u0131n \u00e7\u00f6z\u00fcm\u00fcn\u00fcn, enerji verimlili\u011fi ve yenilenebilir enerji kaynaklar\u0131 oldu\u011funa i\u015faret eden EYODER Ba\u015fkan\u0131 Cihan Karam\u0131k\u2019a g\u00f6re, \u00fclkemizin ye\u015fil ekonomiye ge\u00e7i\u015fte kullanabilece\u011fi en etkili, yerli ve ucuz yol enerji verimlili\u011fi.<\/h1>\n<p>\u0130\u00e7inde bulundu\u011fumuz <strong>\u201cEnerji Verimlili\u011fi Haftas\u0131\u201d<\/strong> dolay\u0131s\u0131yla a\u00e7\u0131klamada bulunan <strong>EYODER<\/strong> Y\u00f6netim Kurulu Ba\u015fkan\u0131 <strong>Cihan Karam\u0131k<\/strong>,<\/p>\n<p><img loading=\"lazy\" class=\"alignright wp-image-127247\" src=\"https:\/\/www.enerjigazetesi.ist\/wp-content\/uploads\/2021\/01\/yesil-ekonomi-ye-geciste-en-etkili-yerli-ve-ucuz-yol-enerji-verimliligidir.jpg\" alt=\"\" width=\"340\" height=\"188\" srcset=\"https:\/\/www.enerjigazetesi.ist\/wp-content\/uploads\/2021\/01\/yesil-ekonomi-ye-geciste-en-etkili-yerli-ve-ucuz-yol-enerji-verimliligidir.jpg 640w, https:\/\/www.enerjigazetesi.ist\/wp-content\/uploads\/2021\/01\/yesil-ekonomi-ye-geciste-en-etkili-yerli-ve-ucuz-yol-enerji-verimliligidir-300x166.jpg 300w, https:\/\/www.enerjigazetesi.ist\/wp-content\/uploads\/2021\/01\/yesil-ekonomi-ye-geciste-en-etkili-yerli-ve-ucuz-yol-enerji-verimliligidir-500x277.jpg 500w, https:\/\/www.enerjigazetesi.ist\/wp-content\/uploads\/2021\/01\/yesil-ekonomi-ye-geciste-en-etkili-yerli-ve-ucuz-yol-enerji-verimliligidir-80x44.jpg 80w\" sizes=\"(max-width: 340px) 100vw, 340px\" \/>\u201cBir yandan enerji kaynaklar\u0131n\u0131n azalmas\u0131, di\u011fer yandan<strong> sanayile\u015fme, \u015fehirle\u015fme<\/strong> ve <strong>dijitalle\u015fmeye<\/strong> ba\u011fl\u0131 olarak enerjiye olan ihtiyac\u0131n artmas\u0131, <strong>k\u00fcresel \u0131s\u0131nma tehdidi<\/strong> ve <strong>\u00e7evresel sorunlar<\/strong> bizi iki temel \u00e7\u00f6z\u00fcme y\u00f6nlendiriyor. 1&#8217;incisi <strong>enerji verimlili\u011fi<\/strong>, di\u011feri ise <strong>yenilenebilir enerji kaynaklar\u0131n\u0131n kullan\u0131m\u0131<\/strong>.\u201d dedi.<\/p>\n<p>Enerji verimlili\u011finin \u00fclkemizin <strong>ye\u015fil ekonomiye ge\u00e7i\u015fte<\/strong> kullanabilece\u011fi <strong>en etkili, yerli<\/strong> ve <strong>ucuz<\/strong> ara\u00e7lardan birisi oldu\u011funa dikkat \u00e7eken Karam\u0131k\u2019a g\u00f6re,<em> \u201cArt\u0131k enerjiyi kullanma k\u00fclt\u00fcr\u00fcnden y\u00f6netme k\u00fclt\u00fcr\u00fcne ge\u00e7memiz gerekiyor\u201d<\/em><\/p>\n<p><strong>Enerji verimlili\u011fi<\/strong> sadece artan <strong>enerji maliyetleri<\/strong> ve cari a\u00e7\u0131k konular\u0131 \u00fczerine odakl\u0131 \u00e7al\u0131\u015fmalarla k\u0131s\u0131tlanabilecek bir konu olmad\u0131\u011f\u0131n\u0131 alt\u0131n\u0131 \u00e7izen Karam\u0131k,<\/p>\n<p>\u201c<strong>Enerji verimlili\u011fi<\/strong> ayn\u0131 zamanda T\u00fcrkiye\u2019nin cari a\u00e7\u0131\u011f\u0131n\u0131 azaltmas\u0131na, <strong>b\u00fcy\u00fcmeyi s\u00fcrd\u00fcrmesine, rekabet\u00e7ili\u011fine, \u00e7evreyi korumas\u0131na<\/strong> ve <strong>iklim de\u011fi\u015fikli\u011fi<\/strong> ile etkin bir \u015fekilde m\u00fccadele etmesine yard\u0131mc\u0131 olacakt\u0131r. T\u00fcrkiye i\u00e7in <strong>arz istikrar\u0131n\u0131 sa\u011flamak<\/strong> amac\u0131yla talep taraf\u0131nda <strong>enerji verimlili\u011fini art\u0131rmak<\/strong> kritik \u00f6neme sahiptir.\u201d ifadelerini kulland\u0131.<\/p>\n<p>Enerji verimlili\u011finde at\u0131lacak somut ad\u0131mlar\u0131n T\u00fcrkiye\u2019nin <strong>rekabet\u00e7ili\u011fi<\/strong> ve <strong>uzun vadeli s\u00fcrd\u00fcr\u00fclebilir ekonomik b\u00fcy\u00fcmesi<\/strong> i\u00e7in hayati \u00f6neme sahip oldu\u011funu s\u00f6yleyen Karam\u0131k,<\/p>\n<p><em>\u201cEnerjinin etkin kullan\u0131lmamas\u0131 i\u015fletmeler i\u00e7in y\u00fcksek maliyet anlam\u0131na gelir, dolay\u0131s\u0131yla enerji verimlili\u011finde sa\u011flanacak iyile\u015fmeler T\u00fcrkiye\u2019nin k\u00fcresel ekonomide rekabet\u00e7ili\u011fini koruyabilmesi i\u00e7in temel bir gerekliliktir. Enerjinin etkin y\u00f6netilememesi ayn\u0131 zamanda daha fazla kamu kayna\u011f\u0131n\u0131n enerjiye harcanmas\u0131, bir ba\u015fka deyi\u015fle ulusal b\u00fct\u00e7eden enerji harcamalar\u0131 i\u00e7in daha fazla pay aktar\u0131lmas\u0131 anlam\u0131na gelir.\u201d<\/em> dedi.<\/p>\n<p>Enerji verimlili\u011fi <strong>iklim de\u011fi\u015fikli\u011finin etkisini azaltmak<\/strong> art\u0131k geli\u015fmi\u015f \u00fclkelerde \u00f6ncelikli bir politika.<\/p>\n<p>\u00dclkemizde, <strong>2018 verilerine g\u00f6re<\/strong> hesaplanan toplam <strong>sera gaz\u0131 emisyonlar\u0131<\/strong> k\u00fcresel emisyonlar\u0131n <strong>% 1<\/strong>\u2019ini olu\u015fturuyor. Bu emisyonlar\u0131n <strong>% 71,6<\/strong>\u2019s\u0131 ise enerji kaynakl\u0131.<\/p>\n<p>Karam\u0131k: \u00a0<em>\u201c\u00dclkemizde enerji verimlili\u011fi alan\u0131nda \u00e7ok g\u00fc\u00e7l\u00fc ad\u0131mlar at\u0131lmaktad\u0131r. 2017 y\u0131l\u0131nda yay\u0131nlanan <strong>\u2018Ulusal Enerji Verimlili\u011fi Eylem Plan\u0131 (UEVEP)\u2019<\/strong> ile 2023 y\u0131l\u0131na kadar <strong>10,9 milyar dolar<\/strong> yat\u0131r\u0131m yap\u0131larak<strong> 1&#8217;incil enerji t\u00fcketimi<\/strong>nin <strong>% 14<\/strong> azalt\u0131lmas\u0131 hedefi ortaya konmu\u015ftur. Bu kapsamda <strong>2017-2019 d\u00f6neminde<\/strong> toplam <strong>960 milyon dolar<\/strong> parasal tasarruf elde edildi\u011fi bildirilmi\u015ftir.\u201d<\/em><\/p>","protected":false},"excerpt":{"rendered":"<p>Sorry, this entry is only available in Turkish. For the sake of viewer convenience, the content is shown below in the alternative language. You may click the link to switch the active language. K\u00fcresel \u0131s\u0131nma ve \u00e7evresel sorunlar\u0131n \u00e7\u00f6z\u00fcm\u00fcn\u00fcn, enerji verimlili\u011fi ve yenilenebilir enerji kaynaklar\u0131 oldu\u011funa i\u015faret eden EYODER Ba\u015fkan\u0131 Cihan Karam\u0131k\u2019a g\u00f6re, \u00fclkemizin ye\u015fil [&hellip;]<\/p>\n","protected":false},"author":1,"featured_media":127247,"comment_status":"open","ping_status":"open","sticky":false,"template":"","format":"standard","meta":[],"categories":[51,53,52],"tags":[34271,52259,1727,58103,84972,84973,84974,11933,57125,54979,53805,90],"views":262,"_links":{"self":[{"href":"https:\/\/www.enerjigazetesi.ist\/en\/wp-json\/wp\/v2\/posts\/127242"}],"collection":[{"href":"https:\/\/www.enerjigazetesi.ist\/en\/wp-json\/wp\/v2\/posts"}],"about":[{"href":"https:\/\/www.enerjigazetesi.ist\/en\/wp-json\/wp\/v2\/types\/post"}],"author":[{"embeddable":true,"href":"https:\/\/www.enerjigazetesi.ist\/en\/wp-json\/wp\/v2\/users\/1"}],"replies":[{"embeddable":true,"href":"https:\/\/www.enerjigazetesi.ist\/en\/wp-json\/wp\/v2\/comments?post=127242"}],"version-history":[{"count":0,"href":"https:\/\/www.enerjigazetesi.ist\/en\/wp-json\/wp\/v2\/posts\/127242\/revisions"}],"wp:featuredmedia":[{"embeddable":true,"href":"https:\/\/www.enerjigazetesi.ist\/en\/wp-json\/wp\/v2\/media\/127247"}],"wp:attachment":[{"href":"https:\/\/www.enerjigazetesi.ist\/en\/wp-json\/wp\/v2\/media?parent=127242"}],"wp:term":[{"taxonomy":"category","embeddable":true,"href":"https:\/\/www.enerjigazetesi.ist\/en\/wp-json\/wp\/v2\/categories?post=127242"},{"taxonomy":"post_tag","embeddable":true,"href":"https:\/\/www.enerjigazetesi.ist\/en\/wp-json\/wp\/v2\/tags?post=127242"}],"curies":[{"name":"wp","href":"https:\/\/api.w.org\/{rel}","templated":true}]}}