{"id":127211,"date":"2021-01-16T11:17:23","date_gmt":"2021-01-16T08:17:23","guid":{"rendered":"https:\/\/www.enerjigazetesi.ist\/?p=127211"},"modified":"2021-01-16T12:11:11","modified_gmt":"2021-01-16T09:11:11","slug":"5-ilde-jeotermal-santraline-yonelik-sorunlar-konusulacak","status":"publish","type":"post","link":"https:\/\/www.enerjigazetesi.ist\/en\/5-ilde-jeotermal-santraline-yonelik-sorunlar-konusulacak\/","title":{"rendered":"(Turkish) 5 ilde Jeotermal Santraline Y\u00f6nelik Sorunlar Konu\u015fulacak"},"content":{"rendered":"<p class=\"qtranxs-available-languages-message qtranxs-available-languages-message-en\">Sorry, this entry is only available in <a href=\"https:\/\/www.enerjigazetesi.ist\/tr\/wp-json\/wp\/v2\/posts\/127211\" class=\"qtranxs-available-language-link qtranxs-available-language-link-tr\" title=\"Turkish\">Turkish<\/a>. For the sake of viewer convenience, the content is shown below in the alternative language. You may click the link to switch the active language.<\/p><p><\/p>\n<h1>CHP Do\u011fa Haklar\u0131 ve \u00c7evreden Sorumlu Genel Ba\u015fkan Yard\u0131mc\u0131l\u0131\u011f\u0131 taraf\u0131ndan kurulan &#8220;Jeotermal Enerji Ara\u015ft\u0131rma Komisyonu&#8221; \u00e7al\u0131\u015fmalar\u0131na ba\u015flad\u0131. \u0130lk durak Ayd\u0131n.<\/h1>\n<p><img loading=\"lazy\" class=\"alignright wp-image-127213\" src=\"https:\/\/www.enerjigazetesi.ist\/wp-content\/uploads\/2021\/01\/5-ilde-jeotermal-santraline-yonelik-sorunlar-konusulacak.jpg\" alt=\"\" width=\"320\" height=\"188\" srcset=\"https:\/\/www.enerjigazetesi.ist\/wp-content\/uploads\/2021\/01\/5-ilde-jeotermal-santraline-yonelik-sorunlar-konusulacak.jpg 550w, https:\/\/www.enerjigazetesi.ist\/wp-content\/uploads\/2021\/01\/5-ilde-jeotermal-santraline-yonelik-sorunlar-konusulacak-300x176.jpg 300w, https:\/\/www.enerjigazetesi.ist\/wp-content\/uploads\/2021\/01\/5-ilde-jeotermal-santraline-yonelik-sorunlar-konusulacak-500x294.jpg 500w, https:\/\/www.enerjigazetesi.ist\/wp-content\/uploads\/2021\/01\/5-ilde-jeotermal-santraline-yonelik-sorunlar-konusulacak-80x47.jpg 80w\" sizes=\"(max-width: 320px) 100vw, 320px\" \/>Genel Ba\u015fkan Yard\u0131mc\u0131s\u0131 <strong>Ali \u00d6ztun\u00e7<\/strong>\u00a0ba\u015fkanl\u0131\u011f\u0131nda kurulan komisyon, <strong>19 Ocak Sal\u0131 g\u00fcn\u00fc<\/strong> \u00e7al\u0131\u015fmalar\u0131na ba\u015fl\u0131yor. <strong>4 g\u00fcn<\/strong> s\u00fcrecek komisyon \u00e7al\u0131\u015fmas\u0131nda amac\u0131n\u0131n<strong> jeotermal enerji<\/strong> ile ilgili konularda <strong>bilgi toplamak, ara\u015ft\u0131rma yapmak, tedbirler geli\u015ftirmek<\/strong> ve <strong>\u00f6nerilerde bulunmak<\/strong> oldu\u011fu belirtilirken, bu kapsamda <strong>Ayd\u0131n, Manisa, Denizli, Mu\u011fla<\/strong> ve <strong>\u0130zmir<\/strong>\u2019de konuyla ilgili kurum ve <strong>STK<\/strong>\u2019lar, <strong>yerel y\u00f6netimler<\/strong> ve<strong> yurtta\u015flarla<\/strong> g\u00f6r\u00fc\u015f\u00fclerek saha incelemeleri yap\u0131lacak.<\/p>\n<h2><strong>B\u00d6LGE VEK\u0130LLER\u0130 SAHADA <\/strong><\/h2>\n<p>Komisyonda PM \u00fcyesi <strong>Gizem \u00d6zcan<\/strong>, Ayd\u0131n Milletvekilleri <strong>S\u00fcleyman B\u00fclb\u00fcl<\/strong> ve <strong>H\u00fcseyin Y\u0131ld\u0131z<\/strong>, Manisa Milletvekili <strong>Ahmet\u00a0Vehbi Bak\u0131rl\u0131o\u011flu<\/strong>, Denizli Milletvekili <strong>Ha\u015fim Teoman Sancar<\/strong>, Mu\u011fla Milletvekili <strong>M\u00fcrsel Alban<\/strong> ve \u0130zmir Milletvekili <strong>Mahir Polat<\/strong> bulunuyor.<\/p>\n<h2><strong>\u201cSORUN YER\u0130NDE \u00c7\u00d6Z\u00dcL\u00dcR\u201d<\/strong><\/h2>\n<p><strong>Jeotermal Enerji Ara\u015ft\u0131rma Komisyonu<\/strong>\u2019na ba\u015fkanl\u0131k eden <strong>Ali \u00d6ztun\u00e7<\/strong>, <em>\u201cCHP olarak sahadaki \u00e7al\u0131\u015fmalar\u0131m\u0131z\u0131 devam ettiriyoruz. Komisyonumuz ile sorunu yerinde inceleme anlay\u0131\u015f\u0131yla <strong>4 g\u00fcnl\u00fck<\/strong> <strong>saha incelemeleri<\/strong> ve <strong>arama toplant\u0131lar\u0131<\/strong> planlad\u0131k. CHP olarak, <strong>strateji<\/strong> ve <strong>politikalar\u0131m\u0131z\u0131<\/strong> bu anlay\u0131\u015fla in\u015fa ediyoruz\u201d<\/em> dedi.<\/p>\n<p><strong>Jeotermal Enerji Ara\u015ft\u0131rma Komisyonu<\/strong>\u2019nun <span style=\"text-decoration: underline;\">4 g\u00fcnl\u00fck program\u0131 \u015f\u00f6yle:<\/span><\/p>\n<p><strong>19 Ocak<\/strong> Sal\u0131 g\u00fcn\u00fc Ayd\u0131n<br \/>\n<strong>20 Ocak<\/strong> \u00c7ar\u015famba g\u00fcn\u00fc Manisa<br \/>\n<strong>21 Ocak<\/strong> Per\u015fembe g\u00fcn\u00fc Denizli ve Mu\u011fla<br \/>\n<strong>22 Ocak<\/strong> Cuma g\u00fcn\u00fc \u0130zmir<\/p>","protected":false},"excerpt":{"rendered":"<p>Sorry, this entry is only available in Turkish. For the sake of viewer convenience, the content is shown below in the alternative language. You may click the link to switch the active language. CHP Do\u011fa Haklar\u0131 ve \u00c7evreden Sorumlu Genel Ba\u015fkan Yard\u0131mc\u0131l\u0131\u011f\u0131 taraf\u0131ndan kurulan &#8220;Jeotermal Enerji Ara\u015ft\u0131rma Komisyonu&#8221; \u00e7al\u0131\u015fmalar\u0131na ba\u015flad\u0131. \u0130lk durak Ayd\u0131n. Genel Ba\u015fkan [&hellip;]<\/p>\n","protected":false},"author":1,"featured_media":127213,"comment_status":"open","ping_status":"open","sticky":false,"template":"","format":"standard","meta":[],"categories":[53,48],"tags":[82309,7179,83511,845,52259,2689,83509,53925,36184,2191,3089,54979],"views":225,"_links":{"self":[{"href":"https:\/\/www.enerjigazetesi.ist\/en\/wp-json\/wp\/v2\/posts\/127211"}],"collection":[{"href":"https:\/\/www.enerjigazetesi.ist\/en\/wp-json\/wp\/v2\/posts"}],"about":[{"href":"https:\/\/www.enerjigazetesi.ist\/en\/wp-json\/wp\/v2\/types\/post"}],"author":[{"embeddable":true,"href":"https:\/\/www.enerjigazetesi.ist\/en\/wp-json\/wp\/v2\/users\/1"}],"replies":[{"embeddable":true,"href":"https:\/\/www.enerjigazetesi.ist\/en\/wp-json\/wp\/v2\/comments?post=127211"}],"version-history":[{"count":0,"href":"https:\/\/www.enerjigazetesi.ist\/en\/wp-json\/wp\/v2\/posts\/127211\/revisions"}],"wp:featuredmedia":[{"embeddable":true,"href":"https:\/\/www.enerjigazetesi.ist\/en\/wp-json\/wp\/v2\/media\/127213"}],"wp:attachment":[{"href":"https:\/\/www.enerjigazetesi.ist\/en\/wp-json\/wp\/v2\/media?parent=127211"}],"wp:term":[{"taxonomy":"category","embeddable":true,"href":"https:\/\/www.enerjigazetesi.ist\/en\/wp-json\/wp\/v2\/categories?post=127211"},{"taxonomy":"post_tag","embeddable":true,"href":"https:\/\/www.enerjigazetesi.ist\/en\/wp-json\/wp\/v2\/tags?post=127211"}],"curies":[{"name":"wp","href":"https:\/\/api.w.org\/{rel}","templated":true}]}}