{"id":127102,"date":"2021-01-14T16:54:28","date_gmt":"2021-01-14T13:54:28","guid":{"rendered":"https:\/\/www.enerjigazetesi.ist\/?p=127102"},"modified":"2021-01-14T16:59:08","modified_gmt":"2021-01-14T13:59:08","slug":"pepsico-iklim-hedefini-2ye-katlayarak-2040a-kadar-sifir-emisyon-sozu-verdi","status":"publish","type":"post","link":"https:\/\/www.enerjigazetesi.ist\/en\/pepsico-iklim-hedefini-2ye-katlayarak-2040a-kadar-sifir-emisyon-sozu-verdi\/","title":{"rendered":"(Turkish) &#8217;PepsiCo&#8217; \u0130klim Hedefini 2&#8217;ye Katlayarak 2040\u2019a Kadar S\u0131f\u0131r Emisyon S\u00f6z\u00fc Verdi"},"content":{"rendered":"<p class=\"qtranxs-available-languages-message qtranxs-available-languages-message-en\">Sorry, this entry is only available in <a href=\"https:\/\/www.enerjigazetesi.ist\/tr\/wp-json\/wp\/v2\/posts\/127102\" class=\"qtranxs-available-language-link qtranxs-available-language-link-tr\" title=\"Turkish\">Turkish<\/a>. For the sake of viewer convenience, the content is shown below in the alternative language. You may click the link to switch the active language.<\/p><p><\/p>\n<h1><strong>Daha g\u00fc\u00e7l\u00fc ve s\u00fcrd\u00fcr\u00fclebilir bir yiyecek sistemi kurma \u00e7abalar\u0131n\u0131 h\u0131zland\u0131ran PepsiCo taraf\u0131ndan t\u00fcm de\u011fer zinciri genelinde mutlak sera gaz\u0131 emisyonunu 2030 y\u0131l\u0131na kadar % 40\u2019tan fazla d\u00fc\u015f\u00fcr\u00fclecek.<\/strong><\/h1>\n<p>PepsiCo (NASDAQ:PEP) bug\u00fcn, <strong>2030 y\u0131l\u0131na kadar<\/strong> de\u011fer zinciri genelinde <strong>mutlak sera gaz\u0131 (GHG) emisyonlar\u0131<\/strong>n\u0131n <strong>%40<\/strong>&#8216;\u0131n \u00fczerinde azalt\u0131lmas\u0131n\u0131 hedefleyerek, bilime dayal\u0131 <strong>iklim hedefi<\/strong>ni iki kat\u0131ndan fazla art\u0131rma planlar\u0131n\u0131 duyurdu. Ayr\u0131ca firma, <strong>Paris Anla\u015fmas\u0131<\/strong>&#8216;nda \u00f6ng\u00f6r\u00fclenden <strong>10 y\u0131l<\/strong> \u00f6nce, 2040 y\u0131l\u0131na kadar<strong> net s\u0131f\u0131r emisyona<\/strong> ula\u015f\u0131laca\u011f\u0131n\u0131n s\u00f6z\u00fcn\u00fc verdi.<\/p>\n<p><img loading=\"lazy\" class=\"alignright wp-image-127105\" src=\"https:\/\/www.enerjigazetesi.ist\/wp-content\/uploads\/2021\/01\/pepsico-iklim-hedefini-2ye-katlayarak-2040a-kadar-sifir-emisyon-sozu-verdi-2.jpg\" alt=\"\" width=\"320\" height=\"180\" srcset=\"https:\/\/www.enerjigazetesi.ist\/wp-content\/uploads\/2021\/01\/pepsico-iklim-hedefini-2ye-katlayarak-2040a-kadar-sifir-emisyon-sozu-verdi-2.jpg 550w, https:\/\/www.enerjigazetesi.ist\/wp-content\/uploads\/2021\/01\/pepsico-iklim-hedefini-2ye-katlayarak-2040a-kadar-sifir-emisyon-sozu-verdi-2-300x169.jpg 300w, https:\/\/www.enerjigazetesi.ist\/wp-content\/uploads\/2021\/01\/pepsico-iklim-hedefini-2ye-katlayarak-2040a-kadar-sifir-emisyon-sozu-verdi-2-500x281.jpg 500w, https:\/\/www.enerjigazetesi.ist\/wp-content\/uploads\/2021\/01\/pepsico-iklim-hedefini-2ye-katlayarak-2040a-kadar-sifir-emisyon-sozu-verdi-2-80x45.jpg 80w\" sizes=\"(max-width: 320px) 100vw, 320px\" \/>PepsiCo, <strong>2030&#8217;a<\/strong> kadar do\u011frudan operasyonlar\u0131nda (kapsam 1 ve 2) mutlak sera gaz\u0131 emisyonlar\u0131n\u0131 <strong>% 75<\/strong> ve dolayl\u0131 operasyonlar\u0131n\u0131 (kapsam 3)<strong> %40<\/strong> azaltmay\u0131 planl\u0131yor (2015 bazl\u0131). Bu eylemin, <strong>26 milyon metrik<\/strong> tondan fazla <strong>sera gaz\u0131 emisyonunun azalt\u0131lmas\u0131<\/strong>yla veya <strong>be\u015f milyondan fazla otomobilin bir y\u0131l boyunca trafikten kald\u0131r\u0131lmas\u0131na<\/strong> e\u015fde\u011fer olmas\u0131 bekleniyor.<\/p>\n<p>PepsiCo Y\u00f6netim Kurulu Ba\u015fkan\u0131 ve CEO&#8217;su <strong>Ramon Laguarta<\/strong>, <em>&#8220;<strong>\u0130klim de\u011fi\u015fikli\u011finin etkileri<\/strong> \u015fiddetini art\u0131r\u0131yor ve bu sorunu \u00e7\u00f6zmek i\u00e7in gereken acil sistemsel de\u011fi\u015fiklikleri h\u0131zland\u0131rmal\u0131y\u0131z&#8221; dedi. \u201c\u0130klim eylemi, d\u00fcnyan\u0131n lider <strong>yiyecek<\/strong> ve <strong>i\u00e7ecek<\/strong> \u015firketlerinden biri olarak i\u015fimizin temelini olu\u015fturuyor ve gezegen ve insanlar i\u00e7in olumlu sonu\u00e7lar sa\u011flamak \u00fczere <strong>PepsiCo Pozitif<\/strong> yolculu\u011fumuza h\u0131z kat\u0131yor. G\u00fc\u00e7l\u00fc iklim hedefimiz bize zorlu ancak <strong>bu \u00e7ok kritik yolculukta<\/strong> rehberlik edecek &#8211; acil ve agresif eylemden ba\u015fka se\u00e7enek yok.&#8221;<\/em><\/p>\n<p>PepsiCo\u2019nun eylem plan\u0131; hem operasyonlar\u0131n\u0131 ve tedarik zincirini <strong>karbonsuzla\u015ft\u0131rmak<\/strong> i\u00e7in <strong>sera gaz\u0131 emisyonlar\u0131n\u0131 azaltmak<\/strong> hem de <strong>iklim de\u011fi\u015fikli\u011fi<\/strong> konusunu i\u015f s\u00fcreklili\u011fi planlar\u0131na dahil etmeye devam ederek iklim de\u011fi\u015fikli\u011finin etkilerine kar\u015f\u0131 daha g\u00fc\u00e7l\u00fc bir savunma etraf\u0131nda odaklanm\u0131\u015ft\u0131r. Avrupa\u2019da, <strong>2015\u2019ten bu yana toplam emisyonunu, global hedeflerle paralel olarak, \u015fimdiden %6 oran\u0131nda azaltm\u0131\u015f durumda bulunan PepsiCo<\/strong>, yeni ve kapsaml\u0131<strong> emisyon azaltma plan\u0131 ile tar\u0131m, paketleme, da\u011f\u0131t\u0131m<\/strong> ve <strong>operasyonlar<\/strong> gibi \u00f6ncelikli alanlara odaklanacak.<\/p>\n<p>PepsiCo Europe CEO\u2019su<strong> Silviu Popovici<\/strong> \u201c<strong>\u0130klim de\u011fi\u015fikli\u011fi<\/strong> i\u00e7in a\u015f\u0131 yok. Ancak gezegenimiz bir kriz i\u00e7erisinde\u201d derken s\u00f6zlerine \u015fu \u015fekilde devam ediyor: &#8220;PepsiCo\u2019nun<strong> yeni iklim hedefi<\/strong>, <strong>emisyon azaltma \u00e7abalar\u0131<\/strong>m\u0131z\u0131 <strong>2&#8217;ye<\/strong> katlayacak. Bu, hem \u015firkete ait <strong>i\u015fletmeleri<\/strong> hem de<strong> tedarik\u00e7ilerimizi<\/strong> ve <strong>\u015fi\u015feleyicilerimizi<\/strong> i\u00e7eriyor. Basit\u00e7e s\u00f6ylemek gerekirse, <strong>hepimiz daha fazlas\u0131n\u0131<\/strong> yapmal\u0131y\u0131z.&#8221;<\/p>\n<p><strong>Karbon sal\u0131m\u0131n\u0131 azaltmak<\/strong> i\u00e7in do\u011frudan operasyonlardaki <strong>yenilenebilir enerji kullan\u0131m\u0131<\/strong>n\u0131\u00a0art\u0131rd\u0131klar\u0131n\u0131 ve \u00fcr\u00fcnlerin ambalajlar\u0131nda kullan\u0131lan plasti\u011fi azaltt\u0131klar\u0131n\u0131 s\u00f6yleyen\u00a0PepsiCo T\u00fcrkiye Genel M\u00fcd\u00fcr\u00fc <strong>Ece Aksel<\/strong>; <em>\u201cBu sene itibar\u0131 ile gazl\u0131 i\u00e7eceklerimizde <strong>%50<\/strong> geri d\u00f6n\u00fc\u015ft\u00fcr\u00fclm\u00fc\u015f <strong>PET kullan\u0131m\u0131na<\/strong> ge\u00e7iyoruz. Fabrikalar\u0131m\u0131zda <strong>yenilenebilir enerji kullan\u0131m\u0131<\/strong>n\u0131 her ge\u00e7en g\u00fcn daha da art\u0131r\u0131yoruz. Bug\u00fcn, Yiyecek fabrikalar\u0131m\u0131zda, elektrik t\u00fcketimimizin <strong>%50<\/strong>\u2019lere varan b\u00f6l\u00fcm\u00fcn\u00fc organik at\u0131klar\u0131m\u0131zdan elde etti\u011fimiz<strong> biyogaz<\/strong> ve <strong>solar enerjiden<\/strong> elde ediyoruz 2021 y\u0131l\u0131 itibariyle t\u00fcm fabrikalar\u0131m\u0131za\u00a0<strong>%100<\/strong> yenilenebilir elektri\u011fe ge\u00e7meyi hedefliyoruz\u201d<\/em> dedi.<\/p>\n<h2><strong>Avrupa % 40 mutlak emisyon azalt\u0131m\u0131na giden yolda \u00a0a\u015fa\u011f\u0131dakilere <span style=\"text-decoration: underline;\">odaklanacakt\u0131r:<\/span><\/strong><\/h2>\n<p>&#8211; Tar\u0131m\u0131n D\u00fcnya genelindeki sera gaz\u0131 emisyonunun yakla\u015f\u0131k \u00e7eyre\u011fini ve <strong>PepsiCo<\/strong>\u2019nun<strong> emisyonlar\u0131n\u0131n<\/strong> yakla\u015f\u0131k \u00fc\u00e7te birini olu\u015fturmas\u0131 sebebiyle PepsiCo,<strong> emisyon azalt\u0131m\u0131na<\/strong> yard\u0131mc\u0131 olman\u0131n yan\u0131 s\u0131ra <strong>toprak sa\u011fl\u0131\u011f\u0131n\u0131<\/strong> ve <strong>biyo-\u00e7e\u015fitlili\u011fi<\/strong> iyile\u015ftirmeye, <strong>orman kesimlerini azaltmaya<\/strong> ve \u00e7ift\u00e7iler i\u00e7in daha fazla verim sa\u011flamaya yard\u0131mc\u0131 olan <strong>s\u00fcrd\u00fcr\u00fclebilir tar\u0131m ve rejeneratif \u00e7al\u0131\u015fmalar\u0131n\u0131 daha da \u00f6l\u00e7eklendirecek.<\/strong>\u00a0Bu, s\u00fcrd\u00fcr\u00fclebilir uygulamalar\u0131n uygulanmas\u0131na ve ge\u00e7im kaynaklar\u0131n\u0131n iyile\u015ftirilmesine yard\u0131mc\u0131 olmak i\u00e7in \u015firketin k\u00fcresel\u00a0\u00d6rnek \u00c7iftlikler\u00a0a\u011f\u0131n\u0131 geni\u015fletmeyi i\u00e7eriyor. PepsiCo, Avrupa&#8217;da ayr\u0131ca <strong>Lays<\/strong> ve <strong>Walkers fabrikalar\u0131nda<\/strong> patates at\u0131klar\u0131ndan yap\u0131lm\u0131\u015f <a href=\"https:\/\/www.pepsico.co.uk\/news\/stories\/cutting-carbon-emissions\" target=\"_blank\" rel=\"nofollow noopener\"><strong>d\u00fc\u015f\u00fck emisyonlu g\u00fcbre \u00fcretmek<\/strong><strong><u>\u00a0<\/u><\/strong><\/a>teknolojisinin yan\u0131 s\u0131ra Quaker <strong>yulaf<\/strong> ve<strong> Lay&#8217;s patates mahsulleri<\/strong>nde <strong>hassas tar\u0131m teknolojisinden daha fazla yararlanacak<\/strong>. \u015eirket ayr\u0131ca <strong>\u00e7ift\u00e7iler ve tar\u0131msal bile\u015fenlerin tedarik\u00e7ileri ile yenilenebilir enerjiye<\/strong> ge\u00e7i\u015f yapacak<strong>.<\/strong><\/p>\n<p>&#8211; PepsiCo, ambalaj\u0131ndaki <strong>plastik kullan\u0131m\u0131nda<\/strong> <strong>geri d\u00f6n\u00fc\u015ft\u00fcr\u00fclm\u00fc\u015f<\/strong> <strong>oran\u0131n\u0131<\/strong> art\u0131rmaya devam ederek sera gaz\u0131 emisyonlar\u0131n\u0131n etkisini azaltacak. Buna, Avrupa&#8217;da dokuz \u00fclkede Pepsi markas\u0131 kapsam\u0131nda, <strong>2022&#8217;ye kadar<\/strong>\u00a0<a href=\"https:\/\/www.pepsico.com\/news\/press-release\/pepsico-commits-to-100-recycled-plastic-beverage-bottles-for-its-pepsi-brand-in-9-eu-markets-by-2022\"><strong>%100 geri d\u00f6n\u00fc\u015ft\u00fcr\u00fclm\u00fc\u015f plastik (rPET) \u015fi\u015felerin kullan\u0131ma<\/strong><\/a><strong><u>\u00a0<\/u><\/strong>ge\u00e7i\u015f i\u00e7in yap\u0131lan son duyurular da dahildir.<\/p>\n<p>&#8211; Firma, <strong>\u00e7evresel a\u00e7\u0131dan s\u00fcrd\u00fcr\u00fclebilir \u00fcretim, depolama, nakliye ve da\u011f\u0131t\u0131m<\/strong> tesislerinin uygulanmas\u0131 ve iyile\u015ftirilmesi yoluyla, s\u0131f\u0131r ve s\u0131f\u0131ra yak\u0131n emisyon teknolojilerini benimserken, tedarik zincirinde verimlili\u011fi en \u00fcst d\u00fczeye \u00e7\u0131karmay\u0131 hedefliyor. Lay&#8217;s&#8217;den <strong>Pepsi MAX<\/strong>&#8216;e ve<strong> Quaker<\/strong>&#8216;dan Tropicana&#8217;ya kadar, giderek daha fazla <strong>PepsiCo<\/strong> markas\u0131 yenilenebilir kaynaklardan <strong>elektrik kullanarak<\/strong> \u00fcretiliyor. <strong>PepsiCo\u2019nun Avrupa b\u00f6lgesindeki 12 \u00fclke halihaz\u0131rda %100 yenilenebilir elektrik<\/strong> sa\u011fl\u0131yor ve b\u00f6lgedeki<em> r\u00fczgar g\u00fclleri, g\u00fcne\u015f enerjisi, fotovoltaik paneller<\/em> veya <em>biyok\u00fctle jenerat\u00f6rleri<\/em> gibi b\u00f6lgedeki <strong>13 tesiste kurulu\u00a0<\/strong>yenilenebilir enerji kaynaklar\u0131na sahip. PepsiCo, lojistik alan\u0131nda <strong>d\u00fc\u015f\u00fck ve s\u0131f\u0131r emisyonlu yak\u0131ta ge\u00e7i\u015f i\u00e7in tedarik\u00e7ileriyle<\/strong> birlikte \u00e7al\u0131\u015facak ve ayn\u0131 zamanda <strong>da\u011f\u0131t\u0131mdaki emisyonlar\u0131 azaltmak<\/strong> i\u00e7in <strong>daha iyi rota planlamas\u0131 sa\u011flamak i\u00e7in yapay zeka teknolojisi kullan\u0131m\u0131n\u0131<\/strong> geni\u015fletecek.<\/p>\n<p>&#8211; <strong>PepsiCo<\/strong>, \u00e7evresel etki karar verme s\u00fcrecini \u00fcr\u00fcn tasar\u0131m\u0131n\u0131n merkezine koyan <strong>&#8220;Ba\u015flang\u0131\u00e7tan \u0130tibaren S\u00fcrd\u00fcr\u00fclebilir&#8221;<\/strong> program\u0131 gibi <strong>sera gaz\u0131 emisyonlar\u0131n\u0131n azalt\u0131lmas\u0131<\/strong>n\u0131 sa\u011flayan <strong>yenilik\u00e7i i\u015f s\u00fcre\u00e7leri<\/strong> uygulamaktad\u0131r. Ek olarak, biri, \u00e7al\u0131\u015fanlar\u0131n i\u015f ama\u00e7l\u0131 havayolu seyahatlerinin karbon etkisini ortadan kald\u0131rmay\u0131 ve di\u011feri <strong>3&#8217;\u00fcnc\u00fc taraf<\/strong> lojisti\u011fi i\u00e7in ta\u015f\u0131y\u0131c\u0131 se\u00e7iminde <strong>olumlu karbon etkisini olu\u015fturmay\u0131<\/strong> ama\u00e7layan iki dahili <strong>karbon fiyatland\u0131rma program\u0131<\/strong>, PepsiCo\u2019nun i\u015f kararlar\u0131nda iklim hususlar\u0131n\u0131 daha da g\u00fc\u00e7lendirmeye yard\u0131mc\u0131 olacakt\u0131r.<\/p>\n<p><strong>PepsiCo<\/strong> \u00f6l\u00e7e\u011fini kullanma ve daha geni\u015f g\u0131da sistemini etkileme konusundaki bu s\u00fcregelen taahh\u00fcd\u00fcn bir par\u00e7as\u0131 olarak PepsiCo, <strong><a href=\"https:\/\/us.1t.org\/press-toolkit\/\" target=\"_blank\" rel=\"nofollow noopener\">One Trillion Trees (Bir Trilyon A\u011fa\u00e7) giri\u015fimi<\/a><\/strong><u>\u00a0<\/u> ve <strong><a href=\"https:\/\/www.there100.org\/re100-members\" target=\"_blank\" rel=\"nofollow noopener\">The Climate Group\u2019s RE100<\/a><\/strong><u>\u00a0ve We\u2019re Still In\u00a0<\/u>gibi iklim de\u011fi\u015fikli\u011fi konusunda harekete ge\u00e7meyi ama\u00e7layan di\u011fer koalisyonlardaki mevcut kat\u0131l\u0131m\u0131na dayan\u0131yor.<\/p>\n<p>\u015eirketin emisyon hedefi, <a href=\"https:\/\/sciencebasedtargets.org\/business-ambition-for-1-5c\" target=\"_blank\" rel=\"nofollow noopener\"><strong>1.5\u00b0C i\u00e7in \u0130\u015f Hedefi s\u00f6z\u00fc <\/strong><\/a>ile uyumludur ve Bilime Dayal\u0131 Hedefler giri\u015fimi taraf\u0131ndan s\u00fcre\u00e7lerinde mevcut olan en iddial\u0131 tan\u0131mlama olarak onaylanm\u0131\u015ft\u0131r.<\/p>\n<p>Bilime Dayal\u0131 Hedefler inisiyatif ortaklar\u0131ndan biri olan D\u00fcnya Kaynaklar\u0131 Enstit\u00fcs\u00fc K\u0131demli Orta\u011f\u0131 <strong>Nate Aden<\/strong>, <em>&#8220;PepsiCo&#8217;yu, Paris Anla\u015fmas\u0131&#8217;n\u0131n en iddial\u0131 hedefi olan <strong>1,5 \u00b0 C<\/strong> ile \u0131s\u0131nmay\u0131 s\u0131n\u0131rland\u0131rmakla tutarl\u0131 bir<strong> emisyon azaltma hedefi belirledi\u011fi<\/strong> i\u00e7in tebrik ediyoruz&#8221; dedi. &#8220;\u015eirketlerin<strong> k\u00fcresel emisyonlar\u0131 azaltmada<\/strong> hayati bir rol\u00fc var ve <strong>PepsiCo<\/strong> gibi b\u00fcy\u00fck oyuncular\u0131n<strong> iddial\u0131 ad\u0131mlar att\u0131\u011f\u0131n\u0131<\/strong> g\u00f6rmek cesaret verici.&#8221;<\/em><\/p>\n<p><strong>\u0130klim de\u011fi\u015fikli\u011fini<\/strong> ele almaya y\u00f6nelik ortak \u00e7al\u0131\u015fmalar\u0131m\u0131z hakk\u0131nda daha fazla bilgi i\u00e7in <strong><a href=\"https:\/\/www.pepsico.com\/sustainability\/esg-topics-a-z#climate-change\" target=\"_blank\" rel=\"nofollow noopener\">ESG Konular\u0131 \u0130klim sayfam\u0131z\u0131<\/a><\/strong><u>\u00a0<\/u>ziyaret edin.<\/p>","protected":false},"excerpt":{"rendered":"<p>Sorry, this entry is only available in Turkish. For the sake of viewer convenience, the content is shown below in the alternative language. You may click the link to switch the active language. Daha g\u00fc\u00e7l\u00fc ve s\u00fcrd\u00fcr\u00fclebilir bir yiyecek sistemi kurma \u00e7abalar\u0131n\u0131 h\u0131zland\u0131ran PepsiCo taraf\u0131ndan t\u00fcm de\u011fer zinciri genelinde mutlak sera gaz\u0131 emisyonunu 2030 y\u0131l\u0131na [&hellip;]<\/p>\n","protected":false},"author":1,"featured_media":127106,"comment_status":"open","ping_status":"open","sticky":false,"template":"","format":"standard","meta":[],"categories":[22893,51,53,52,49],"tags":[64246,52259,53157,4531,84904,51154,84901,79793,84900,84903,74057,10368,8967,62320,43952,84902,57125,37032,54979],"views":87,"_links":{"self":[{"href":"https:\/\/www.enerjigazetesi.ist\/en\/wp-json\/wp\/v2\/posts\/127102"}],"collection":[{"href":"https:\/\/www.enerjigazetesi.ist\/en\/wp-json\/wp\/v2\/posts"}],"about":[{"href":"https:\/\/www.enerjigazetesi.ist\/en\/wp-json\/wp\/v2\/types\/post"}],"author":[{"embeddable":true,"href":"https:\/\/www.enerjigazetesi.ist\/en\/wp-json\/wp\/v2\/users\/1"}],"replies":[{"embeddable":true,"href":"https:\/\/www.enerjigazetesi.ist\/en\/wp-json\/wp\/v2\/comments?post=127102"}],"version-history":[{"count":0,"href":"https:\/\/www.enerjigazetesi.ist\/en\/wp-json\/wp\/v2\/posts\/127102\/revisions"}],"wp:featuredmedia":[{"embeddable":true,"href":"https:\/\/www.enerjigazetesi.ist\/en\/wp-json\/wp\/v2\/media\/127106"}],"wp:attachment":[{"href":"https:\/\/www.enerjigazetesi.ist\/en\/wp-json\/wp\/v2\/media?parent=127102"}],"wp:term":[{"taxonomy":"category","embeddable":true,"href":"https:\/\/www.enerjigazetesi.ist\/en\/wp-json\/wp\/v2\/categories?post=127102"},{"taxonomy":"post_tag","embeddable":true,"href":"https:\/\/www.enerjigazetesi.ist\/en\/wp-json\/wp\/v2\/tags?post=127102"}],"curies":[{"name":"wp","href":"https:\/\/api.w.org\/{rel}","templated":true}]}}