{"id":127086,"date":"2021-01-14T16:03:13","date_gmt":"2021-01-14T13:03:13","guid":{"rendered":"https:\/\/www.enerjigazetesi.ist\/?p=127086"},"modified":"2021-01-14T16:03:31","modified_gmt":"2021-01-14T13:03:31","slug":"mobilize-mobilite-ve-enerji-hizmetlerine-yonelik-yeni-bir-marka","status":"publish","type":"post","link":"https:\/\/www.enerjigazetesi.ist\/en\/mobilize-mobilite-ve-enerji-hizmetlerine-yonelik-yeni-bir-marka\/","title":{"rendered":"(Turkish) M\u00d8BILIZE: Mobilite ve Enerji Hizmetlerine Y\u00f6nelik Yeni Bir Marka!"},"content":{"rendered":"<p class=\"qtranxs-available-languages-message qtranxs-available-languages-message-en\">Sorry, this entry is only available in <a href=\"https:\/\/www.enerjigazetesi.ist\/tr\/wp-json\/wp\/v2\/posts\/127086\" class=\"qtranxs-available-language-link qtranxs-available-language-link-tr\" title=\"Turkish\">Turkish<\/a>. For the sake of viewer convenience, the content is shown below in the alternative language. You may click the link to switch the active language.<\/p><p><\/p>\n<h1><strong>Mobilize, daha s\u00fcrd\u00fcr\u00fclebilir ve payla\u015f\u0131ml\u0131 mobilite y\u00f6ntemlerini benimsemek isteyen t\u00fcketicileri hedefliyor. Marka, Renault Grubu\u2019nun karbon n\u00f6tr ve d\u00f6ng\u00fcsel ekonomiden de\u011fer yaratma hedefi do\u011frultusunda yeni ihtiya\u00e7lara cevap vererek s\u00fcrd\u00fcr\u00fclebilir enerji ekosistemlerini te\u015fvik edecek.<\/strong><\/h1>\n<h2><strong>MOBILIZE, M\u0130SYON ODAKLI B\u0130R MARKA<\/strong><\/h2>\n<p><strong>Mobilize,<\/strong> otomobilin \u00f6tesine ge\u00e7erek <strong>yolcular\u0131<\/strong> ve <strong>y\u00fckleri<\/strong> ara\u00e7l\u0131 ya da <strong>ara\u00e7s\u0131z ta\u015f\u0131man\u0131n<\/strong> yeni yollar\u0131n\u0131 sunuyor. Markan\u0131n sundu\u011fu yeni mobilite teklifleri, t\u00fcketicilerin, kurumlar\u0131n ve b\u00f6lgesel <img loading=\"lazy\" class=\"alignright wp-image-127088\" src=\"https:\/\/www.enerjigazetesi.ist\/wp-content\/uploads\/2021\/01\/mobilize-mobilite-ve-enerji-hizmetlerine-yonelik-yeni-bir-marka-2.jpg\" alt=\"\" width=\"320\" height=\"183\" srcset=\"https:\/\/www.enerjigazetesi.ist\/wp-content\/uploads\/2021\/01\/mobilize-mobilite-ve-enerji-hizmetlerine-yonelik-yeni-bir-marka-2.jpg 550w, https:\/\/www.enerjigazetesi.ist\/wp-content\/uploads\/2021\/01\/mobilize-mobilite-ve-enerji-hizmetlerine-yonelik-yeni-bir-marka-2-300x171.jpg 300w, https:\/\/www.enerjigazetesi.ist\/wp-content\/uploads\/2021\/01\/mobilize-mobilite-ve-enerji-hizmetlerine-yonelik-yeni-bir-marka-2-500x285.jpg 500w, https:\/\/www.enerjigazetesi.ist\/wp-content\/uploads\/2021\/01\/mobilize-mobilite-ve-enerji-hizmetlerine-yonelik-yeni-bir-marka-2-80x46.jpg 80w\" sizes=\"(max-width: 320px) 100vw, 320px\" \/>otoritelerin beklentilerini kar\u015f\u0131layacak.<\/p>\n<p>Mobilize, Renault Grubu\u2019nun mobilite, <strong>enerji<\/strong> ve <strong>veri<\/strong> ile ilgili \u00e7\u00f6z\u00fcmlerini bir \u00e7at\u0131 alt\u0131nda birle\u015ftirirken, <strong>RCI Bank &amp; Service<\/strong> uzmanl\u0131\u011f\u0131ndan da g\u00fc\u00e7 al\u0131yor. B\u00f6ylece<strong> zamanlama<\/strong> ve <strong>b\u00fcy\u00fcmede<\/strong> \u00f6nemli avantajlar sa\u011flayan yepyeni a\u00e7\u0131k ekosistemler g\u00fc\u00e7lendirilirken, <strong>otomotiv end\u00fcstrisinin<\/strong> kar\u015f\u0131la\u015ft\u0131\u011f\u0131 zorluklar\u0131n \u00e7\u00f6z\u00fclmesine <span style=\"text-decoration: underline;\">yard\u0131mc\u0131 olacak:<\/span><\/p>\n<p>&#8211; <strong>Araba kullan\u0131m\u0131<\/strong> ve <strong>maliyet<\/strong> aras\u0131ndaki fark\u0131 azaltma (Otomobiller \u015fu an <strong>% 90<\/strong> oran\u0131nda at\u0131l kal\u0131yor)<\/p>\n<p>&#8211; Yeni ara\u00e7 de\u011ferinin <strong>3 y\u0131l<\/strong> sonra <strong>% 50<\/strong>\u2019nin \u00fczerinde d\u00fc\u015fmesini \u00f6nleme<\/p>\n<p>&#8211; <strong>S\u0131f\u0131r karbon ayak izi hedefi<\/strong>ne katk\u0131da bulunma<\/p>\n<p><strong>Mobilite CEO\u2019su Clotilde Delbos<\/strong>, \u201c<em>Otomotiv sekt\u00f6r\u00fcndeki, sahiplik kavram\u0131ndan istenilen zaman ya da yerde payla\u015f\u0131ml\u0131 kullan\u0131m\u0131na ge\u00e7i\u015f s\u00fcrecini kucaklamak i\u00e7in heyecan duyuyoruz. Mobilize, otomotivin \u00f6tesinde <strong>enerji<\/strong> ve<strong> veri<\/strong> alanlar\u0131nda <strong>geni\u015f yenilik\u00e7i hizmetler<\/strong> sunacak. T\u00fcm partnerlerimizle birlikte amac\u0131m\u0131z \u00e7evresel etkiyi azalt\u0131rken, <strong>yolcular<\/strong> ve <strong>y\u00fckler<\/strong> i\u00e7in daha <strong>s\u00fcrd\u00fcr\u00fclebilir<\/strong> ve <strong>ula\u015f\u0131labilir ara\u00e7 kullan\u0131m\u0131<\/strong>n\u0131 en \u00fcst d\u00fczeye \u00e7\u0131karmak.\u201d<\/em> dedi.<\/p>\n<h2><strong>A\u00c7IK EKOS\u0130STEMLER ARACILI\u011eIYLA E\u015eS\u0130Z B\u0130R KOMB\u0130NASYON<\/strong><\/h2>\n<p>Mobilize, <strong>yolcu<\/strong> ve <strong>y\u00fck transferi<\/strong> i\u00e7in t\u00fcketicilerin,<strong> \u015firketlerin<\/strong> ve <strong>belediyelerin<\/strong> d\u00f6n\u00fc\u015fen ihtiya\u00e7lar\u0131na y\u00f6nelik <strong>esnek mobilite hizmetleri<\/strong> sunuyor.<\/p>\n<p>Marka, t\u00fcketiciler i\u00e7in en iyi \u00e7\u00f6z\u00fcmleri birlikte olu\u015fturmak amac\u0131yla portf\u00f6y\u00fcnde bulunan <strong>inovatif mobilite<\/strong> ve <strong>enerji start-uplar\u0131<\/strong>ndan faydalanacak.<\/p>\n<h2><strong>Mobilite hizmetleri i\u00e7in amaca y\u00f6nelik olarak tasarlanm\u0131\u015f ara\u00e7lar<\/strong><\/h2>\n<p><strong>Mobilize,<\/strong> <strong>Renault Grubu<\/strong>\u2019nun tasar\u0131m ve \u00fcretimdeki uzmanl\u0131\u011f\u0131ndan ve <strong>elektrikli ara\u00e7 liderli\u011fi<\/strong>nden yararlanarak girdi\u011fi mobilite pazar\u0131nda g\u00fc\u00e7l\u00fc bir rekabet avantaj\u0131na sahip. \u00d6zel m\u00fchendislik ve tasar\u0131m ekiplerinden yararlanacak olan Mobilize, amaca y\u00f6nelik tasarlanm\u0131\u015f ara\u00e7lar \u00fcretecek. A\u011f\u0131r kullan\u0131ma <strong>uygun, mod\u00fcler<\/strong>, <strong>sa\u011flam<\/strong> ve <strong>tamamen elektrikli ara\u00e7lar<\/strong>, yeni mobilitenin <strong>en kritik ihtiya\u00e7lar\u0131n\u0131<\/strong> kar\u015f\u0131layacak.<\/p>\n<h2><strong>Finansman hizmetleri ile daha kolay filo al\u0131m\u0131<\/strong><\/h2>\n<p><strong>RCI Bank &amp; Services<\/strong>, Mobilize&#8217;\u0131n<strong> abonelik, kiralama<\/strong> ve kulland\u0131\u011f\u0131nda <strong>\u00f6de sistemi<\/strong> gibi hizmetlerin yan\u0131 s\u0131ra, finansal \u00e7\u00f6z\u00fcmlere kolay eri\u015fimini sa\u011flayan ayr\u0131cal\u0131kl\u0131 bir orta\u011f\u0131. Bu \u015fekilde<strong> filo sahip olma maliyeti<\/strong> daha \u00e7e\u015fitli hale gelebiliyor.<\/p>\n<h2><strong>Mobilite, veri ve yapay zeka (AI) yaz\u0131l\u0131m platformlar\u0131 arac\u0131l\u0131\u011f\u0131yla artan ara\u00e7 kullan\u0131m\u0131<\/strong><\/h2>\n<p>Mobilize, <strong>ileri teknoloji algoritmalar<\/strong> ve <strong>veri i\u015fleme yaz\u0131l\u0131mlar\u0131<\/strong> geli\u015ftirmek i\u00e7in <strong>Renault Software Factory, Software R\u00e9publique<\/strong> ve <strong>i\u015f ortaklar\u0131n\u0131<\/strong> kullanarak kullan\u0131c\u0131 talebinin daha iyi \u00f6ng\u00f6r\u00fclmesini ve <strong>daha verimli ara\u00e7 tahsisi<\/strong> sa\u011fl\u0131yor. Mobilize, ara\u00e7 kullan\u0131m\u0131n\u0131 en az <strong>% 20<\/strong> oran\u0131nda art\u0131rmay\u0131 hedefliyor.<\/p>\n<h2><strong>Ara\u00e7 payla\u015f\u0131m\u0131 filolar\u0131 i\u00e7in bak\u0131m ve geri d\u00f6n\u00fc\u015f\u00fcm hizmetleri<\/strong><\/h2>\n<p>Ara\u00e7lar kullan\u0131ma uygun olmayan bir hale geldi\u011finde, Renault <strong>Re-Factory<\/strong>&#8216;deki <strong>bak\u0131m<\/strong> ve<strong> geri d\u00f6n\u00fc\u015f\u00fcm hizmetleri<\/strong> taraf\u0131ndan bak\u0131ma al\u0131nacak. <strong>Elektrikli ara\u00e7lar\u0131n bataryalar\u0131<\/strong> art\u0131k otomotiv kullan\u0131m\u0131na uygun olmad\u0131\u011f\u0131nda, Mobilize bu <strong>bataryalar\u0131 geri d\u00f6n\u00fc\u015ft\u00fcrerek<\/strong> sabit bir enerji kayna\u011f\u0131 olarak onlara ikinci bir hayat verecek.<\/p>\n<h2><strong>Karbon n\u00f6tr, d\u00f6ng\u00fcsel ekonomi ve uzun \u00f6m\u00fcrl\u00fc ara\u00e7 taahh\u00fcd\u00fc<\/strong><\/h2>\n<p>Mobilize, <strong>Renault Grubu<\/strong>\u2019nun g\u00fc\u00e7l\u00fc <strong>elektrikli ara\u00e7 uzmanl\u0131\u011f\u0131<\/strong>na, \u00f6zellikle de <strong>batarya \u00f6mr\u00fc<\/strong> de\u011fer y\u00f6netimine dayan\u0131yor.<\/p>\n<p>Mobilize, <strong>enerji d\u00f6n\u00fc\u015f\u00fcm\u00fcn\u00fc ger\u00e7ekle\u015ftirmeye<\/strong> yard\u0131mc\u0131 olmak i\u00e7in <strong>ak\u0131ll\u0131 \u015farj \u00e7\u00f6z\u00fcmleri<\/strong> ve geli\u015fmi\u015f <strong>enerji depolama \u00e7\u00f6z\u00fcmleri<\/strong> i\u00e7eren bir <strong>enerji ekosistemi<\/strong> geli\u015ftirmeye yat\u0131r\u0131m yap\u0131yor.<\/p>\n<p>Marka, elektrikli mobiliteyi daha da art\u0131rmak i\u00e7in <strong>elektrikli ara\u00e7 al\u0131m\u0131n\u0131<\/strong> kolayla\u015ft\u0131racak \u00e7\u00f6z\u00fcmler sunuyor.<strong>\u00a0<\/strong>Bu nedenle Mobilize, m\u00fc\u015fterilerinin halka <strong>a\u00e7\u0131k \u015farj noktalar\u0131n\u0131<\/strong> kolayca bulmalar\u0131 ve Avrupa genelinde tek bir kanaldan \u00f6deme yapabilmeleri i\u00e7in <strong>bir \u015farj kart\u0131 g<\/strong>eli\u015ftiriyor. <strong>Mobilize, EV<\/strong> ve <strong>PHEV filosu<\/strong> m\u00fc\u015fterileri i\u00e7in, Avrupa genelinde<strong> \u015farj altyap\u0131s\u0131 \u00e7\u00f6z\u00fcmleri<\/strong>ne kolay eri\u015fim sa\u011flamak amac\u0131yla ba\u011fl\u0131 kurulu\u015fu <strong>Elexent arac\u0131l\u0131\u011f\u0131yla<\/strong> hizmet verecek.<\/p>\n<h2><strong>MOBILIZE EZ-1: PAYLA\u015eIMLI MOB\u0130L\u0130TE \u0130\u00c7\u0130N TASARLANMI\u015e PROTOT\u0130P<\/strong><\/h2>\n<p><strong>EZ-1 prototipi<\/strong>, Mobilize markas\u0131n\u0131n sembolik bir arac\u0131. Markan\u0131n tasar\u0131m vizyonunun somutla\u015ft\u0131\u011f\u0131 prototipin tasar\u0131m\u0131n\u0131n merkezinde servisler yer al\u0131yor. <strong>EZ-1<\/strong>, payla\u015f\u0131ml\u0131 kullan\u0131m i\u00e7in tasarlanm\u0131\u015f yeni bir \u015fehir i\u00e7i <strong>mobilite \u00e7\u00f6z\u00fcm\u00fc<\/strong>. <strong>EZ-1<\/strong> yenilik\u00e7i bir \u015fekilde ticarile\u015ftirilecek: Kullan\u0131c\u0131lar yaln\u0131zca s\u00fcr\u00fc\u015f s\u00fcresine ya da mesafeye g\u00f6re \u00f6deme yapacak. Ba\u011flant\u0131l\u0131 hizmetler de i\u00e7eren <strong>prototip, anahtars\u0131z giri\u015f sistemi<\/strong> ile teslim al\u0131nabiliyor ve<strong> ak\u0131ll\u0131 telefonlar<\/strong> arac\u0131l\u0131\u011f\u0131yla kullan\u0131c\u0131larla etkile\u015fim sa\u011fl\u0131yor.<\/p>\n<p><strong>EZ-1<\/strong>, 2 ki\u015filik kompakt ve \u00e7evik bir ara\u00e7.<strong> 2,3 metre<\/strong> uzunlu\u011fundaki mimari modeli, arac\u0131n minimum ayak izine sahip oldu\u011fu anlam\u0131na geliyor. Yukar\u0131dan a\u015fa\u011f\u0131ya do\u011fru uzanan cam kap\u0131lar, yolculara g\u00f6r\u00fc\u015f a\u00e7\u0131s\u0131 y\u00fcksek bir \u015fehir manzaras\u0131 sunuyor.<\/p>\n<p><strong>EZ-1 prototipi<\/strong>, yenilik\u00e7i bir batarya de\u011fi\u015ftirme sistemine sahip. <strong>Klasik \u015farj altyap\u0131s\u0131<\/strong>na bir alternatif olan bu sistem, arac\u0131n duraklamadan kullan\u0131labilece\u011fi anlam\u0131na geliyor.<\/p>\n<p><strong>EZ-1<\/strong>, d\u00f6ng\u00fcsel ekonomi prensiplerine g\u00f6re tasarland\u0131.<strong> % 50<\/strong> geri d\u00f6n\u00fc\u015ft\u00fcr\u00fclm\u00fc\u015f malzemelerden imal edilmi\u015f bu ara\u00e7, <strong>Flins Re-Factory<\/strong>&#8216;deki tesisler sayesinde kullan\u0131m \u00f6mr\u00fcn\u00fcn sonunda <strong>% 95<\/strong> oran\u0131nda geri d\u00f6n\u00fc\u015ft\u00fcr\u00fclebilecek.<\/p>\n<p>Mobilize Tasar\u0131m Direkt\u00f6r\u00fc <strong>Patrick Lecharpy<\/strong><em>, &#8220;EZ-1 prototipi, \u015fehir ile uyum sa\u011flayacak bir mobilite prototipi. \u00c7evik ve dinamik \u00f6zelliklere sahip bu prototip, Mobilize markas\u0131n\u0131n sembol\u00fc niteli\u011fi ta\u015f\u0131yor. Kullan\u0131c\u0131lar\u0131n de\u011fi\u015fen ya\u015fam tarzlar\u0131na daha verimli ve sorumlu bir mobilite ile e\u015flik edecek\u201d ifadelerini kulland\u0131.<\/em><\/p>","protected":false},"excerpt":{"rendered":"<p>Sorry, this entry is only available in Turkish. For the sake of viewer convenience, the content is shown below in the alternative language. You may click the link to switch the active language. Mobilize, daha s\u00fcrd\u00fcr\u00fclebilir ve payla\u015f\u0131ml\u0131 mobilite y\u00f6ntemlerini benimsemek isteyen t\u00fcketicileri hedefliyor. Marka, Renault Grubu\u2019nun karbon n\u00f6tr ve d\u00f6ng\u00fcsel ekonomiden de\u011fer yaratma hedefi [&hellip;]<\/p>\n","protected":false},"author":1,"featured_media":127090,"comment_status":"open","ping_status":"open","sticky":false,"template":"","format":"standard","meta":[],"categories":[51,53],"tags":[84892,45956,84895,52259,1247,84893,31988,84891,57125,84894],"views":73,"_links":{"self":[{"href":"https:\/\/www.enerjigazetesi.ist\/en\/wp-json\/wp\/v2\/posts\/127086"}],"collection":[{"href":"https:\/\/www.enerjigazetesi.ist\/en\/wp-json\/wp\/v2\/posts"}],"about":[{"href":"https:\/\/www.enerjigazetesi.ist\/en\/wp-json\/wp\/v2\/types\/post"}],"author":[{"embeddable":true,"href":"https:\/\/www.enerjigazetesi.ist\/en\/wp-json\/wp\/v2\/users\/1"}],"replies":[{"embeddable":true,"href":"https:\/\/www.enerjigazetesi.ist\/en\/wp-json\/wp\/v2\/comments?post=127086"}],"version-history":[{"count":0,"href":"https:\/\/www.enerjigazetesi.ist\/en\/wp-json\/wp\/v2\/posts\/127086\/revisions"}],"wp:featuredmedia":[{"embeddable":true,"href":"https:\/\/www.enerjigazetesi.ist\/en\/wp-json\/wp\/v2\/media\/127090"}],"wp:attachment":[{"href":"https:\/\/www.enerjigazetesi.ist\/en\/wp-json\/wp\/v2\/media?parent=127086"}],"wp:term":[{"taxonomy":"category","embeddable":true,"href":"https:\/\/www.enerjigazetesi.ist\/en\/wp-json\/wp\/v2\/categories?post=127086"},{"taxonomy":"post_tag","embeddable":true,"href":"https:\/\/www.enerjigazetesi.ist\/en\/wp-json\/wp\/v2\/tags?post=127086"}],"curies":[{"name":"wp","href":"https:\/\/api.w.org\/{rel}","templated":true}]}}