{"id":127062,"date":"2021-01-14T13:28:01","date_gmt":"2021-01-14T10:28:01","guid":{"rendered":"https:\/\/www.enerjigazetesi.ist\/?p=127062"},"modified":"2021-01-14T13:29:10","modified_gmt":"2021-01-14T10:29:10","slug":"elektrik-sektoru-isbirligi-ile-enerji-kayiplarinin-azaltilmasini-hedefliyor","status":"publish","type":"post","link":"https:\/\/www.enerjigazetesi.ist\/en\/elektrik-sektoru-isbirligi-ile-enerji-kayiplarinin-azaltilmasini-hedefliyor\/","title":{"rendered":"(Turkish) Elektrik Sekt\u00f6r\u00fc \u0130\u015fbirli\u011fi ile Enerji Kay\u0131plar\u0131n\u0131n Azalt\u0131lmas\u0131n\u0131 Hedefliyor!"},"content":{"rendered":"<p class=\"qtranxs-available-languages-message qtranxs-available-languages-message-en\">Sorry, this entry is only available in <a href=\"https:\/\/www.enerjigazetesi.ist\/tr\/wp-json\/wp\/v2\/posts\/127062\" class=\"qtranxs-available-language-link qtranxs-available-language-link-tr\" title=\"Turkish\">Turkish<\/a>. For the sake of viewer convenience, the content is shown below in the alternative language. You may click the link to switch the active language.<\/p><p><\/p>\n<h1>Enerji Piyasas\u0131 D\u00fczenleme Kurumu ve Enerji ve Tabii Kaynaklar Bakanl\u0131\u011f\u0131\u2019n\u0131n deste\u011fiyle Elektrik Da\u011f\u0131t\u0131m Hizmetleri Derne\u011fi (ELDER)\u2019in koordinasyonunda ve T\u00fcrkiye\u2019deki 15 elektrik da\u011f\u0131t\u0131m \u015firketinin kat\u0131l\u0131m\u0131yla ba\u015flat\u0131lan <strong>\u201cHasat\u201d projesi<\/strong> ile <strong>trafolarda enerji verimlili\u011fi, da\u011f\u0131t\u0131k \u00fcretim<\/strong> ve <strong>LED Ayd\u0131nlatma<\/strong> olmak \u00fczere 3 farkl\u0131 y\u00f6ntem ile tasarruf alan\u0131nda ara\u015ft\u0131rma geli\u015ftirme \u00e7al\u0131\u015fmalar\u0131 ger\u00e7ekle\u015ftiriliyor.\u00a0<strong>Enerjisa Da\u011f\u0131t\u0131m \u015eirketleri<\/strong>, Ba\u015fkent, Ayeda\u015f ve Toroslar b\u00f6lgelerinde elde etti\u011fi Ar-Ge ve teknik deneyimlerini proje payda\u015flar\u0131yla <img loading=\"lazy\" class=\"alignright wp-image-127064\" src=\"https:\/\/www.enerjigazetesi.ist\/wp-content\/uploads\/2021\/01\/elektrik-sektoru-isbirligi-yaparak-enerji-kayiplarinin-azaltilmasini-hedefliyor-1.jpg\" alt=\"\" width=\"320\" height=\"188\" srcset=\"https:\/\/www.enerjigazetesi.ist\/wp-content\/uploads\/2021\/01\/elektrik-sektoru-isbirligi-yaparak-enerji-kayiplarinin-azaltilmasini-hedefliyor-1.jpg 601w, https:\/\/www.enerjigazetesi.ist\/wp-content\/uploads\/2021\/01\/elektrik-sektoru-isbirligi-yaparak-enerji-kayiplarinin-azaltilmasini-hedefliyor-1-300x177.jpg 300w, https:\/\/www.enerjigazetesi.ist\/wp-content\/uploads\/2021\/01\/elektrik-sektoru-isbirligi-yaparak-enerji-kayiplarinin-azaltilmasini-hedefliyor-1-500x295.jpg 500w, https:\/\/www.enerjigazetesi.ist\/wp-content\/uploads\/2021\/01\/elektrik-sektoru-isbirligi-yaparak-enerji-kayiplarinin-azaltilmasini-hedefliyor-1-80x47.jpg 80w\" sizes=\"(max-width: 320px) 100vw, 320px\" \/>payla\u015f\u0131yor.<\/h1>\n<p><strong>HASAT projesi<\/strong> ile <strong>elektrik da\u011f\u0131t\u0131m \u015febekesi<\/strong>nde teknik kay\u0131plar\u0131n azalt\u0131larak <strong>enerji verimlili\u011fi<\/strong>nin art\u0131r\u0131lmas\u0131 ama\u00e7lan\u0131yor.<\/p>\n<p><strong>Enerji Piyasas\u0131 D\u00fczenleme Kurumu (EPDK)<\/strong> ile <strong>Enerji ve Tabii Kaynaklar Bakanl\u0131\u011f\u0131 (ETKB)<\/strong> deste\u011fi, <strong>Elektrik Da\u011f\u0131t\u0131m Hizmetleri Derne\u011fi\u2019nin (ELDER)<\/strong> koordinasyonunda ve toplam<strong> 15 elektrik da\u011f\u0131t\u0131m \u015firketi<\/strong>nin kat\u0131l\u0131m\u0131yla y\u00fcr\u00fct\u00fclen projede, <strong>enerjinin tasarrufu<\/strong> ve <strong>verimli<\/strong> kullan\u0131lmas\u0131 kapsam\u0131nda, T\u00fcrkiye<strong> elektrik \u015febekesine uyumlu y\u00f6ntemler<\/strong> belirleniyor.<\/p>\n<p><strong>2019 y\u0131l\u0131nda<\/strong> ilk faz\u0131 tamamlanarak<strong> 2020<\/strong> y\u0131l\u0131nda <strong>2\u2019nci faz\u0131na<\/strong> ge\u00e7ilen projede, <strong>Enerjisa Da\u011f\u0131t\u0131m \u015eirketleri<\/strong>, <strong>Ba\u015fkent EDA\u015e, Ayeda\u015f<\/strong> ve <strong>Toroslar EDA\u015e<\/strong> hizmet b\u00f6lgelerinde elde etti\u011fi teknik deneyim ve <strong>Ar-Ge<\/strong> birikimini projede yer alan<strong> elektrik da\u011f\u0131t\u0131m \u015firketleriyle<\/strong> payla\u015f\u0131yor ve kar\u015f\u0131l\u0131kl\u0131 <strong>i\u015f birli\u011fi imk\u00e2nlar\u0131<\/strong> geli\u015ftiriliyor.<\/p>\n<p><strong>Trafolarda Enerji Verimlili\u011fi<\/strong>, <strong>Da\u011f\u0131t\u0131k \u00dcretim<\/strong> ve <strong>LED Ayd\u0131nlatma<\/strong> olmak \u00fczere<strong> 3 farkl\u0131 y\u00f6ntem<\/strong> \u00fczerinde \u00e7al\u0131\u015f\u0131lan <strong>Hasat projesi<\/strong>nde, ayr\u0131ca verimlilik bilincinin yayg\u0131nla\u015ft\u0131r\u0131lmas\u0131 amac\u0131yla <strong>Enerji Verimlili\u011fi Bilin\u00e7 Endeksi \u00e7al\u0131\u015fmas\u0131<\/strong> y\u00fcr\u00fct\u00fcl\u00fcyor.<\/p>","protected":false},"excerpt":{"rendered":"<p>Sorry, this entry is only available in Turkish. For the sake of viewer convenience, the content is shown below in the alternative language. You may click the link to switch the active language. Enerji Piyasas\u0131 D\u00fczenleme Kurumu ve Enerji ve Tabii Kaynaklar Bakanl\u0131\u011f\u0131\u2019n\u0131n deste\u011fiyle Elektrik Da\u011f\u0131t\u0131m Hizmetleri Derne\u011fi (ELDER)\u2019in koordinasyonunda ve T\u00fcrkiye\u2019deki 15 elektrik da\u011f\u0131t\u0131m [&hellip;]<\/p>\n","protected":false},"author":1,"featured_media":127064,"comment_status":"open","ping_status":"open","sticky":false,"template":"","format":"standard","meta":[],"categories":[51,53,52],"tags":[84882,2059,11683,45073,51264,84883,52566,53114,52259,49436,12,49286,948],"views":147,"_links":{"self":[{"href":"https:\/\/www.enerjigazetesi.ist\/en\/wp-json\/wp\/v2\/posts\/127062"}],"collection":[{"href":"https:\/\/www.enerjigazetesi.ist\/en\/wp-json\/wp\/v2\/posts"}],"about":[{"href":"https:\/\/www.enerjigazetesi.ist\/en\/wp-json\/wp\/v2\/types\/post"}],"author":[{"embeddable":true,"href":"https:\/\/www.enerjigazetesi.ist\/en\/wp-json\/wp\/v2\/users\/1"}],"replies":[{"embeddable":true,"href":"https:\/\/www.enerjigazetesi.ist\/en\/wp-json\/wp\/v2\/comments?post=127062"}],"version-history":[{"count":0,"href":"https:\/\/www.enerjigazetesi.ist\/en\/wp-json\/wp\/v2\/posts\/127062\/revisions"}],"wp:featuredmedia":[{"embeddable":true,"href":"https:\/\/www.enerjigazetesi.ist\/en\/wp-json\/wp\/v2\/media\/127064"}],"wp:attachment":[{"href":"https:\/\/www.enerjigazetesi.ist\/en\/wp-json\/wp\/v2\/media?parent=127062"}],"wp:term":[{"taxonomy":"category","embeddable":true,"href":"https:\/\/www.enerjigazetesi.ist\/en\/wp-json\/wp\/v2\/categories?post=127062"},{"taxonomy":"post_tag","embeddable":true,"href":"https:\/\/www.enerjigazetesi.ist\/en\/wp-json\/wp\/v2\/tags?post=127062"}],"curies":[{"name":"wp","href":"https:\/\/api.w.org\/{rel}","templated":true}]}}