{"id":127050,"date":"2021-01-14T11:26:03","date_gmt":"2021-01-14T08:26:03","guid":{"rendered":"https:\/\/www.enerjigazetesi.ist\/?p=127050"},"modified":"2021-01-14T11:26:49","modified_gmt":"2021-01-14T08:26:49","slug":"zorlu-enerjiden-trakya-dogalgaz-dagitim-bolgesi-icin-sifir-atik-belgesi","status":"publish","type":"post","link":"https:\/\/www.enerjigazetesi.ist\/en\/zorlu-enerjiden-trakya-dogalgaz-dagitim-bolgesi-icin-sifir-atik-belgesi\/","title":{"rendered":"(Turkish) Zorlu Enerji&#8217;nin Trakya Do\u011falgaz Da\u011f\u0131t\u0131m B\u00f6lgesine &#8216;S\u0131f\u0131r At\u0131k Belgesi&#8217; Verildi"},"content":{"rendered":"<p class=\"qtranxs-available-languages-message qtranxs-available-languages-message-en\">Sorry, this entry is only available in <a href=\"https:\/\/www.enerjigazetesi.ist\/tr\/wp-json\/wp\/v2\/posts\/127050\" class=\"qtranxs-available-language-link qtranxs-available-language-link-tr\" title=\"Turkish\">Turkish<\/a>. For the sake of viewer convenience, the content is shown below in the alternative language. You may click the link to switch the active language.<\/p><p><\/p>\n<h1><strong>T\u00fcrkiye\u2019nin yerli ve yenilebilir enerji alan\u0131ndaki \u00f6nc\u00fc \u015firketlerinden Zorlu Enerji, Trakya do\u011falgaz da\u011f\u0131t\u0131m b\u00f6lgesinde T.C. \u00c7evre ve \u015eehircilik Bakanl\u0131\u011f\u0131\u2019n\u0131n &#8216;S\u0131f\u0131r At\u0131k Y\u00f6netim Talimat\u0131&#8217; \u00e7er\u00e7evesinde hayata ge\u00e7irdi\u011fi uygulamalar kapsam\u0131nda &#8216;S\u0131f\u0131r At\u0131k Belgesi&#8217;ni almaya hak kazand\u0131.<\/strong><\/h1>\n<p><img loading=\"lazy\" class=\"alignright wp-image-127052\" src=\"https:\/\/www.enerjigazetesi.ist\/wp-content\/uploads\/2021\/01\/zorlu-enerjiden-trakya-dogalgaz-dagitim-bolgesi-icin-sifir-atik-belgesi.jpg\" alt=\"\" width=\"320\" height=\"189\" srcset=\"https:\/\/www.enerjigazetesi.ist\/wp-content\/uploads\/2021\/01\/zorlu-enerjiden-trakya-dogalgaz-dagitim-bolgesi-icin-sifir-atik-belgesi.jpg 678w, https:\/\/www.enerjigazetesi.ist\/wp-content\/uploads\/2021\/01\/zorlu-enerjiden-trakya-dogalgaz-dagitim-bolgesi-icin-sifir-atik-belgesi-300x177.jpg 300w, https:\/\/www.enerjigazetesi.ist\/wp-content\/uploads\/2021\/01\/zorlu-enerjiden-trakya-dogalgaz-dagitim-bolgesi-icin-sifir-atik-belgesi-500x295.jpg 500w, https:\/\/www.enerjigazetesi.ist\/wp-content\/uploads\/2021\/01\/zorlu-enerjiden-trakya-dogalgaz-dagitim-bolgesi-icin-sifir-atik-belgesi-80x47.jpg 80w\" sizes=\"(max-width: 320px) 100vw, 320px\" \/>T\u00fcrkiye\u2019nin yeni nesil enerji \u015firketi Zorlu Enerji, <strong>Ak\u0131ll\u0131 Hayat 2030<\/strong> vizyonu do\u011frultusunda farkl\u0131 yat\u0131r\u0131m, proje ve \u00e7al\u0131\u015fmalar\u0131yla gelecek nesillere daha <strong>ya\u015fanabilir \u00e7evre, do\u011fa<\/strong> ve <strong>toplum<\/strong> b\u0131rakmay\u0131 hedefliyor. <strong>Yerli, yenilenebilir<\/strong> ve <strong>temiz enerji yat\u0131r\u0131mlar\u0131na<\/strong> devam eden Zorlu Enerji, s\u00fcrd\u00fcr\u00fclebilir bir gelecek i\u00e7in <strong>dekarbonizasyon odakl\u0131<\/strong> i\u015f yap\u0131\u015f bi\u00e7imlerini benimsemeye devam ederken ger\u00e7ekle\u015ftirdi\u011fi <strong>at\u0131k y\u00f6netimi uygulamalar\u0131<\/strong>yla da \u00e7evresel <strong>zarar\u0131 en aza indirmek<\/strong> i\u00e7in \u00e7al\u0131\u015fmalar\u0131n\u0131 s\u00fcrd\u00fcr\u00fcyor.<\/p>\n<p><strong>Zorlu Enerji<\/strong>,<strong> T.C. \u00c7evre ve \u015eehircilik Bakanl\u0131\u011f\u0131<\/strong>\u2019n\u0131n<strong> &#8216;S\u0131f\u0131r At\u0131k Y\u00f6netim Talimat\u0131&#8217;<\/strong> \u00e7er\u00e7evesinde s\u0131f\u0131r at\u0131k konusunda kendi b\u00fcnyelerinde \u00e7al\u0131\u015fma ekipleri olu\u015fturarak y\u00f6netmelikte belirtilen de\u011ferlendirilebilir at\u0131klar i\u00e7in ayr\u0131 bir toplama sistemini hayata ge\u00e7irdi. Zorlu Enerji, Trakya do\u011fal gaz da\u011f\u0131t\u0131m b\u00f6lgesindeki<strong> \u00c7erkezk\u00f6y, Edirne, K\u0131rklareli, L\u00fcleburgaz <\/strong>ve<strong> Tekirda\u011f<\/strong> olmak \u00fczere <strong>5 ayr\u0131<\/strong> noktada at\u0131klar\u0131n i\u015fletilmesine ili\u015fkin e\u011fitimleri tamamlayarak &#8216;<strong>S\u0131f\u0131r At\u0131k Belgesi<\/strong>&#8216;ni almaya hak kazand\u0131.<\/p>","protected":false},"excerpt":{"rendered":"<p>Sorry, this entry is only available in Turkish. For the sake of viewer convenience, the content is shown below in the alternative language. You may click the link to switch the active language. T\u00fcrkiye\u2019nin yerli ve yenilebilir enerji alan\u0131ndaki \u00f6nc\u00fc \u015firketlerinden Zorlu Enerji, Trakya do\u011falgaz da\u011f\u0131t\u0131m b\u00f6lgesinde T.C. \u00c7evre ve \u015eehircilik Bakanl\u0131\u011f\u0131\u2019n\u0131n &#8216;S\u0131f\u0131r At\u0131k Y\u00f6netim [&hellip;]<\/p>\n","protected":false},"author":1,"featured_media":127052,"comment_status":"open","ping_status":"open","sticky":false,"template":"","format":"standard","meta":[],"categories":[46,53],"tags":[54609,48163,2199,54036,52259,53669,80988,84873,57125,43436,84874,84875,84135,82553],"views":145,"_links":{"self":[{"href":"https:\/\/www.enerjigazetesi.ist\/en\/wp-json\/wp\/v2\/posts\/127050"}],"collection":[{"href":"https:\/\/www.enerjigazetesi.ist\/en\/wp-json\/wp\/v2\/posts"}],"about":[{"href":"https:\/\/www.enerjigazetesi.ist\/en\/wp-json\/wp\/v2\/types\/post"}],"author":[{"embeddable":true,"href":"https:\/\/www.enerjigazetesi.ist\/en\/wp-json\/wp\/v2\/users\/1"}],"replies":[{"embeddable":true,"href":"https:\/\/www.enerjigazetesi.ist\/en\/wp-json\/wp\/v2\/comments?post=127050"}],"version-history":[{"count":0,"href":"https:\/\/www.enerjigazetesi.ist\/en\/wp-json\/wp\/v2\/posts\/127050\/revisions"}],"wp:featuredmedia":[{"embeddable":true,"href":"https:\/\/www.enerjigazetesi.ist\/en\/wp-json\/wp\/v2\/media\/127052"}],"wp:attachment":[{"href":"https:\/\/www.enerjigazetesi.ist\/en\/wp-json\/wp\/v2\/media?parent=127050"}],"wp:term":[{"taxonomy":"category","embeddable":true,"href":"https:\/\/www.enerjigazetesi.ist\/en\/wp-json\/wp\/v2\/categories?post=127050"},{"taxonomy":"post_tag","embeddable":true,"href":"https:\/\/www.enerjigazetesi.ist\/en\/wp-json\/wp\/v2\/tags?post=127050"}],"curies":[{"name":"wp","href":"https:\/\/api.w.org\/{rel}","templated":true}]}}