{"id":127023,"date":"2021-01-13T15:53:41","date_gmt":"2021-01-13T12:53:41","guid":{"rendered":"https:\/\/www.enerjigazetesi.ist\/?p=127023"},"modified":"2021-01-13T15:53:41","modified_gmt":"2021-01-13T12:53:41","slug":"arcelik-dunya-nin-en-fazla-cevresel-ve-sosyal-etki-yaratan-sirketleri-arasinda","status":"publish","type":"post","link":"https:\/\/www.enerjigazetesi.ist\/en\/arcelik-dunya-nin-en-fazla-cevresel-ve-sosyal-etki-yaratan-sirketleri-arasinda\/","title":{"rendered":"(Turkish) &#8217;Ar\u00e7elik&#8217; D\u00fcnya&#8217;n\u0131n En Fazla \u00c7evresel ve Sosyal Etki Yaratan \u015eirketleri Aras\u0131nda"},"content":{"rendered":"<p class=\"qtranxs-available-languages-message qtranxs-available-languages-message-en\">Sorry, this entry is only available in <a href=\"https:\/\/www.enerjigazetesi.ist\/tr\/wp-json\/wp\/v2\/posts\/127023\" class=\"qtranxs-available-language-link qtranxs-available-language-link-tr\" title=\"Turkish\">Turkish<\/a>. For the sake of viewer convenience, the content is shown below in the alternative language. You may click the link to switch the active language.<\/p><p><\/p>\n<h1><strong>Ar\u00e7elik, d\u00fcnyan\u0131n ilk s\u00fcrd\u00fcr\u00fclebilir i\u015f ve liderlik dergisi Real Leaders\u2019\u0131n \u00e7evreye ve topluma en fazla katk\u0131 yapan \u015firketlere yer verdi\u011fi Top 150 Impact Companies listesine 13\u2019\u00fcnc\u00fc s\u0131rada girmeyi ba\u015fard\u0131. Ar\u00e7elik CEO\u2019su Hakan Bulgurlu, \u201cGelece\u011fi iyile\u015ftiren teknolojiler geli\u015ftirerek sekt\u00f6r liderli\u011fimizi peki\u015ftirirken s\u00fcrd\u00fcr\u00fclebilirli\u011fi bir ya\u015fam tarz\u0131 haline getirebilmek i\u00e7in dijital hanelerin \u00e7\u00f6z\u00fcm orta\u011f\u0131 olmay\u0131 hedefiyle ilerliyoruz. Gelece\u011fe, gezegenimize, insanlar\u0131n ihtiya\u00e7lar\u0131na ve i\u015fimize odaklanarak BM S\u00fcrd\u00fcr\u00fclebilir Kalk\u0131nma Ama\u00e7lar\u0131 ile uyumlu 2030 s\u00fcrd\u00fcr\u00fclebilirlik hedeflerimizi belirledik. S\u00fcrd\u00fcr\u00fclebilirlik alan\u0131nda \u00f6nemli bir yay\u0131n olan Real Leaders\u2019\u0131n 2021 Top 150 Impact Companies listesinde d\u00fcnyan\u0131n \u00f6nde gelen \u015firketleri aras\u0131nda 13\u2019\u00fcnc\u00fc s\u0131rada yer alarak, s\u00fcrd\u00fcr\u00fclebilirlik alan\u0131ndaki liderli\u011fimizin bir kez daha tescillenmesi; daha da iddial\u0131 hedefler koymam\u0131z y\u00f6n\u00fcnde bizleri cesaretlendiriyor\u201d dedi.<\/strong><\/h1>\n<p>K\u00fcresel \u00fcretiminde kendi kredisiyle <strong>karbon n\u00f6tr<\/strong> hale gelen Ar\u00e7elik, ABD merkezli <strong>Real Leaders Dergisi<\/strong>\u2019nin \u00e7evreye ve topluma en fazla katk\u0131 yapan \u015firketlerini s\u0131ralad\u0131\u011f\u0131 <strong>Top 150 Impact Companies<\/strong> <strong>2021<\/strong> listesinde <strong>13\u2019\u00fcnc\u00fc<\/strong> s\u0131rada yerini ald\u0131.<\/p>\n<p><img loading=\"lazy\" class=\"alignright wp-image-127027\" src=\"https:\/\/www.enerjigazetesi.ist\/wp-content\/uploads\/2021\/01\/arcelik-dunya-nin-en-fazla-cevresel-ve-sosyal-etki-yaratan-sirketleri-arasinda-1.jpg\" alt=\"\" width=\"320\" height=\"342\" srcset=\"https:\/\/www.enerjigazetesi.ist\/wp-content\/uploads\/2021\/01\/arcelik-dunya-nin-en-fazla-cevresel-ve-sosyal-etki-yaratan-sirketleri-arasinda-1.jpg 550w, https:\/\/www.enerjigazetesi.ist\/wp-content\/uploads\/2021\/01\/arcelik-dunya-nin-en-fazla-cevresel-ve-sosyal-etki-yaratan-sirketleri-arasinda-1-281x300.jpg 281w, https:\/\/www.enerjigazetesi.ist\/wp-content\/uploads\/2021\/01\/arcelik-dunya-nin-en-fazla-cevresel-ve-sosyal-etki-yaratan-sirketleri-arasinda-1-375x400.jpg 375w, https:\/\/www.enerjigazetesi.ist\/wp-content\/uploads\/2021\/01\/arcelik-dunya-nin-en-fazla-cevresel-ve-sosyal-etki-yaratan-sirketleri-arasinda-1-47x50.jpg 47w, https:\/\/www.enerjigazetesi.ist\/wp-content\/uploads\/2021\/01\/arcelik-dunya-nin-en-fazla-cevresel-ve-sosyal-etki-yaratan-sirketleri-arasinda-1-500x534.jpg 500w\" sizes=\"(max-width: 320px) 100vw, 320px\" \/>D\u00fcnya&#8217;n\u0131n s\u00fcrd\u00fcr\u00fclebilirlik alan\u0131ndaki ilk <strong>i\u015f<\/strong> ve <strong>liderlik<\/strong> dergisi olan <strong>Real Leaders<\/strong>, gezegenin ve toplumun sorunlar\u0131na \u00e7\u00f6z\u00fcmler geli\u015ftirilmesine yard\u0131mc\u0131 olmak i\u00e7in i\u015f d\u00fcnyas\u0131na ve liderlerine ilham vermeyi ama\u00e7l\u0131yor. Etki odakl\u0131 <strong>ilk 150 \u015firket<\/strong> belirlenirken, <strong>toplumsal<\/strong> ve <strong>\u00e7evresel sorunlara \u00e7\u00f6z\u00fcm<\/strong> olarak <strong>\u00fcr\u00fcn<\/strong> ve<strong> hizmetler<\/strong> geli\u015ftiren \u015firketler aras\u0131nda de\u011ferlendirme yap\u0131l\u0131yor.<\/p>\n<p>Ar\u00e7elik ile ilgili de\u011ferlendirmede<strong> karbon emisyon azalt\u0131mlar\u0131<\/strong>, \u00fcretimde <strong>su<\/strong> ve<strong> enerji tasarruflar\u0131<\/strong>, at\u0131k azalt\u0131m\u0131, <strong>enerji verimli \u00e7evre dostu teknolojileri<\/strong>nin yan\u0131 s\u0131ra <strong>\u00e7ocuk obezitesi, g\u0131da israf\u0131<\/strong> ve a\u00e7l\u0131k ile m\u00fccadele i\u00e7in s\u00fcrd\u00fcrd\u00fc\u011f\u00fc <strong>sosyal sorumluluk projeleri<\/strong> dikkate al\u0131nd\u0131.<\/p>\n<p><strong>Ar\u00e7elik CEO\u2019su Hakan Bulgurlu<\/strong>, <em>\u201cGelece\u011fi iyile\u015ftiren teknolojiler geli\u015ftirerek sekt\u00f6r liderli\u011fimizi peki\u015ftirirken s\u00fcrd\u00fcr\u00fclebilirli\u011fi bir ya\u015fam tarz\u0131 haline getirebilmek i\u00e7in dijital hanelerin \u00e7\u00f6z\u00fcm orta\u011f\u0131 olmay\u0131 hedefiyle ilerliyoruz. Gelece\u011fe, gezegenimize, insanlar\u0131n ihtiya\u00e7lar\u0131na ve i\u015fimize odaklanarak BM S\u00fcrd\u00fcr\u00fclebilir Kalk\u0131nma Ama\u00e7lar\u0131 ile uyumlu <strong>2030 s\u00fcrd\u00fcr\u00fclebilirlik hedefleri<\/strong>mizi belirledik. S\u00fcrd\u00fcr\u00fclebilirlik alan\u0131nda \u00f6nemli bir yay\u0131n olan <strong>Real Leaders<\/strong>\u2019\u0131n \u2018<strong>Top 150 Impact Companies of 2021<\/strong>\u2019 listesinde d\u00fcnyan\u0131n \u00f6nde gelen \u015firketleri aras\u0131nda, <strong>13\u2019\u00fcnc\u00fc<\/strong> s\u0131rada yer alarak, s\u00fcrd\u00fcr\u00fclebilirlik alan\u0131ndaki liderli\u011fimizin bir kez daha tescillenmesi; daha da iddial\u0131 hedefler koymam\u0131z y\u00f6n\u00fcnde bizleri cesaretlendiriyor\u201d<\/em> dedi.<\/p>\n<p>Ar\u00e7elik, d\u00fcnyan\u0131n en b\u00fcy\u00fck \u015firketlerinin <strong>s\u00fcrd\u00fcr\u00fclebilirlik performas\u0131n\u0131<\/strong> de\u011ferlendiren <strong>Dow Jones S\u00fcrd\u00fcr\u00fclebilirlik Endeksi<\/strong>\u2019nde iki sene \u00fcst \u00fcste <strong>Dayan\u0131kl\u0131 Ev Aletleri End\u00fcstri Lideri<\/strong> se\u00e7ilirken, Endeks\u2019e <strong>4 sene \u00fcst \u00fcste<\/strong> girme ba\u015far\u0131s\u0131n\u0131 sa\u011flayan ilk ve tek T\u00fcrk sanayi \u015firketi oldu.<\/p>","protected":false},"excerpt":{"rendered":"<p>Sorry, this entry is only available in Turkish. For the sake of viewer convenience, the content is shown below in the alternative language. You may click the link to switch the active language. Ar\u00e7elik, d\u00fcnyan\u0131n ilk s\u00fcrd\u00fcr\u00fclebilir i\u015f ve liderlik dergisi Real Leaders\u2019\u0131n \u00e7evreye ve topluma en fazla katk\u0131 yapan \u015firketlere yer verdi\u011fi Top 150 [&hellip;]<\/p>\n","protected":false},"author":1,"featured_media":127026,"comment_status":"open","ping_status":"open","sticky":false,"template":"","format":"standard","meta":[],"categories":[53,52],"tags":[84851,79990,52259,32744,84850,84848,57125,84849],"views":124,"_links":{"self":[{"href":"https:\/\/www.enerjigazetesi.ist\/en\/wp-json\/wp\/v2\/posts\/127023"}],"collection":[{"href":"https:\/\/www.enerjigazetesi.ist\/en\/wp-json\/wp\/v2\/posts"}],"about":[{"href":"https:\/\/www.enerjigazetesi.ist\/en\/wp-json\/wp\/v2\/types\/post"}],"author":[{"embeddable":true,"href":"https:\/\/www.enerjigazetesi.ist\/en\/wp-json\/wp\/v2\/users\/1"}],"replies":[{"embeddable":true,"href":"https:\/\/www.enerjigazetesi.ist\/en\/wp-json\/wp\/v2\/comments?post=127023"}],"version-history":[{"count":0,"href":"https:\/\/www.enerjigazetesi.ist\/en\/wp-json\/wp\/v2\/posts\/127023\/revisions"}],"wp:featuredmedia":[{"embeddable":true,"href":"https:\/\/www.enerjigazetesi.ist\/en\/wp-json\/wp\/v2\/media\/127026"}],"wp:attachment":[{"href":"https:\/\/www.enerjigazetesi.ist\/en\/wp-json\/wp\/v2\/media?parent=127023"}],"wp:term":[{"taxonomy":"category","embeddable":true,"href":"https:\/\/www.enerjigazetesi.ist\/en\/wp-json\/wp\/v2\/categories?post=127023"},{"taxonomy":"post_tag","embeddable":true,"href":"https:\/\/www.enerjigazetesi.ist\/en\/wp-json\/wp\/v2\/tags?post=127023"}],"curies":[{"name":"wp","href":"https:\/\/api.w.org\/{rel}","templated":true}]}}