{"id":126934,"date":"2021-01-12T13:06:07","date_gmt":"2021-01-12T10:06:07","guid":{"rendered":"https:\/\/www.enerjigazetesi.ist\/?p=126934"},"modified":"2021-01-12T13:08:12","modified_gmt":"2021-01-12T10:08:12","slug":"yerli-aksam-yonetmeligine-yonelik-gorus-ve-oneriler-alinmaya-baslandi","status":"publish","type":"post","link":"https:\/\/www.enerjigazetesi.ist\/en\/yerli-aksam-yonetmeligine-yonelik-gorus-ve-oneriler-alinmaya-baslandi\/","title":{"rendered":"(Turkish) &#8217;Yerli Aksam Y\u00f6netmeli\u011fi&#8217;ne Y\u00f6nelik G\u00f6r\u00fc\u015f ve \u00d6neriler Al\u0131nmaya Ba\u015fland\u0131!"},"content":{"rendered":"<p class=\"qtranxs-available-languages-message qtranxs-available-languages-message-en\">Sorry, this entry is only available in <a href=\"https:\/\/www.enerjigazetesi.ist\/tr\/wp-json\/wp\/v2\/posts\/126934\" class=\"qtranxs-available-language-link qtranxs-available-language-link-tr\" title=\"Turkish\">Turkish<\/a>. For the sake of viewer convenience, the content is shown below in the alternative language. You may click the link to switch the active language.<\/p><p><\/p>\n<h1><strong>Enerji ve Tabii Kaynaklar Bakanl\u0131\u011f\u0131 taraf\u0131ndan 30.06.2021 sonras\u0131 d\u00f6nemlere y\u00f6nelik bakanl\u0131k\u00e7a meydana getirilen taslak \u201cYerli Aksam <img loading=\"lazy\" class=\"alignright wp-image-126936\" src=\"https:\/\/www.enerjigazetesi.ist\/wp-content\/uploads\/2021\/01\/yerli-aksam-yonetmeligine-yonelik-gorus-ve-oneriler-alinmaya-baslandi.jpg\" alt=\"\" width=\"320\" height=\"240\" srcset=\"https:\/\/www.enerjigazetesi.ist\/wp-content\/uploads\/2021\/01\/yerli-aksam-yonetmeligine-yonelik-gorus-ve-oneriler-alinmaya-baslandi.jpg 640w, https:\/\/www.enerjigazetesi.ist\/wp-content\/uploads\/2021\/01\/yerli-aksam-yonetmeligine-yonelik-gorus-ve-oneriler-alinmaya-baslandi-300x225.jpg 300w, https:\/\/www.enerjigazetesi.ist\/wp-content\/uploads\/2021\/01\/yerli-aksam-yonetmeligine-yonelik-gorus-ve-oneriler-alinmaya-baslandi-500x375.jpg 500w, https:\/\/www.enerjigazetesi.ist\/wp-content\/uploads\/2021\/01\/yerli-aksam-yonetmeligine-yonelik-gorus-ve-oneriler-alinmaya-baslandi-67x50.jpg 67w\" sizes=\"(max-width: 320px) 100vw, 320px\" \/>Y\u00f6netmeli\u011fi\u201d i\u00e7in g\u00f6r\u00fc\u015flerin toplad\u0131\u011f\u0131 duyuruldu.<\/strong><\/h1>\n<h2><strong>Bakanl\u0131k\u00e7a yap\u0131lan a\u00e7\u0131klama ise\u00a0<span style=\"text-decoration: underline;\">\u015fu \u015fekildedir:<\/span><\/strong><\/h2>\n<p><strong>30.06.2021<\/strong> sonras\u0131 d\u00f6nem i\u00e7in <strong>Enerji ve Tabii Kaynaklar Bakanl\u0131\u011f\u0131<\/strong>&#8216;nca\u00a0meydana getirilen taslak<strong> \u201cYerli Aksam Y\u00f6netmeli\u011fi\u201d<\/strong> a\u015fa\u011f\u0131daki ba\u011flant\u0131larda bilgilerinize sunulmu\u015ftur.<\/p>\n<p><strong><a tabindex=\"-1\" href=\"https:\/\/gunder.us20.list-manage.com\/track\/click?u=e7d47e454ff5ffee6477ae786&amp;id=e2c4c61874&amp;e=fdd95ae65b\" target=\"_blank\" rel=\"nofollow noopener\">Taslak Yerli Aksam Yo\u0308netmelig\u0306i Ana Hususlar<\/a><\/strong><br \/>\n<strong><a tabindex=\"-1\" role=\"link\" href=\"https:\/\/gunder.us20.list-manage.com\/track\/click?u=e7d47e454ff5ffee6477ae786&amp;id=98d9a4762a&amp;e=fdd95ae65b\" target=\"_blank\" rel=\"nofollow noopener\">Yurt I\u0307c\u0327inde I\u0307mal Edilen Yerli Aksam Listesi (Ek-2)<\/a><\/strong><\/p>\n<p>Bahse konu y\u00f6netmelik tasla\u011f\u0131na y\u00f6nelik <strong>g\u00f6r\u00fc\u015f<\/strong>, <strong>de\u011ferlendirme<\/strong> ve <strong>\u00f6nerileri<\/strong>nizin\u00a0<strong><a href=\"mailto:yerliaksam@enerji.gov.tr\" target=\"_blank\" rel=\"nofollow noopener\"><u>yerliaksam@enerji.gov.tr\u00a0<\/u><\/a>\u00a0<\/strong>adresine en ge\u00e7\u00a0<strong>18.01.2021<\/strong>\u00a0pazartesi mesai bitimine kadar <strong>e-posta yoluyla<\/strong> g\u00f6nderilmesi beklenmektedir.<\/p>","protected":false},"excerpt":{"rendered":"<p>Sorry, this entry is only available in Turkish. For the sake of viewer convenience, the content is shown below in the alternative language. You may click the link to switch the active language. Enerji ve Tabii Kaynaklar Bakanl\u0131\u011f\u0131 taraf\u0131ndan 30.06.2021 sonras\u0131 d\u00f6nemlere y\u00f6nelik bakanl\u0131k\u00e7a meydana getirilen taslak \u201cYerli Aksam Y\u00f6netmeli\u011fi\u201d i\u00e7in g\u00f6r\u00fc\u015flerin toplad\u0131\u011f\u0131 duyuruldu. Bakanl\u0131k\u00e7a [&hellip;]<\/p>\n","protected":false},"author":1,"featured_media":126936,"comment_status":"open","ping_status":"open","sticky":false,"template":"","format":"standard","meta":[],"categories":[51,53,49],"tags":[5557,5070,52259,72900,53157,84802,57125,84801],"views":133,"_links":{"self":[{"href":"https:\/\/www.enerjigazetesi.ist\/en\/wp-json\/wp\/v2\/posts\/126934"}],"collection":[{"href":"https:\/\/www.enerjigazetesi.ist\/en\/wp-json\/wp\/v2\/posts"}],"about":[{"href":"https:\/\/www.enerjigazetesi.ist\/en\/wp-json\/wp\/v2\/types\/post"}],"author":[{"embeddable":true,"href":"https:\/\/www.enerjigazetesi.ist\/en\/wp-json\/wp\/v2\/users\/1"}],"replies":[{"embeddable":true,"href":"https:\/\/www.enerjigazetesi.ist\/en\/wp-json\/wp\/v2\/comments?post=126934"}],"version-history":[{"count":0,"href":"https:\/\/www.enerjigazetesi.ist\/en\/wp-json\/wp\/v2\/posts\/126934\/revisions"}],"wp:featuredmedia":[{"embeddable":true,"href":"https:\/\/www.enerjigazetesi.ist\/en\/wp-json\/wp\/v2\/media\/126936"}],"wp:attachment":[{"href":"https:\/\/www.enerjigazetesi.ist\/en\/wp-json\/wp\/v2\/media?parent=126934"}],"wp:term":[{"taxonomy":"category","embeddable":true,"href":"https:\/\/www.enerjigazetesi.ist\/en\/wp-json\/wp\/v2\/categories?post=126934"},{"taxonomy":"post_tag","embeddable":true,"href":"https:\/\/www.enerjigazetesi.ist\/en\/wp-json\/wp\/v2\/tags?post=126934"}],"curies":[{"name":"wp","href":"https:\/\/api.w.org\/{rel}","templated":true}]}}