{"id":126907,"date":"2021-01-12T10:04:37","date_gmt":"2021-01-12T07:04:37","guid":{"rendered":"https:\/\/www.enerjigazetesi.ist\/?p=126907"},"modified":"2021-01-12T10:10:59","modified_gmt":"2021-01-12T07:10:59","slug":"samsung-electronics-turkiyeye-choi-byung-hee-atandi","status":"publish","type":"post","link":"https:\/\/www.enerjigazetesi.ist\/en\/samsung-electronics-turkiyeye-choi-byung-hee-atandi\/","title":{"rendered":"(Turkish) Samsung Electronics T\u00fcrkiye&#8217;ye &#8216;Choi Byung Hee&#8217; Atand\u0131"},"content":{"rendered":"<p class=\"qtranxs-available-languages-message qtranxs-available-languages-message-en\">Sorry, this entry is only available in <a href=\"https:\/\/www.enerjigazetesi.ist\/tr\/wp-json\/wp\/v2\/posts\/126907\" class=\"qtranxs-available-language-link qtranxs-available-language-link-tr\" title=\"Turkish\">Turkish<\/a>. For the sake of viewer convenience, the content is shown below in the alternative language. You may click the link to switch the active language.<\/p><p><\/p>\n<h1>Samsung Electronics T\u00fcrkiye\u2019de \u00f6nemli bir atama yap\u0131l\u0131rken Samsung Electronics Balt\u0131k \u00dclkeleri Ba\u015fkanl\u0131\u011f\u0131\u2019n\u0131 y\u00fcr\u00fcten Choi Byung Hee, 11 Ocak 2021 tarihi itibariyle Samsung Electronics T\u00fcrkiye Ba\u015fkan\u0131 olarak g\u00f6reve getirildi.<img loading=\"lazy\" class=\"alignright wp-image-126909\" src=\"https:\/\/www.enerjigazetesi.ist\/wp-content\/uploads\/2021\/01\/samsung-electronics-turkiye-ye-choi-byung-hee-atandi.jpg\" alt=\"\" width=\"320\" height=\"329\" srcset=\"https:\/\/www.enerjigazetesi.ist\/wp-content\/uploads\/2021\/01\/samsung-electronics-turkiye-ye-choi-byung-hee-atandi.jpg 480w, https:\/\/www.enerjigazetesi.ist\/wp-content\/uploads\/2021\/01\/samsung-electronics-turkiye-ye-choi-byung-hee-atandi-291x300.jpg 291w, https:\/\/www.enerjigazetesi.ist\/wp-content\/uploads\/2021\/01\/samsung-electronics-turkiye-ye-choi-byung-hee-atandi-389x400.jpg 389w, https:\/\/www.enerjigazetesi.ist\/wp-content\/uploads\/2021\/01\/samsung-electronics-turkiye-ye-choi-byung-hee-atandi-49x50.jpg 49w\" sizes=\"(max-width: 320px) 100vw, 320px\" \/><\/h1>\n<p>2016 y\u0131l\u0131ndan g\u00fcn\u00fcm\u00fcze Samsung Electronics T\u00fcrkiye\u2019de ba\u015fkanl\u0131k yapan <strong>DaeHyun Kim<\/strong>\u2019den g\u00f6revi devralan Choi Byung Hee, 1996 y\u0131l\u0131nda fiber optik ve kablo m\u00fchendisi olarak Samsung Electronics\u2019in G\u00fcney Kore\u2019deki genel merkezinde g\u00f6reve ba\u015flad\u0131.<strong> 1999 &#8211; 2002 tarihleri<\/strong> aras\u0131nda <strong>ABD, Asya<\/strong> ve <strong>Latin Amerika<\/strong>\u2019da<strong> kablo<\/strong> ve<strong> fiber optik kablo<\/strong> sat\u0131\u015f ve pazarlama operasyonlar\u0131ndan sorumlu oldu.<\/p>\n<p>2003 y\u0131l\u0131nda Samsung Electronics\u2019in Hindistan\u2019\u0131n Delhi kentinde yap\u0131lan <strong>\u00f6zel e\u011fitim program\u0131<\/strong>na b\u00f6lgesel uzman olarak kat\u0131lan <strong>Choi Byung Hee<\/strong>, daha sonra <strong>4 y\u0131l<\/strong> boyunca ABD pazar\u0131ndaki<strong> mobil sat\u0131\u015flar\u0131n y\u00f6netimi<\/strong>nden sorumlu olarak <strong>Samsung Electronics<\/strong>\u2019in G\u00fcney Kore\u2019deki merkezinde g\u00f6rev ald\u0131.<\/p>\n<p>2007 y\u0131l\u0131nda <strong>Samsung Electronics<\/strong>\u2019in Global Operasyon Merkezi\u2019nde 2 y\u0131l boyunca tedarik zinciri y\u00f6netimi ve sat\u0131\u015f y\u00f6netiminden sorumlu olarak g\u00f6rev yapan Choi Byung Hee,\u00a0<strong>2009 &#8211; 2014<\/strong> y\u0131llar\u0131 aras\u0131nda<em>\u00a0ABD Mobil Sat\u0131\u015flardan Sorumlu Direkt\u00f6r ve K\u0131demli Direkt\u00f6r<\/em> g\u00f6revlerini \u00fcstlendi. 2015 y\u0131l\u0131nda <strong>Samsung Electronics<\/strong> genel merkezinde Sat\u0131\u015f ve Pazarlama ekibi i\u00e7erisinde g\u00f6rev alan <strong>Byung Hee<\/strong>, Samsung Electronics T\u00fcrkiye\u2019de <strong>ba\u015fkanl\u0131k g\u00f6revine<\/strong> getirilmeden \u00f6nce son olarak <strong>Aral\u0131k 2015<\/strong> tarihinden bu yana Samsung Electronics <strong>Balt\u0131k \u00dclkeleri Ba\u015fkanl\u0131\u011f\u0131\u2019n\u0131<\/strong> yap\u0131yordu.<\/p>","protected":false},"excerpt":{"rendered":"<p>Sorry, this entry is only available in Turkish. For the sake of viewer convenience, the content is shown below in the alternative language. You may click the link to switch the active language. Samsung Electronics T\u00fcrkiye\u2019de \u00f6nemli bir atama yap\u0131l\u0131rken Samsung Electronics Balt\u0131k \u00dclkeleri Ba\u015fkanl\u0131\u011f\u0131\u2019n\u0131 y\u00fcr\u00fcten Choi Byung Hee, 11 Ocak 2021 tarihi itibariyle Samsung [&hellip;]<\/p>\n","protected":false},"author":1,"featured_media":126910,"comment_status":"open","ping_status":"open","sticky":false,"template":"","format":"standard","meta":[],"categories":[51,53,157],"tags":[73887,84779,84778,52259,73432,84774,37973,84776,84775,80025,84777,65918],"views":106,"_links":{"self":[{"href":"https:\/\/www.enerjigazetesi.ist\/en\/wp-json\/wp\/v2\/posts\/126907"}],"collection":[{"href":"https:\/\/www.enerjigazetesi.ist\/en\/wp-json\/wp\/v2\/posts"}],"about":[{"href":"https:\/\/www.enerjigazetesi.ist\/en\/wp-json\/wp\/v2\/types\/post"}],"author":[{"embeddable":true,"href":"https:\/\/www.enerjigazetesi.ist\/en\/wp-json\/wp\/v2\/users\/1"}],"replies":[{"embeddable":true,"href":"https:\/\/www.enerjigazetesi.ist\/en\/wp-json\/wp\/v2\/comments?post=126907"}],"version-history":[{"count":0,"href":"https:\/\/www.enerjigazetesi.ist\/en\/wp-json\/wp\/v2\/posts\/126907\/revisions"}],"wp:featuredmedia":[{"embeddable":true,"href":"https:\/\/www.enerjigazetesi.ist\/en\/wp-json\/wp\/v2\/media\/126910"}],"wp:attachment":[{"href":"https:\/\/www.enerjigazetesi.ist\/en\/wp-json\/wp\/v2\/media?parent=126907"}],"wp:term":[{"taxonomy":"category","embeddable":true,"href":"https:\/\/www.enerjigazetesi.ist\/en\/wp-json\/wp\/v2\/categories?post=126907"},{"taxonomy":"post_tag","embeddable":true,"href":"https:\/\/www.enerjigazetesi.ist\/en\/wp-json\/wp\/v2\/tags?post=126907"}],"curies":[{"name":"wp","href":"https:\/\/api.w.org\/{rel}","templated":true}]}}