{"id":126891,"date":"2021-01-11T15:37:24","date_gmt":"2021-01-11T12:37:24","guid":{"rendered":"https:\/\/www.enerjigazetesi.ist\/?p=126891"},"modified":"2021-01-11T15:37:24","modified_gmt":"2021-01-11T12:37:24","slug":"golbasi-nin-parklari-gunes-enerjisiyle-evleri-ise-su-tasarrufu-yla-kalkiniyor","status":"publish","type":"post","link":"https:\/\/www.enerjigazetesi.ist\/en\/golbasi-nin-parklari-gunes-enerjisiyle-evleri-ise-su-tasarrufu-yla-kalkiniyor\/","title":{"rendered":"(Turkish) G\u00f6lba\u015f\u0131&#8217;n\u0131n Parklar\u0131 G\u00fcne\u015f Enerjisiyle, Evleri ise Su Tasarrufuyla Kalk\u0131n\u0131yor"},"content":{"rendered":"<p class=\"qtranxs-available-languages-message qtranxs-available-languages-message-en\">Sorry, this entry is only available in <a href=\"https:\/\/www.enerjigazetesi.ist\/tr\/wp-json\/wp\/v2\/posts\/126891\" class=\"qtranxs-available-language-link qtranxs-available-language-link-tr\" title=\"Turkish\">Turkish<\/a>. For the sake of viewer convenience, the content is shown below in the alternative language. You may click the link to switch the active language.<\/p><p><\/p>\n<h1>G\u00f6lba\u015f\u0131 Belediyesi geri d\u00f6n\u00fc\u015f\u00fcme verdi\u011fi \u00f6nem kapsam\u0131nda \u00e7al\u0131\u015fmalar\u0131na devam ediyor. \u201cM\u00fccadelemiz daha ya\u015fanabilir bir gelecek i\u00e7in\u201d diyen Ramazan \u015eim\u015fek \u201c11-17 Ocak Enerji Tasarrufu Haftas\u0131\u2019na \u00f6zel a\u00e7\u0131klamalarda bulundu.<\/h1>\n<p><strong>Enerji tasarrufu<\/strong>na verdi\u011fi \u00f6nemin her f\u0131rsatta alt\u0131n\u0131 \u00e7izen G\u00f6lba\u015f\u0131 Belediye Ba\u015fkan\u0131 <strong>Ramazan \u015eim\u015fek<\/strong> parklarda hayata ge\u00e7irdikleri <strong>G\u00fcne\u015f Enerjisi Sistemi<\/strong> ve <strong>Gri Sular\u0131n Geri Kazand\u0131r\u0131lmas\u0131 Projesi<\/strong>\u2019nin detaylar\u0131n\u0131 payla\u015ft\u0131. \u00a0Parklara<strong> g\u00fcne\u015f enerjili ayd\u0131nlatma<\/strong> dire\u011fi <img loading=\"lazy\" class=\"alignright wp-image-126894\" src=\"https:\/\/www.enerjigazetesi.ist\/wp-content\/uploads\/2021\/01\/golbasi-nin-parklari-gunes-enerjisiyle-evleri-ise-su-tasarrufu-yla-kalkiniyor-2.jpg\" alt=\"\" width=\"320\" height=\"212\" srcset=\"https:\/\/www.enerjigazetesi.ist\/wp-content\/uploads\/2021\/01\/golbasi-nin-parklari-gunes-enerjisiyle-evleri-ise-su-tasarrufu-yla-kalkiniyor-2.jpg 735w, https:\/\/www.enerjigazetesi.ist\/wp-content\/uploads\/2021\/01\/golbasi-nin-parklari-gunes-enerjisiyle-evleri-ise-su-tasarrufu-yla-kalkiniyor-2-300x199.jpg 300w, https:\/\/www.enerjigazetesi.ist\/wp-content\/uploads\/2021\/01\/golbasi-nin-parklari-gunes-enerjisiyle-evleri-ise-su-tasarrufu-yla-kalkiniyor-2-500x332.jpg 500w, https:\/\/www.enerjigazetesi.ist\/wp-content\/uploads\/2021\/01\/golbasi-nin-parklari-gunes-enerjisiyle-evleri-ise-su-tasarrufu-yla-kalkiniyor-2-75x50.jpg 75w, https:\/\/www.enerjigazetesi.ist\/wp-content\/uploads\/2021\/01\/golbasi-nin-parklari-gunes-enerjisiyle-evleri-ise-su-tasarrufu-yla-kalkiniyor-2-450x300.jpg 450w\" sizes=\"(max-width: 320px) 100vw, 320px\" \/>yerle\u015ftirdiklerini aktaran Ramazan \u015eim\u015fek <em>\u201cParklar\u0131m\u0131z art\u0131k kendi enerjisini \u00fcretiyor. \u00a0G\u00fcne\u015f enerjili ayd\u0131nlatma dire\u011fi sayesinde elektrikten<strong> %100 tasarruf<\/strong> sa\u011flan\u0131yor. Herhangi bir elektrik ba\u011flant\u0131s\u0131 ve <strong>alt yap\u0131 gereksinimi<\/strong> olmadan <strong>ayd\u0131nlatma dire\u011fi<\/strong> g\u00fcne\u015f \u0131\u015f\u0131\u011f\u0131n\u0131 <strong>depo<\/strong> ediyor ve hava karard\u0131\u011f\u0131 zaman d<strong>irek ayd\u0131nlatmaya<\/strong> ba\u015fl\u0131yor. Bu sayede<strong> 4 saatlik<\/strong> g\u00fcne\u015f \u0131\u015f\u0131\u011f\u0131 deposu ile <strong>24 saat<\/strong> ayd\u0131nl\u0131k verebiliyor\u201d<\/em> ifadelerini kulland\u0131.<\/p>\n<p><strong>Kurakl\u0131\u011fa<\/strong> ve <strong>suyun \u00f6nemine<\/strong> dikkat \u00e7ekmek i\u00e7in ise ge\u00e7en<strong> \u015eubat<\/strong> ay\u0131nda <strong>Gri Sular\u0131n Geri Kazan\u0131lmas\u0131 projesi<\/strong>ni hayata ge\u00e7irdiklerini ve <strong>projenin konutlarda uygulanmaya<\/strong> ba\u015flad\u0131\u011f\u0131n\u0131 hat\u0131rlatan \u015eim\u015fek \u201c<em>Ankara\u2019m\u0131za ve suyumuza sahip \u00e7\u0131kmak i\u00e7in G\u00f6lba\u015f\u0131\u2019nda yap\u0131lacak olan her yeni yap\u0131, <strong>gri sular\u0131n geri d\u00f6n\u00fc\u015f\u00fcm\u00fc<\/strong>ne uygun olarak in\u015fa edilmeye ba\u015fland\u0131. Bu sayede suyun bir kereden fazla kullan\u0131m\u0131n\u0131 sa\u011flam\u0131\u015f olduk\u201d<\/em> a\u00e7\u0131klamas\u0131nda bulundu.<\/p>\n<h2><strong>Amac\u0131m\u0131z g\u00fcne\u015f enerjisi ile tasarruf<\/strong><\/h2>\n<p><strong>G\u00fcne\u015f enerji sistemi<\/strong> sayesinde elektrik israf\u0131na son vermeyi ama\u00e7lad\u0131klar\u0131n\u0131n alt\u0131n\u0131 \u00e7izen Ba\u015fkan Ramazan \u015eim\u015fek <em>\u201cG\u00fcne\u015f enerjisi ile ayd\u0131nlatma sa\u011flayan direklerimiz sayesinde G\u00f6lba\u015f\u0131m\u0131zda tasarruf, insanlar\u0131m\u0131zda da <strong>\u00e7evre bilinci olu\u015fturmay\u0131<\/strong> ama\u00e7l\u0131yoruz. Hedefimiz daha \u00e7ok alanda bu g\u00fcne\u015f enerjisi ile <strong>ayd\u0131nlatma sisteminin kurulumunu<\/strong> sa\u011flamak. Amac\u0131m\u0131z ise hem <strong>do\u011faya<\/strong> duyarl\u0131 hem de <strong>toplumsal duyarl\u0131l\u0131k odakl\u0131<\/strong> bir G\u00f6lba\u015f\u0131\u2019n\u0131 gelecek nesillere b\u0131rakmak\u201d<\/em> dedi.<\/p>\n<h2><strong>T\u00fcrkiye\u2019de ilk kez hayata ge\u00e7en \u00f6rnek proje<\/strong><\/h2>\n<p>Hayata ge\u00e7irdikleri <strong>Gri Sular\u0131n Geri kazand\u0131r\u0131lmas\u0131 projesi<\/strong> ile bir ilke imza att\u0131klar\u0131n\u0131 s\u00f6yleyen Ba\u015fkan Ramazan \u015eim\u015fek <em>\u201cD\u00fcnyan\u0131n do\u011fal kaynaklar\u0131n\u0131n t\u00fckenmeye y\u00fcz tuttu\u011fu g\u00fcn\u00fcm\u00fczde su insan\u0131n ya\u015fam unsuru olarak \u00f6n plana \u00e7\u0131k\u0131yor. Bu sebeple en modern uygulamalar i\u00e7erisinde yer alan at\u0131k su sistemlerinin aras\u0131nda bulunan<strong> gri su sistemleri<\/strong> olduk\u00e7a \u00f6nemli bir yerde duruyor. T\u00fcrkiye\u2019de bir ki\u015fi g\u00fcnde ortalama <strong>200 lt su<\/strong> t\u00fcketiyor. Bu<strong> 200 lt<\/strong> suyun <strong>40 lt<\/strong> si tuvaletlere, <strong>%10<\/strong> u bah\u00e7eye harcan\u0131yor. Projemiz sayesinde; <strong>k\u00fcvet, lavabo<\/strong> ve<strong> du\u015ftan gelen gri sular<\/strong> ar\u0131t\u0131larak, ya\u011fmur sular\u0131 ise <strong>depolanarak sulama, y\u0131kama<\/strong> ve<strong> rezervuar suyu<\/strong> olarak kullan\u0131lacak. Bu sayede ortalama olarak g\u00fcnde ki\u015fi ba\u015f\u0131 <strong>50 lt su<\/strong> tasarrufu sa\u011flayaca\u011f\u0131z. <strong>Gri sular\u0131n geri d\u00f6n\u00fc\u015f\u00fcm\u00fc<\/strong> ile su t\u00fcketimi azal\u0131rken, t\u00fcketicinin cebine de olumlu yans\u0131yor. Faturalarda <strong>% 50<\/strong>\u2019ye varan oranlarda d\u00fc\u015f\u00fc\u015f sa\u011flayan uygulamayla <strong>\u015febeke suyu da\u011f\u0131t\u0131m sistemi<\/strong> rahatl\u0131yor ve<strong> at\u0131k su miktar\u0131<\/strong> da d\u00fc\u015fm\u00fc\u015f oluyor. Bu T\u00fcrkiye\u2019de ilk kez bir belediyenin hayata ge\u00e7irdi\u011fi ve gelecek nesillere daha g\u00fczel bir \u00fclke b\u0131rakmak i\u00e7in \u00f6rnek bir proje\u201d<\/em> diye konu\u015ftu.<\/p>","protected":false},"excerpt":{"rendered":"<p>Sorry, this entry is only available in Turkish. For the sake of viewer convenience, the content is shown below in the alternative language. You may click the link to switch the active language. G\u00f6lba\u015f\u0131 Belediyesi geri d\u00f6n\u00fc\u015f\u00fcme verdi\u011fi \u00f6nem kapsam\u0131nda \u00e7al\u0131\u015fmalar\u0131na devam ediyor. \u201cM\u00fccadelemiz daha ya\u015fanabilir bir gelecek i\u00e7in\u201d diyen Ramazan \u015eim\u015fek \u201c11-17 Ocak Enerji [&hellip;]<\/p>\n","protected":false},"author":1,"featured_media":126895,"comment_status":"open","ping_status":"open","sticky":false,"template":"","format":"standard","meta":[],"categories":[51,53,49],"tags":[52259,35423,84758,84760,84761,81784,53157,84759,70786,84665,51627],"views":117,"_links":{"self":[{"href":"https:\/\/www.enerjigazetesi.ist\/en\/wp-json\/wp\/v2\/posts\/126891"}],"collection":[{"href":"https:\/\/www.enerjigazetesi.ist\/en\/wp-json\/wp\/v2\/posts"}],"about":[{"href":"https:\/\/www.enerjigazetesi.ist\/en\/wp-json\/wp\/v2\/types\/post"}],"author":[{"embeddable":true,"href":"https:\/\/www.enerjigazetesi.ist\/en\/wp-json\/wp\/v2\/users\/1"}],"replies":[{"embeddable":true,"href":"https:\/\/www.enerjigazetesi.ist\/en\/wp-json\/wp\/v2\/comments?post=126891"}],"version-history":[{"count":0,"href":"https:\/\/www.enerjigazetesi.ist\/en\/wp-json\/wp\/v2\/posts\/126891\/revisions"}],"wp:featuredmedia":[{"embeddable":true,"href":"https:\/\/www.enerjigazetesi.ist\/en\/wp-json\/wp\/v2\/media\/126895"}],"wp:attachment":[{"href":"https:\/\/www.enerjigazetesi.ist\/en\/wp-json\/wp\/v2\/media?parent=126891"}],"wp:term":[{"taxonomy":"category","embeddable":true,"href":"https:\/\/www.enerjigazetesi.ist\/en\/wp-json\/wp\/v2\/categories?post=126891"},{"taxonomy":"post_tag","embeddable":true,"href":"https:\/\/www.enerjigazetesi.ist\/en\/wp-json\/wp\/v2\/tags?post=126891"}],"curies":[{"name":"wp","href":"https:\/\/api.w.org\/{rel}","templated":true}]}}