{"id":126798,"date":"2021-01-10T12:28:02","date_gmt":"2021-01-10T09:28:02","guid":{"rendered":"https:\/\/www.enerjigazetesi.ist\/?p=126798"},"modified":"2021-01-10T12:28:41","modified_gmt":"2021-01-10T09:28:41","slug":"iklim-degisikligi-uyum-hibe-programi-soru-ve-cevaplari-yayimlandi","status":"publish","type":"post","link":"https:\/\/www.enerjigazetesi.ist\/en\/iklim-degisikligi-uyum-hibe-programi-soru-ve-cevaplari-yayimlandi\/","title":{"rendered":"(Turkish) \u0130klim De\u011fi\u015fikli\u011fi Uyum Hibe Program\u0131 Soru ve Cevaplar\u0131 Yay\u0131mland\u0131"},"content":{"rendered":"<p class=\"qtranxs-available-languages-message qtranxs-available-languages-message-en\">Sorry, this entry is only available in <a href=\"https:\/\/www.enerjigazetesi.ist\/tr\/wp-json\/wp\/v2\/posts\/126798\" class=\"qtranxs-available-language-link qtranxs-available-language-link-tr\" title=\"Turkish\">Turkish<\/a>. For the sake of viewer convenience, the content is shown below in the alternative language. You may click the link to switch the active language.<\/p><p><\/p>\n<h1>\u00c7evre ve \u015eehircilik Bakanl\u0131\u011f\u0131 taraf\u0131ndan Avrupa Birli\u011fi ve D\u0131\u015f \u0130li\u015fkiler Genel M\u00fcd\u00fcrl\u00fc\u011f\u00fc\u00a0<strong>&#8216;\u0130klim De\u011fi\u015fikli\u011fine Uyum Hibe Program\u0131&#8217;na y\u00f6nelik<\/strong>\u00a0<strong>soru, cevap<\/strong> ve <img loading=\"lazy\" class=\"alignright wp-image-126800\" src=\"https:\/\/www.enerjigazetesi.ist\/wp-content\/uploads\/2021\/01\/iklim-degisikligi-uyum-hibe-programi-soru-ve-cevaplari-yayimlandi.jpg\" alt=\"\" width=\"320\" height=\"160\" srcset=\"https:\/\/www.enerjigazetesi.ist\/wp-content\/uploads\/2021\/01\/iklim-degisikligi-uyum-hibe-programi-soru-ve-cevaplari-yayimlandi.jpg 614w, https:\/\/www.enerjigazetesi.ist\/wp-content\/uploads\/2021\/01\/iklim-degisikligi-uyum-hibe-programi-soru-ve-cevaplari-yayimlandi-300x150.jpg 300w, https:\/\/www.enerjigazetesi.ist\/wp-content\/uploads\/2021\/01\/iklim-degisikligi-uyum-hibe-programi-soru-ve-cevaplari-yayimlandi-500x250.jpg 500w, https:\/\/www.enerjigazetesi.ist\/wp-content\/uploads\/2021\/01\/iklim-degisikligi-uyum-hibe-programi-soru-ve-cevaplari-yayimlandi-80x40.jpg 80w\" sizes=\"(max-width: 320px) 100vw, 320px\" \/><strong>de\u011fi\u015fiklikleri Aral\u0131k ay\u0131nda<\/strong>\u00a0yay\u0131mlad\u0131.<\/h1>\n<p><strong>Avrupa Birli\u011fi<\/strong> ve<strong> T\u00fcrkiye Cumhuriyeti<\/strong> taraf\u0131ndan finanse edilecek ve<strong> Birle\u015fmi\u015f Milletler Kalk\u0131nma Program\u0131 (UNDP)<\/strong> deste\u011fiyle <strong>\u00c7evre ve \u015eehircilik Bakanl\u0131\u011f\u0131<\/strong>&#8216;nca y\u00fcr\u00fct\u00fclecek\u00a0<strong>\u201c\u0130klim De\u011fi\u015fikli\u011fine Uyum Hibe Program\u0131\u201dn\u0131n<\/strong>\u00a0<strong>6,8 milyon avro<\/strong>&#8216;luk bir b\u00fct\u00e7esi bulunmaktad\u0131r.<\/p>\n<p><em>Sivil toplum kurulu\u015flar\u0131, belediyeler, yerel y\u00f6netimler, \u00fcniversiteler veya ara\u015ft\u0131rma kurumlar\u0131 \/ merkezleri, kalk\u0131nma ajanslar\u0131, kar amac\u0131 g\u00fctmeyen sendikalar, kooperatifler, odalar, meslek kurulu\u015flar\u0131 gibi yerel\u00a0 i\u015fletme<\/em> ve<em> \u00f6zel sekt\u00f6r\u00fc temsil eden kurulu\u015flarca<\/em> programa ba\u015fvurma yapma hakk\u0131 bulunmaktad\u0131r.<\/p>\n<p>\u0130lgili belgelere ise:\u00a0<a href=\"https:\/\/mis.csb.gov.tr\/search.jsp\" target=\"_blank\" rel=\"nofollow noopener\">https:\/\/mis.csb.gov.tr\/search.jsp<\/a> adresinden ula\u015fabilirsiniz.<\/p>","protected":false},"excerpt":{"rendered":"<p>Sorry, this entry is only available in Turkish. For the sake of viewer convenience, the content is shown below in the alternative language. You may click the link to switch the active language. \u00c7evre ve \u015eehircilik Bakanl\u0131\u011f\u0131 taraf\u0131ndan Avrupa Birli\u011fi ve D\u0131\u015f \u0130li\u015fkiler Genel M\u00fcd\u00fcrl\u00fc\u011f\u00fc\u00a0&#8216;\u0130klim De\u011fi\u015fikli\u011fine Uyum Hibe Program\u0131&#8217;na y\u00f6nelik\u00a0soru, cevap ve de\u011fi\u015fiklikleri Aral\u0131k ay\u0131nda\u00a0yay\u0131mlad\u0131. [&hellip;]<\/p>\n","protected":false},"author":1,"featured_media":126800,"comment_status":"open","ping_status":"open","sticky":false,"template":"","format":"standard","meta":[],"categories":[53,52],"tags":[2132,55424,2199,52259,4531,84699,57125,15374],"views":114,"_links":{"self":[{"href":"https:\/\/www.enerjigazetesi.ist\/en\/wp-json\/wp\/v2\/posts\/126798"}],"collection":[{"href":"https:\/\/www.enerjigazetesi.ist\/en\/wp-json\/wp\/v2\/posts"}],"about":[{"href":"https:\/\/www.enerjigazetesi.ist\/en\/wp-json\/wp\/v2\/types\/post"}],"author":[{"embeddable":true,"href":"https:\/\/www.enerjigazetesi.ist\/en\/wp-json\/wp\/v2\/users\/1"}],"replies":[{"embeddable":true,"href":"https:\/\/www.enerjigazetesi.ist\/en\/wp-json\/wp\/v2\/comments?post=126798"}],"version-history":[{"count":0,"href":"https:\/\/www.enerjigazetesi.ist\/en\/wp-json\/wp\/v2\/posts\/126798\/revisions"}],"wp:featuredmedia":[{"embeddable":true,"href":"https:\/\/www.enerjigazetesi.ist\/en\/wp-json\/wp\/v2\/media\/126800"}],"wp:attachment":[{"href":"https:\/\/www.enerjigazetesi.ist\/en\/wp-json\/wp\/v2\/media?parent=126798"}],"wp:term":[{"taxonomy":"category","embeddable":true,"href":"https:\/\/www.enerjigazetesi.ist\/en\/wp-json\/wp\/v2\/categories?post=126798"},{"taxonomy":"post_tag","embeddable":true,"href":"https:\/\/www.enerjigazetesi.ist\/en\/wp-json\/wp\/v2\/tags?post=126798"}],"curies":[{"name":"wp","href":"https:\/\/api.w.org\/{rel}","templated":true}]}}